{"id":267322,"date":"2025-05-28T08:30:00","date_gmt":"2025-05-28T06:30:00","guid":{"rendered":"https:\/\/www.tucomarca.com\/wordpress\/segunda\/?p=267322"},"modified":"2025-05-28T14:38:19","modified_gmt":"2025-05-28T12:38:19","slug":"la-mancomunidad-hoya-de-bunol-chiva-apuesta-por-el-turismo-como-motor-de-desarrollo-rural-y-presenta-sus-propuestas-a-la-diputacio-de-valencia","status":"publish","type":"post","link":"https:\/\/www.tucomarca.com\/wordpress\/segunda\/la-mancomunidad-hoya-de-bunol-chiva-apuesta-por-el-turismo-como-motor-de-desarrollo-rural-y-presenta-sus-propuestas-a-la-diputacio-de-valencia\/","title":{"rendered":"La Mancomunidad Hoya de Bu\u00f1ol Chiva apuesta por el turismo como motor de desarrollo rural y presenta sus propuestas a la Diputaci\u00f3 de Val\u00e9ncia"},"content":{"rendered":"\n<p>La Mancomunidad refuerza su estrategia para dinamizar el interior con iniciativas centradas en sostenibilidad, proximidad y puesta en valor del patrimonio natural y gastron\u00f3mico.<\/p>\n\n\n\n<p>La Mancomunidad Hoya de Bu\u00f1ol Chiva ha dado un nuevo paso en su estrategia para posicionarse como destino de turismo de interior. El presidente de la entidad y alcalde de Dos Aguas, Toni D\u00edaz, acompa\u00f1ado por la vicepresidenta y alcaldesa de Godelleta, Amparo Pardo, ha presentado al diputado de Turismo de la Diputaci\u00f3n de Valencia, Pedro Cuesta, una bater\u00eda de propuestas dise\u00f1adas para dinamizar el sector tur\u00edstico en la comarca.<\/p>\n\n\n\n<p>Durante el encuentro, celebrado en la sede de la Diputaci\u00f3n, se abordaron distintas l\u00edneas de colaboraci\u00f3n que permitan reforzar la identidad tur\u00edstica del territorio, una zona con un alto potencial por su cercan\u00eda a la ciudad de Valencia y por contar con un entorno natural privilegiado y una gastronom\u00eda singular.<\/p>\n\n\n\n<p>\u201cLa uni\u00f3n de los municipios en torno a la Mancomunidad nos permite afrontar los retos de futuro con una visi\u00f3n compartida. El turismo es una palanca clave para el desarrollo local y la generaci\u00f3n de oportunidades\u201d, ha destacado Toni D\u00edaz.<\/p>\n\n\n\n<p>Esta reuni\u00f3n se enmarca en la l\u00ednea de trabajo abierta por la Mancomunidad, que ya ha mantenido encuentros con las \u00e1reas de Desarrollo Rural y Servicios Sociales de la Diputaci\u00f3n. El objetivo es dar a conocer las necesidades reales del territorio y coordinar pol\u00edticas supramunicipales que impulsen el crecimiento equilibrado de la comarca.<\/p>\n\n\n\n<p>La iniciativa entronca con la estrategia de la Diputaci\u00f3n de Valencia en materia de turismo de interior, centrada en promover destinos sostenibles, de proximidad y con identidad propia. Una apuesta que busca diversificar la oferta tur\u00edstica provincial, atraer visitantes a zonas menos masificadas y reforzar el tejido econ\u00f3mico de las comarcas rurales.<\/p>\n\n\n\n<p>La Hoya de Bu\u00f1olChiva se postula as\u00ed como un destino emergente que, a menos de una hora de Valencia capital, combina naturaleza, tradici\u00f3n y autenticidad en un entorno por descubrir.<\/p>\n","protected":false},"excerpt":{"rendered":"<div class=\"mh-excerpt\">La Mancomunidad refuerza su estrategia para dinamizar el interior con iniciativas centradas en sostenibilidad, proximidad y puesta en valor del patrimonio natural y gastron\u00f3mico. La Mancomunidad Hoya de Bu\u00f1ol Chiva ha dado un nuevo paso <a class=\"mh-excerpt-more\" href=\"https:\/\/www.tucomarca.com\/wordpress\/segunda\/la-mancomunidad-hoya-de-bunol-chiva-apuesta-por-el-turismo-como-motor-de-desarrollo-rural-y-presenta-sus-propuestas-a-la-diputacio-de-valencia\/\" title=\"La Mancomunidad Hoya de Bu\u00f1ol Chiva apuesta por el turismo como motor de desarrollo rural y presenta sus propuestas a la Diputaci\u00f3 de Val\u00e9ncia\">[+] <\/a><\/div>\n","protected":false},"author":12,"featured_media":267323,"comment_status":"open","ping_status":"open","sticky":false,"template":"","format":"standard","meta":{"footnotes":""},"categories":[19,18,17,16,15,14,128,8,10,13,142,3,12,11],"tags":[6280,5952,10780],"class_list":{"0":"post-267322","1":"post","2":"type-post","3":"status-publish","4":"format-standard","5":"has-post-thumbnail","7":"category-alborache","8":"category-bunol","9":"category-cheste","10":"category-chiva","11":"category-dos-aguas","12":"category-godelleta","13":"category-infraestructuras","14":"category-la-comarca","15":"category-la-hoya","16":"category-macastre","17":"category-politica-la-comarca","18":"category-seccion","19":"category-siete-aguas","20":"category-yatova","21":"tag-desarrollo","22":"tag-la-hoya-de-bunol-chiva","23":"tag-mancomunidad-hoya-de-bunol-chiva"},"_links":{"self":[{"href":"https:\/\/www.tucomarca.com\/wordpress\/segunda\/wp-json\/wp\/v2\/posts\/267322","targetHints":{"allow":["GET"]}}],"collection":[{"href":"https:\/\/www.tucomarca.com\/wordpress\/segunda\/wp-json\/wp\/v2\/posts"}],"about":[{"href":"https:\/\/www.tucomarca.com\/wordpress\/segunda\/wp-json\/wp\/v2\/types\/post"}],"author":[{"embeddable":true,"href":"https:\/\/www.tucomarca.com\/wordpress\/segunda\/wp-json\/wp\/v2\/users\/12"}],"replies":[{"embeddable":true,"href":"https:\/\/www.tucomarca.com\/wordpress\/segunda\/wp-json\/wp\/v2\/comments?post=267322"}],"version-history":[{"count":0,"href":"https:\/\/www.tucomarca.com\/wordpress\/segunda\/wp-json\/wp\/v2\/posts\/267322\/revisions"}],"wp:featuredmedia":[{"embeddable":true,"href":"https:\/\/www.tucomarca.com\/wordpress\/segunda\/wp-json\/wp\/v2\/media\/267323"}],"wp:attachment":[{"href":"https:\/\/www.tucomarca.com\/wordpress\/segunda\/wp-json\/wp\/v2\/media?parent=267322"}],"wp:term":[{"taxonomy":"category","embeddable":true,"href":"https:\/\/www.tucomarca.com\/wordpress\/segunda\/wp-json\/wp\/v2\/categories?post=267322"},{"taxonomy":"post_tag","embeddable":true,"href":"https:\/\/www.tucomarca.com\/wordpress\/segunda\/wp-json\/wp\/v2\/tags?post=267322"}],"curies":[{"name":"wp","href":"https:\/\/api.w.org\/{rel}","templated":true}]}}