{"id":267514,"date":"2025-06-04T09:30:00","date_gmt":"2025-06-04T07:30:00","guid":{"rendered":"https:\/\/www.tucomarca.com\/wordpress\/segunda\/?p=267514"},"modified":"2025-06-04T11:20:42","modified_gmt":"2025-06-04T09:20:42","slug":"el-cd-bunol-convoca-su-asamblea-general-de-socios-para-el-proximo-10-de-junio","status":"publish","type":"post","link":"https:\/\/www.tucomarca.com\/wordpress\/segunda\/el-cd-bunol-convoca-su-asamblea-general-de-socios-para-el-proximo-10-de-junio\/","title":{"rendered":"El CD Bu\u00f1ol convoca su Asamblea general de socios para el pr\u00f3ximo 10 de junio"},"content":{"rendered":"\n<p>El <strong>Club Deportivo Bu\u00f1ol<\/strong> ha convocado a sus socios y socias a la celebraci\u00f3n de la <strong>Asamblea General<\/strong>, que tendr\u00e1 lugar el pr\u00f3ximo <strong>martes, 10 de junio<\/strong>, en las instalaciones del Campo Beltr\u00e1n B\u00e1guena.<\/p>\n\n\n\n<p>La asamblea se celebrar\u00e1 en primera convocatoria a las <strong>20:00 horas<\/strong> y en segunda convocatoria a las <strong>20:30 horas<\/strong>.<\/p>\n\n\n\n<p>El orden del d\u00eda ser\u00e1 el siguiente:<\/p>\n\n\n\n<ol class=\"wp-block-list\">\n<li>Resumen de la temporada 2024\/2025<\/li>\n\n\n\n<li>Resumen de ingresos y gastos del ejercicio 2024\/2025<\/li>\n\n\n\n<li>Presentaci\u00f3n del presupuesto para la temporada 2025\/2026<\/li>\n\n\n\n<li>Actualizaci\u00f3n de los Estatutos del Club<\/li>\n\n\n\n<li>Ruegos y preguntas<\/li>\n<\/ol>\n\n\n\n<p>El club invita a todos sus socios a asistir y participar activamente en este encuentro fundamental para el futuro de la entidad.<\/p>\n","protected":false},"excerpt":{"rendered":"<div class=\"mh-excerpt\">El Club Deportivo Bu\u00f1ol ha convocado a sus socios y socias a la celebraci\u00f3n de la Asamblea General, que tendr\u00e1 lugar el pr\u00f3ximo martes, 10 de junio, en las instalaciones del Campo Beltr\u00e1n B\u00e1guena. La <a class=\"mh-excerpt-more\" href=\"https:\/\/www.tucomarca.com\/wordpress\/segunda\/el-cd-bunol-convoca-su-asamblea-general-de-socios-para-el-proximo-10-de-junio\/\" title=\"El CD Bu\u00f1ol convoca su Asamblea general de socios para el pr\u00f3ximo 10 de junio\">[+] <\/a><\/div>\n","protected":false},"author":12,"featured_media":267516,"comment_status":"open","ping_status":"open","sticky":false,"template":"","format":"standard","meta":{"footnotes":""},"categories":[4,18,50,6,8,10,3],"tags":[10385,537,5952],"class_list":{"0":"post-267514","1":"post","2":"type-post","3":"status-publish","4":"format-standard","5":"has-post-thumbnail","7":"category-agenda","8":"category-bunol","9":"category-futbol-deportes","10":"category-deportes","11":"category-la-comarca","12":"category-la-hoya","13":"category-seccion","14":"tag-bunol","15":"tag-cd-bunol","16":"tag-la-hoya-de-bunol-chiva"},"_links":{"self":[{"href":"https:\/\/www.tucomarca.com\/wordpress\/segunda\/wp-json\/wp\/v2\/posts\/267514","targetHints":{"allow":["GET"]}}],"collection":[{"href":"https:\/\/www.tucomarca.com\/wordpress\/segunda\/wp-json\/wp\/v2\/posts"}],"about":[{"href":"https:\/\/www.tucomarca.com\/wordpress\/segunda\/wp-json\/wp\/v2\/types\/post"}],"author":[{"embeddable":true,"href":"https:\/\/www.tucomarca.com\/wordpress\/segunda\/wp-json\/wp\/v2\/users\/12"}],"replies":[{"embeddable":true,"href":"https:\/\/www.tucomarca.com\/wordpress\/segunda\/wp-json\/wp\/v2\/comments?post=267514"}],"version-history":[{"count":0,"href":"https:\/\/www.tucomarca.com\/wordpress\/segunda\/wp-json\/wp\/v2\/posts\/267514\/revisions"}],"wp:featuredmedia":[{"embeddable":true,"href":"https:\/\/www.tucomarca.com\/wordpress\/segunda\/wp-json\/wp\/v2\/media\/267516"}],"wp:attachment":[{"href":"https:\/\/www.tucomarca.com\/wordpress\/segunda\/wp-json\/wp\/v2\/media?parent=267514"}],"wp:term":[{"taxonomy":"category","embeddable":true,"href":"https:\/\/www.tucomarca.com\/wordpress\/segunda\/wp-json\/wp\/v2\/categories?post=267514"},{"taxonomy":"post_tag","embeddable":true,"href":"https:\/\/www.tucomarca.com\/wordpress\/segunda\/wp-json\/wp\/v2\/tags?post=267514"}],"curies":[{"name":"wp","href":"https:\/\/api.w.org\/{rel}","templated":true}]}}