{"id":267609,"date":"2025-05-29T10:30:00","date_gmt":"2025-05-29T08:30:00","guid":{"rendered":"https:\/\/www.tucomarca.com\/wordpress\/segunda\/?p=267609"},"modified":"2025-05-29T19:28:45","modified_gmt":"2025-05-29T17:28:45","slug":"la-diputacio-preve-abrir-en-septiembre-el-puente-de-carlet-arrasado-por-la-dana","status":"publish","type":"post","link":"https:\/\/www.tucomarca.com\/wordpress\/segunda\/la-diputacio-preve-abrir-en-septiembre-el-puente-de-carlet-arrasado-por-la-dana\/","title":{"rendered":"La Diputaci\u00f3 prev\u00e9 abrir en septiembre el puente de Carlet arrasado por la DANA\u00a0"},"content":{"rendered":"\n<h3 class=\"wp-block-heading\">Momp\u00f3 visita la \u00faltima fase de las obras junto con la diputada y alcaldesa del municipio de la Ribera Alta, Laura S\u00e1ez.<\/h3>\n\n\n\n<h3 class=\"wp-block-heading\">El presidente subraya que \u201cdesde el primer momento nos comprometimos a estar al lado de los pueblos afectados y estaremos hasta el \u00faltimo minuto de la reconstrucci\u00f3n\u201d.<\/h3>\n\n\n\n<p>El presidente de la Diputaci\u00f3 de Val\u00e8ncia, Vicent Momp\u00f3, ha visitado hoy las obras de la \u00faltima fase sobre el r\u00edo Magro en Carlet, una infraestructura de acceso al municipio de la Ribera Alta que colaps\u00f3 por la riada del 29 de octubre. \u201cSe est\u00e1n cumpliendo los plazos, si todo sigue as\u00ed a final de octubre se acabar\u00e1n las obras, pero se va a intentar a reabrir al tr\u00e1fico a mediados de septiembre, que esperamos que sea as\u00ed para facilitar el comienzo del curso escolar\u201d, ha explicado el presidente.<\/p>\n\n\n\n<p>Adem\u00e1s, Momp\u00f3 ha detallado que \u201cla obra se enmarca dentro de los 44 contratos de emergencia que hizo la Diputaci\u00f3n tras la dana\u201d.&nbsp; \u201cDesde el primer minuto, nos comprometimos a estar al lado de los pueblos afectados, y estaremos hasta el \u00faltimo minuto de la reconstrucci\u00f3n\u201d, ha asegurado Momp\u00f3, quien tambi\u00e9n ha felicitado al \u00e1rea de Carreteras por su trabajo.<\/p>\n\n\n\n<p>En la misma l\u00ednea, Momp\u00f3 ha destacado que \u201cesta infraestructura que sufri\u00f3 la consecuencia de la fuerza del agua no solo afecta a Carlet, sino a toda la comarca; estamos hablando tambi\u00e9n de que aparte de ser una conexi\u00f3n viaria, por aqu\u00ed pasan servicios b\u00e1sicos como el agua\u201d. \u201cEs importante continuar con la reconstrucci\u00f3n, es un mensaje de esperanza a la ciudadan\u00eda, es demostrar que las instituciones estamos aqu\u00ed\u201d, ha subrayado, al tiempo que ha recalcado \u201cla utilidad de la Diputaci\u00f3n, que ha estado restableciendo servicios e infraestructuras\u201d.<\/p>\n\n\n\n<p>El presidente tambi\u00e9n ha alabado la actuaci\u00f3n de Carlet tras la riada: \u201cCarlet es ejemplo del municipalismo, de ponerte a trabajar sin pensar en colores, trabajar todos a una, cuando trabajas desde el primer momento te permite que en octubre est\u00e9 abierto el puente, se trata de pensar en las personas\u201d.<\/p>\n\n\n\n<p>Por su parte, la diputada provincial y alcaldesa de Carlet, Laura S\u00e1ez ha esgrimido que \u201ces un puente muy esperado porque es nuestra principal v\u00eda de comunicaci\u00f3n, de acceso a la autov\u00eda, al pol\u00edgono industrial, a la urbanizaci\u00f3n Ausi\u00e0s March\u201d. \u201cDespu\u00e9s de la dana el ayuntamiento tuvo que hacer una actuaci\u00f3n de emergencia del acceso por bajo del puente del metro; pero es una incomodidad, por eso, es muy esperado por los carletenses poder ir a trabajar en cinco minutos\u201d, ha argumentado.<\/p>\n\n\n\n<p>Igualmente, ha concretado, \u201cadem\u00e1s del puente tambi\u00e9n est\u00e1 la afecci\u00f3n del lateral del balc\u00f3n del puente, que ha hecho que tengamos que reducir, por precauci\u00f3n, el paso por la ronda del malec\u00f3n a un \u00fanico carril de circulaci\u00f3n, y es la v\u00eda que m\u00e1s tr\u00e1fico soporta de toda la ciudad; por lo tanto todos los carletenses estamos sufriendo las dificultades en la movilidad, y es muy esperado el puente y el muro del balc\u00f3n\u201d.&nbsp;<\/p>\n\n\n\n<p><strong>Cuatro millones de euros<\/strong><\/p>\n\n\n\n<p>La intervenci\u00f3n, que cuenta con un presupuesto de 4,2 millones de euros, plantea dotar de mayor permeabilidad al puente permitiendo una mayor facilidad de paso al flujo de agua durante cualquier evento extremo de lluvia, asegurando su integridad.<\/p>\n\n\n\n<p>El tramo del puente afectado es de 45,50 metros y mantendr\u00e1 la misma definici\u00f3n de acera y calzada. De la misma manera, se mantendr\u00e1 el paso de servicios a trav\u00e9s de la estructura para recuperar la funcionalidad original de la misma en todos sus sentidos.&nbsp;<\/p>\n\n\n\n<p>Por otro lado, se reconstruir\u00e1 el muro de acompa\u00f1amiento del estribo derecho y se adecuar\u00e1n y recuperar\u00e1n los m\u00e1rgenes del r\u00edo en el entorno del puente para minimizar posibles afectaciones debido al paso del agua, dotando al r\u00edo del espacio en el lecho que este necesita.&nbsp;<\/p>\n\n\n\n<figure class=\"wp-block-gallery has-nested-images columns-2 is-cropped wp-block-gallery-1 is-layout-flex wp-block-gallery-is-layout-flex\">\n<figure class=\"wp-block-image size-large\"><img loading=\"lazy\" decoding=\"async\" width=\"1024\" height=\"666\" data-id=\"267613\" src=\"https:\/\/www.tucomarca.com\/wordpress\/segunda\/wp-content\/uploads\/2025\/05\/Dipu_CarletPuente01-1024x666.jpeg\" alt=\"\" class=\"wp-image-267613\" srcset=\"https:\/\/www.tucomarca.com\/wordpress\/segunda\/wp-content\/uploads\/2025\/05\/Dipu_CarletPuente01-1024x666.jpeg 1024w, https:\/\/www.tucomarca.com\/wordpress\/segunda\/wp-content\/uploads\/2025\/05\/Dipu_CarletPuente01-300x195.jpeg 300w, https:\/\/www.tucomarca.com\/wordpress\/segunda\/wp-content\/uploads\/2025\/05\/Dipu_CarletPuente01-768x499.jpeg 768w, https:\/\/www.tucomarca.com\/wordpress\/segunda\/wp-content\/uploads\/2025\/05\/Dipu_CarletPuente01.jpeg 1280w\" sizes=\"auto, (max-width: 1024px) 100vw, 1024px\" \/><\/figure>\n\n\n\n<figure class=\"wp-block-image size-large\"><img loading=\"lazy\" decoding=\"async\" width=\"1024\" height=\"666\" data-id=\"267615\" src=\"https:\/\/www.tucomarca.com\/wordpress\/segunda\/wp-content\/uploads\/2025\/05\/Dipu_CarletPuente02-1024x666.jpeg\" alt=\"\" class=\"wp-image-267615\" srcset=\"https:\/\/www.tucomarca.com\/wordpress\/segunda\/wp-content\/uploads\/2025\/05\/Dipu_CarletPuente02-1024x666.jpeg 1024w, https:\/\/www.tucomarca.com\/wordpress\/segunda\/wp-content\/uploads\/2025\/05\/Dipu_CarletPuente02-300x195.jpeg 300w, https:\/\/www.tucomarca.com\/wordpress\/segunda\/wp-content\/uploads\/2025\/05\/Dipu_CarletPuente02-768x499.jpeg 768w, https:\/\/www.tucomarca.com\/wordpress\/segunda\/wp-content\/uploads\/2025\/05\/Dipu_CarletPuente02.jpeg 1280w\" sizes=\"auto, (max-width: 1024px) 100vw, 1024px\" \/><\/figure>\n\n\n\n<figure class=\"wp-block-image size-large\"><img loading=\"lazy\" decoding=\"async\" width=\"1024\" height=\"666\" data-id=\"267617\" src=\"https:\/\/www.tucomarca.com\/wordpress\/segunda\/wp-content\/uploads\/2025\/05\/Dipu_CarletPuente03-1024x666.jpeg\" alt=\"\" class=\"wp-image-267617\" srcset=\"https:\/\/www.tucomarca.com\/wordpress\/segunda\/wp-content\/uploads\/2025\/05\/Dipu_CarletPuente03-1024x666.jpeg 1024w, https:\/\/www.tucomarca.com\/wordpress\/segunda\/wp-content\/uploads\/2025\/05\/Dipu_CarletPuente03-300x195.jpeg 300w, https:\/\/www.tucomarca.com\/wordpress\/segunda\/wp-content\/uploads\/2025\/05\/Dipu_CarletPuente03-768x499.jpeg 768w, https:\/\/www.tucomarca.com\/wordpress\/segunda\/wp-content\/uploads\/2025\/05\/Dipu_CarletPuente03.jpeg 1280w\" sizes=\"auto, (max-width: 1024px) 100vw, 1024px\" \/><\/figure>\n<\/figure>\n","protected":false},"excerpt":{"rendered":"<div class=\"mh-excerpt\">Momp\u00f3 visita la \u00faltima fase de las obras junto con la diputada y alcaldesa del municipio de la Ribera Alta, Laura S\u00e1ez. El presidente subraya que \u201cdesde el primer momento nos comprometimos a estar al <a class=\"mh-excerpt-more\" href=\"https:\/\/www.tucomarca.com\/wordpress\/segunda\/la-diputacio-preve-abrir-en-septiembre-el-puente-de-carlet-arrasado-por-la-dana\/\" title=\"La Diputaci\u00f3 prev\u00e9 abrir en septiembre el puente de Carlet arrasado por la DANA\u00a0\">[+] <\/a><\/div>\n","protected":false},"author":13,"featured_media":267619,"comment_status":"open","ping_status":"open","sticky":false,"template":"","format":"gallery","meta":{"footnotes":""},"categories":[291,21465,156,128,8,72,42,117,142,3,116,45],"tags":[10462,12831,10528,2142,20938,3640],"class_list":{"0":"post-267609","1":"post","2":"type-post","3":"status-publish","4":"format-gallery","5":"has-post-thumbnail","7":"category-carlet","8":"category-dana","9":"category-gavarda","10":"category-infraestructuras","11":"category-la-comarca","12":"category-sin-categorizar","13":"category-la-ribera","14":"category-medio-ambiente-la-comarca","15":"category-politica-la-comarca","16":"category-seccion","17":"category-sucesos-la-comarca","18":"category-ventana","19":"tag-carlet","20":"tag-dana-2","21":"tag-gavarda","22":"tag-la-comunitat","23":"tag-la-diputacio-de-valencia","24":"tag-la-ribera-alta","25":"post_format-post-format-gallery"},"_links":{"self":[{"href":"https:\/\/www.tucomarca.com\/wordpress\/segunda\/wp-json\/wp\/v2\/posts\/267609","targetHints":{"allow":["GET"]}}],"collection":[{"href":"https:\/\/www.tucomarca.com\/wordpress\/segunda\/wp-json\/wp\/v2\/posts"}],"about":[{"href":"https:\/\/www.tucomarca.com\/wordpress\/segunda\/wp-json\/wp\/v2\/types\/post"}],"author":[{"embeddable":true,"href":"https:\/\/www.tucomarca.com\/wordpress\/segunda\/wp-json\/wp\/v2\/users\/13"}],"replies":[{"embeddable":true,"href":"https:\/\/www.tucomarca.com\/wordpress\/segunda\/wp-json\/wp\/v2\/comments?post=267609"}],"version-history":[{"count":0,"href":"https:\/\/www.tucomarca.com\/wordpress\/segunda\/wp-json\/wp\/v2\/posts\/267609\/revisions"}],"wp:featuredmedia":[{"embeddable":true,"href":"https:\/\/www.tucomarca.com\/wordpress\/segunda\/wp-json\/wp\/v2\/media\/267619"}],"wp:attachment":[{"href":"https:\/\/www.tucomarca.com\/wordpress\/segunda\/wp-json\/wp\/v2\/media?parent=267609"}],"wp:term":[{"taxonomy":"category","embeddable":true,"href":"https:\/\/www.tucomarca.com\/wordpress\/segunda\/wp-json\/wp\/v2\/categories?post=267609"},{"taxonomy":"post_tag","embeddable":true,"href":"https:\/\/www.tucomarca.com\/wordpress\/segunda\/wp-json\/wp\/v2\/tags?post=267609"}],"curies":[{"name":"wp","href":"https:\/\/api.w.org\/{rel}","templated":true}]}}