{"id":2677,"date":"2012-05-30T16:44:33","date_gmt":"2012-05-30T14:44:33","guid":{"rendered":"http:\/\/www.tucomarca.com\/wordpress\/segunda\/?p=2677"},"modified":"2012-05-30T17:49:47","modified_gmt":"2012-05-30T15:49:47","slug":"bunol-anuncia-una-campana-para-combatir-la-proliferacion-de-los-excrementos-en-la-via-publica","status":"publish","type":"post","link":"https:\/\/www.tucomarca.com\/wordpress\/segunda\/bunol-anuncia-una-campana-para-combatir-la-proliferacion-de-los-excrementos-en-la-via-publica\/","title":{"rendered":"Bu\u00f1ol anuncia una campa\u00f1a para combatir la proliferaci\u00f3n de los excrementos en la v\u00eda p\u00fablica"},"content":{"rendered":"<p>El Ayuntamiento de Bu\u00f1ol ha acogido este mi\u00e9rcoles una reuni\u00f3n de la Junta de Seguridad en el Ayuntamiento de Bu\u00f1ol, a la cual han asistido el concejal de Ecolog\u00eda y Servicios, Jos\u00e9 Luis Carrascosa, el concejal de Interior, Jaime Tortajada, el jefe de la Polic\u00eda Local, Antonio Zan\u00f3n, y el jefe de protecci\u00f3n civil, \u00c1ngel Merenciano,tal como han informado fuentes municipales.<\/p>\n<p>Seg\u00fan las mismas fuentes, en la reuni\u00f3n se ha decidido dar \u00abcomienzo a una campa\u00f1a intensiva de vigilancia en prevenci\u00f3n de incendios forestales, con un especial operativo de vigilancia debido a la escasez de lluvia y probabilidad muy alta de riesgo de incendios en la zona, recordad que a partir del 1 de junio hasta el 31 de septiembre queda prohibido el permiso para quemar residuos agr\u00edcolas o forestales\u00bb.<\/p>\n<p>Tambi\u00e9n se ha acordado impulsar la \u00abCampa\u00f1a excrementos no\u00bb, seg\u00fan han dicho \u00abuna campa\u00f1a informativa, educativa y sancionadora\u00a0 para evitar la mala imagen y falta de salubridad que dan los innumerables excrementos en nuestra ciudad, parques y jardines, se aplicar\u00e1 las sanciones administrativas m\u00e1s altas a aquellos ciudadanos y ciudadanas que no lleven bolsitas para la recogida de los excrementos de sus animales, con especial intensidad en el casco antiguo, calles principales y nuestros paseos\u00bb.<\/p>\n<p>Tambi\u00e9n se ha informdoque se va a estudiar y proyectar un reglamento de adecuaci\u00f3n de terrazas, sillas y mesas en toda la poblaci\u00f3n, que \u00abconsistir\u00e1 en una delimitaci\u00f3n de las mismas, y la obligaci\u00f3n de que re\u00fanan unas caracter\u00edsticas de imagen, estado de materiales y conservaci\u00f3n adecuados, prohibir\u00e1 el pl\u00e1stico y las sombrillas con excesiva publicidad de marca de refrescos o alcohol, se encargar\u00e1 la Polic\u00eda Local de un control exhaustivo de las licencias\u00bb.<\/p>\n","protected":false},"excerpt":{"rendered":"<div class=\"mh-excerpt\">El Ayuntamiento de Bu\u00f1ol ha acogido este mi\u00e9rcoles una reuni\u00f3n de la Junta de Seguridad en el Ayuntamiento de Bu\u00f1ol, a la cual han asistido el concejal de Ecolog\u00eda y Servicios, Jos\u00e9 Luis Carrascosa, el <a class=\"mh-excerpt-more\" href=\"https:\/\/www.tucomarca.com\/wordpress\/segunda\/bunol-anuncia-una-campana-para-combatir-la-proliferacion-de-los-excrementos-en-la-via-publica\/\" title=\"Bu\u00f1ol anuncia una campa\u00f1a para combatir la proliferaci\u00f3n de los excrementos en la v\u00eda p\u00fablica\">[+] <\/a><\/div>\n","protected":false},"author":1,"featured_media":0,"comment_status":"open","ping_status":"open","sticky":false,"template":"","format":"standard","meta":{"footnotes":""},"categories":[18,8,10,117,3],"tags":[],"class_list":{"0":"post-2677","1":"post","2":"type-post","3":"status-publish","4":"format-standard","6":"category-bunol","7":"category-la-comarca","8":"category-la-hoya","9":"category-medio-ambiente-la-comarca","10":"category-seccion"},"_links":{"self":[{"href":"https:\/\/www.tucomarca.com\/wordpress\/segunda\/wp-json\/wp\/v2\/posts\/2677","targetHints":{"allow":["GET"]}}],"collection":[{"href":"https:\/\/www.tucomarca.com\/wordpress\/segunda\/wp-json\/wp\/v2\/posts"}],"about":[{"href":"https:\/\/www.tucomarca.com\/wordpress\/segunda\/wp-json\/wp\/v2\/types\/post"}],"author":[{"embeddable":true,"href":"https:\/\/www.tucomarca.com\/wordpress\/segunda\/wp-json\/wp\/v2\/users\/1"}],"replies":[{"embeddable":true,"href":"https:\/\/www.tucomarca.com\/wordpress\/segunda\/wp-json\/wp\/v2\/comments?post=2677"}],"version-history":[{"count":0,"href":"https:\/\/www.tucomarca.com\/wordpress\/segunda\/wp-json\/wp\/v2\/posts\/2677\/revisions"}],"wp:attachment":[{"href":"https:\/\/www.tucomarca.com\/wordpress\/segunda\/wp-json\/wp\/v2\/media?parent=2677"}],"wp:term":[{"taxonomy":"category","embeddable":true,"href":"https:\/\/www.tucomarca.com\/wordpress\/segunda\/wp-json\/wp\/v2\/categories?post=2677"},{"taxonomy":"post_tag","embeddable":true,"href":"https:\/\/www.tucomarca.com\/wordpress\/segunda\/wp-json\/wp\/v2\/tags?post=2677"}],"curies":[{"name":"wp","href":"https:\/\/api.w.org\/{rel}","templated":true}]}}