{"id":268113,"date":"2025-06-03T09:00:00","date_gmt":"2025-06-03T07:00:00","guid":{"rendered":"https:\/\/www.tucomarca.com\/wordpress\/segunda\/?p=268113"},"modified":"2025-06-03T19:54:40","modified_gmt":"2025-06-03T17:54:40","slug":"la-diputacio-de-valencia-impulsa-un-libro-que-une-futbol-y-literatura-para-ayudar-a-las-victimas-de-la-dana","status":"publish","type":"post","link":"https:\/\/www.tucomarca.com\/wordpress\/segunda\/la-diputacio-de-valencia-impulsa-un-libro-que-une-futbol-y-literatura-para-ayudar-a-las-victimas-de-la-dana\/","title":{"rendered":"La Diputaci\u00f3 de Val\u00e8ncia impulsa un libro que une f\u00fatbol y literatura para ayudar a las v\u00edctimas de la DANA"},"content":{"rendered":"\n<h3 class=\"wp-block-heading\">\u2018La pelota s\u00ed se mancha. 101 historias del f\u00fatbol mundial\u2019 es una publicaci\u00f3n solidaria escrita de manera colectiva por personalidades del mundo del f\u00fatbol, escritores y periodistas, cuyos beneficios se destinar\u00e1n a los afectados por la riada.<\/h3>\n\n\n\n<h3 class=\"wp-block-heading\">El presidente de la corporaci\u00f3n, Vicent Momp\u00f3, destaca \u201cla solidaridad de todos los que han participado en esta obra, un ejemplo m\u00e1s del compromiso que ha mostrado el mundo del deporte con la reconstrucci\u00f3n\u201d.<\/h3>\n\n\n\n<figure class=\"wp-block-image size-large\"><img loading=\"lazy\" decoding=\"async\" width=\"1024\" height=\"666\" src=\"https:\/\/www.tucomarca.com\/wordpress\/segunda\/wp-content\/uploads\/2025\/06\/DipuLibrofutbol01-1024x666.jpg\" alt=\"\" class=\"wp-image-268133\" srcset=\"https:\/\/www.tucomarca.com\/wordpress\/segunda\/wp-content\/uploads\/2025\/06\/DipuLibrofutbol01-1024x666.jpg 1024w, https:\/\/www.tucomarca.com\/wordpress\/segunda\/wp-content\/uploads\/2025\/06\/DipuLibrofutbol01-300x195.jpg 300w, https:\/\/www.tucomarca.com\/wordpress\/segunda\/wp-content\/uploads\/2025\/06\/DipuLibrofutbol01-768x499.jpg 768w, https:\/\/www.tucomarca.com\/wordpress\/segunda\/wp-content\/uploads\/2025\/06\/DipuLibrofutbol01.jpg 1181w\" sizes=\"auto, (max-width: 1024px) 100vw, 1024px\" \/><\/figure>\n\n\n\n<p>La Diputaci\u00f3 de Val\u00e8ncia ha acogido este martes la presentaci\u00f3n del libro \u2018La pelota s\u00ed se mancha. 101 historias del f\u00fatbol mundial\u2019, una iniciativa solidaria que ha unido al mundo del f\u00fatbol y al de las letras con el prop\u00f3sito de ayudar a las familias m\u00e1s afectadas por la dana de Valencia. Se trata de un libro escrito de manera colectiva por personajes destacados relacionados con el f\u00fatbol, como es el caso de Vicente del Bosque o Luis de la Fuente, adem\u00e1s de escritores y periodistas de prestigio, que componen una obra solidaria sin precedentes con m\u00e1s de un centenar de historias y relatos entorno al mundo del balompi\u00e9.<\/p>\n\n\n\n<p>Los beneficios de esta obra se destinar\u00e1n a familias afectadas en la Zona 0 a trav\u00e9s de la Fundaci\u00f3n Vinatea, que desarrolla trabajos urgentes desde el mismo momento en que aconteci\u00f3 el desastre. La Diputaci\u00f3n de Valencia ha mostrado su solidaridad con el proyecto con la adquisici\u00f3n de centenares de libros que, de forma simb\u00f3lica en su compromiso con la recuperaci\u00f3n de la normalidad deportiva, repartir\u00e1 a los clubes de f\u00fatbol de la provincia de Valencia en la gala de la Federaci\u00f3n Valenciana de F\u00fatbol que se celebrar\u00e1 pr\u00f3ximamente.<\/p>\n\n\n\n<p>El presidente de la Diputaci\u00f3n, Vicent Momp\u00f3, ha presidido un acto que ha contado con la presencia de, entre otros, la vicepresidenta primera de la corporaci\u00f3n, Nat\u00e0lia Enguix; la vicepresidenta segunda, Reme Mazzolari; el diputado de Deportes, Pedro Cuesta; el diputado de Cultura, Paco Teruel; el coordinador del proyecto, Carles Senso; el presidente de la Federaci\u00f3n de F\u00fatbol de la Comunitat Valenciana, Salvador Gomar; el presidente del Levante UD, Pablo S\u00e1nchez; los ex futbolistas del Valencia CF, Fernando Giner y Miguel \u00c1ngel Bossio; el presidente de \u00c0 Punt, Vicente Ordaz; o los periodistas Paco Lloret y Conrado Valle.<\/p>\n\n\n\n<p>Momp\u00f3 ha querido agradecer la solidaridad de todos los que han colaborado en el libro, y ha destacado que \u201c\u00e9ste es s\u00f3lo un ejemplo m\u00e1s del compromiso que est\u00e1 demostrando el mundo del deporte en general, y el del f\u00fatbol en particular, con la reconstrucci\u00f3n. Esta publicaci\u00f3n ayuda a visibilizar y poner de manifiesto todo lo que hemos sufrido, porque varios meses despu\u00e9s todav\u00eda hay mucha gente que no es consciente de lo que ocurri\u00f3 aqu\u00ed, e iniciativas como \u00e9sta ayudan a no olvidarlo.\u201d<\/p>\n\n\n\n<p>Adem\u00e1s, Momp\u00f3 ha a\u00f1adido que \u201cel f\u00fatbol es un pilar b\u00e1sico de nuestra sociedad. A parte de la pr\u00e1ctica deportiva en s\u00ed, con todos los beneficios que ello supone, ning\u00fan otro deporte como el f\u00fatbol genera pasiones y alegr\u00edas, une a gente de un mismo municipio o provincia. Por eso juega un papel fundamental en la vuelta a la normalidad de las zonas afectadas\u201d.<\/p>\n\n\n\n<p>Por su parte, el coordinador del proyecto, Carles Senso, ha explicado que el proyecto surgi\u00f3 \u201cporque pensamos que era necesario que desde el mundo de la escritura hab\u00eda que ayudar de alguna manera. Empezamos a movilizarnos y a contactar con diferentes personalidades que no dudaron en aceptar la propuesta\u201d. \u201cEl f\u00fatbol es una herramienta de cambio, un mecanismo posible para mejorar nuestro entorno. Aqu\u00ed tienen un nuevo ejemplo de que da la talla. Y no s\u00f3lo de las personas que firman relatos, sino tambi\u00e9n de los fot\u00f3grafos, medios de comunicaci\u00f3n o entidades que han cedido sus fotograf\u00edas de forma desinteresada para colaborar con esta causa solidaria\u201d, afirma Senso.<\/p>\n\n\n\n<p><strong>Participantes en el libro<\/strong><\/p>\n\n\n\n<p>Entre los personajes p\u00fablicos que han querido colaborar con esta iniciativa compartiendo alguna de sus experiencias, destacan seleccionadores nacionales como Vicente del Bosque o Luis de la Fuente; entrenadores como Rub\u00e9n Baraja o Vicente Moreno; y futbolistas como Carlos Soler, Vero Boquete, C\u00e9sar T\u00e1rrega, Fernando Giner, Juan S\u00e1nchez o Ricardo Arias, muchos de ellos con origen familiar en las zonas m\u00e1s afectadas por la tragedia.<\/p>\n\n\n\n<p>En esta fusi\u00f3n tan altruista como poco habitual entre el bal\u00f3n y la m\u00e1quina de escribir han querido tambi\u00e9n participar escritores consagrados como Galder Reguera, Jos\u00e9 Luis Sastre, Mayca Jim\u00e9nez, Sergio C. Fanjul, Enrique Ballester o Hern\u00e1n Casciari; \u00e1rbitros como To\u00f1o Mateu Lahoz; y una lista de comunicadores de renombre que envidiar\u00eda cualquier redacci\u00f3n espa\u00f1ola: M\u00f3nica Marchante, Paco Gonz\u00e1lez, Manu Carre\u00f1o, Josep Pedrerol, Helena Condis, Jose de Cabo, Alfredo Rela\u00f1o, Andrea Pel\u00e1ez, Toni Padilla, Mart\u00ed Perarnau, Aitor Lagunas, Juan Ignacio Gallardo, Guillem Balagu\u00e9, Paloma del R\u00edo o Tom\u00e1s Guasch, por citar solo algunos ejemplos entre los m\u00e1s de cien nombres que de forma solidaria han cedido su talento y esfuerzo a una buena causa. Completan as\u00ed un volumen con enorme protagonismo fotogr\u00e1fico que supone una muestra de cari\u00f1o y un mensaje de esperanza del f\u00fatbol hacia los afectados por la mayor tragedia natural vivida este siglo en Espa\u00f1a.<\/p>\n\n\n\n<p>Otros excelentes textos que los lectores podr\u00e1n disfrutar en esta peque\u00f1a joya literario-futbol\u00edstica son los que firman Kike Mateu, Fernando Evangelio, Vicente Ordaz, Agus Morales, Ricardo Rosety, Marc Casanova, Xavier Aliaga, Fran Guaita, Vicente Chilet, Cristina Bea, Sara Carmona, Vicent Borr\u00e0s, Ricard Cobo, Paco Lloret, Isabel Olmos, Voro Contreras, Pablo Garc\u00eda Cuervo, Franz Kelle, Jorge Hevia, Juan Magraner, Paco Polit, Carlos Roberto, Alfonso Gil, Conrado Valle, Javier Valenzuela\u2026<\/p>\n\n\n\n<p>\u2018La pelota s\u00ed se mancha. 101 historia del f\u00fatbol mundial\u2019 est\u00e1 editado por la Fundaci\u00f3n Vinatea, con amplia experiencia en publicaciones solidarias, y coordinado por el periodista Carles Senso, con la colaboraci\u00f3n del tambi\u00e9n periodista Julio T\u00e1rrega y de los dise\u00f1adores Jaime Gonz\u00e1lez y Pablo Bellver. El volumen tambi\u00e9n cuenta con la participaci\u00f3n de destacados fot\u00f3grafos o dise\u00f1adores gr\u00e1ficos, adem\u00e1s de con un texto de Francisco Brines, Premio Cervantes, cuya fundaci\u00f3n ha cedido uno de sus apasionantes escritos futbol\u00edsticos.<\/p>\n","protected":false},"excerpt":{"rendered":"<div class=\"mh-excerpt\">\u2018La pelota s\u00ed se mancha. 101 historias del f\u00fatbol mundial\u2019 es una publicaci\u00f3n solidaria escrita de manera colectiva por personalidades del mundo del f\u00fatbol, escritores y periodistas, cuyos beneficios se destinar\u00e1n a los afectados por <a class=\"mh-excerpt-more\" href=\"https:\/\/www.tucomarca.com\/wordpress\/segunda\/la-diputacio-de-valencia-impulsa-un-libro-que-une-futbol-y-literatura-para-ayudar-a-las-victimas-de-la-dana\/\" title=\"La Diputaci\u00f3 de Val\u00e8ncia impulsa un libro que une f\u00fatbol y literatura para ayudar a las v\u00edctimas de la DANA\">[+] <\/a><\/div>\n","protected":false},"author":12,"featured_media":268135,"comment_status":"open","ping_status":"open","sticky":false,"template":"","format":"standard","meta":{"footnotes":""},"categories":[50,21465,6,128,8,72,142,3,45],"tags":[12831,3677],"class_list":{"0":"post-268113","1":"post","2":"type-post","3":"status-publish","4":"format-standard","5":"has-post-thumbnail","7":"category-futbol-deportes","8":"category-dana","9":"category-deportes","10":"category-infraestructuras","11":"category-la-comarca","12":"category-sin-categorizar","13":"category-politica-la-comarca","14":"category-seccion","15":"category-ventana","16":"tag-dana-2","17":"tag-diputacio-de-valencia"},"_links":{"self":[{"href":"https:\/\/www.tucomarca.com\/wordpress\/segunda\/wp-json\/wp\/v2\/posts\/268113","targetHints":{"allow":["GET"]}}],"collection":[{"href":"https:\/\/www.tucomarca.com\/wordpress\/segunda\/wp-json\/wp\/v2\/posts"}],"about":[{"href":"https:\/\/www.tucomarca.com\/wordpress\/segunda\/wp-json\/wp\/v2\/types\/post"}],"author":[{"embeddable":true,"href":"https:\/\/www.tucomarca.com\/wordpress\/segunda\/wp-json\/wp\/v2\/users\/12"}],"replies":[{"embeddable":true,"href":"https:\/\/www.tucomarca.com\/wordpress\/segunda\/wp-json\/wp\/v2\/comments?post=268113"}],"version-history":[{"count":0,"href":"https:\/\/www.tucomarca.com\/wordpress\/segunda\/wp-json\/wp\/v2\/posts\/268113\/revisions"}],"wp:featuredmedia":[{"embeddable":true,"href":"https:\/\/www.tucomarca.com\/wordpress\/segunda\/wp-json\/wp\/v2\/media\/268135"}],"wp:attachment":[{"href":"https:\/\/www.tucomarca.com\/wordpress\/segunda\/wp-json\/wp\/v2\/media?parent=268113"}],"wp:term":[{"taxonomy":"category","embeddable":true,"href":"https:\/\/www.tucomarca.com\/wordpress\/segunda\/wp-json\/wp\/v2\/categories?post=268113"},{"taxonomy":"post_tag","embeddable":true,"href":"https:\/\/www.tucomarca.com\/wordpress\/segunda\/wp-json\/wp\/v2\/tags?post=268113"}],"curies":[{"name":"wp","href":"https:\/\/api.w.org\/{rel}","templated":true}]}}