{"id":268131,"date":"2025-06-03T09:15:00","date_gmt":"2025-06-03T07:15:00","guid":{"rendered":"https:\/\/www.tucomarca.com\/wordpress\/segunda\/?p=268131"},"modified":"2025-06-03T20:01:40","modified_gmt":"2025-06-03T18:01:40","slug":"el-consell-aprueba-un-decreto-ley-para-posibilitar-la-participacion-de-ciegsa-en-la-reconstruccion-de-los-centros-educativos-danados-por-la-riada","status":"publish","type":"post","link":"https:\/\/www.tucomarca.com\/wordpress\/segunda\/el-consell-aprueba-un-decreto-ley-para-posibilitar-la-participacion-de-ciegsa-en-la-reconstruccion-de-los-centros-educativos-danados-por-la-riada\/","title":{"rendered":"El Consell aprueba un decreto ley para posibilitar la participaci\u00f3n de CIEGSA en la reconstrucci\u00f3n de los centros educativos da\u00f1ados por la riada"},"content":{"rendered":"\n<h3 class=\"wp-block-heading\">El Consell tambi\u00e9n modifica los estatutos de CIEGSA para ampliar su objeto social y poder atender las necesidades generadas por la dana en infraestructuras educativas.<\/h3>\n\n\n\n<h3 class=\"wp-block-heading\">A partir de la fecha de extinci\u00f3n de la sociedad\u00a0mercantil, prevista como m\u00e1ximo el 31 de diciembre de 2026, sus funciones ser\u00e1n desempe\u00f1adas por la Conselleria de Educaci\u00f3n.<\/h3>\n\n\n\n<p>El Pleno del Consell ha aprobado el decreto ley que modifica la Ley 1\/2013 de medidas de reestructuraci\u00f3n y racionalizaci\u00f3n del sector p\u00fablico empresarial y fundacional de la Generalitat con el objetivo de contar con el apoyo de la empresa p\u00fablica CIEGSA para facilitar la reconstrucci\u00f3n de los centros educativos da\u00f1ados por la riada.<\/p>\n\n\n\n<p>Seg\u00fan recoge la Ley 1\/2013, la extinci\u00f3n de la mercantil Construcciones e Infraestructuras Educativas de la Generalitat Valenciana S.A. deber\u00e1 llevarse a cabo como m\u00e1ximo el 31 de diciembre de 2026. Hasta entonces, la empresa p\u00fablica llevar\u00e1 a cabo actuaciones de reconstrucci\u00f3n de infraestructuras educativas&nbsp;con el fin de lograr la vuelta a la normalidad lo antes posible en los centros afectados por las inundaciones del 29 de octubre.<\/p>\n\n\n\n<p>En este sentido, mediante el decreto ley aprobado por el Consell, CIEGSA asumir\u00e1, de manera transitoria, los encargos de gesti\u00f3n por parte de la Conselleria que sean necesarios para agilizar los trabajos de conservaci\u00f3n, rehabilitaci\u00f3n y reconstrucci\u00f3n de los centros afectados por la dana.<\/p>\n\n\n\n<p>Estos trabajos incluyen la instalaci\u00f3n y conservaci\u00f3n de aulas prefabricadas de escolarizaci\u00f3n provisional y la gesti\u00f3n de la recuperaci\u00f3n y reconstrucci\u00f3n de los centros docentes p\u00fablicos que hayan sufrido da\u00f1os como consecuencia del temporal cuando sea considerado necesario, inaplazable y de inter\u00e9s p\u00fablico, as\u00ed como las actualizaciones normativas de proyectos constructivos ya contratados que le sean encomendados.&nbsp;<\/p>\n\n\n\n<p>Seg\u00fan recoge el decreto ley, a partir de la fecha de extinci\u00f3n de CIEGSA, las funciones y actividades que hasta ese momento haya venido desarrollando ser\u00e1n asumidas por la Conselleria con competencias en materia de infraestructuras educativas.&nbsp;Asimismo, el personal laboral de CIEGSA se integrar\u00e1 en la Conselleria como personal laboral fijo de la Administraci\u00f3n de la Generalitat con la condici\u00f3n \u2018a extinguir\u2019, mediante la superaci\u00f3n del correspondiente proceso selectivo, conforme a la normativa aplicable.<\/p>\n\n\n\n<p>Por tanto, sin perjuicio de haberse iniciado ya los tr\u00e1mites para la extinci\u00f3n de esta sociedad, se considera pertinente contar con su apoyo en la realizaci\u00f3n de diversos trabajos de la Direcci\u00f3n General de Infraestructuras Educativas de cara a su dinamizaci\u00f3n y posterior integraci\u00f3n del personal de CIEGSA asumido por la Generalitat.<\/p>\n\n\n\n<p>Adem\u00e1s, cabe destacar que los t\u00e9cnicos de CIEGSA han participado desde el primer momento junto a los de la Conselleria de Educaci\u00f3n, Cultura, Universidades y Empleo en las labores de evaluaci\u00f3n de da\u00f1os y posterior reparaci\u00f3n.<\/p>\n\n\n\n<p><strong>Modificaci\u00f3n de estatutos&nbsp;<\/strong><\/p>\n\n\n\n<p>El Pleno del Consell, constituido en Junta General de Accionistas de la Sociedad Mercantil Construcciones e Infraestructuras Educativas de la Generalitat Valenciana S.A. (CIEGSA), tambi\u00e9n ha acordado ampliar su objeto social para incluir entre sus actividades las labores de reconstrucci\u00f3n de los centros educativos afectados por la riada.<\/p>\n\n\n\n<p>Seg\u00fan se recog\u00eda hasta ahora en el art\u00edculo 4 de sus estatutos, el objeto de CIEGSA era la gesti\u00f3n de la instalaci\u00f3n y conservaci\u00f3n de las aulas prefabricadas de escolarizaci\u00f3n provisional que le sean encomendadas por la Conselleria competente en materia de educaci\u00f3n y la adecuaci\u00f3n y actualizaci\u00f3n normativa de proyectos constructivos ya contratados que le sean encomendados.&nbsp;<\/p>\n\n\n\n<p>Con esta modificaci\u00f3n se a\u00f1ade la gesti\u00f3n de la recuperaci\u00f3n y reconstrucci\u00f3n de los centros docentes p\u00fablicos que hayan sufrido da\u00f1os como consecuencia de la dana cuando sea considerado necesario, inaplazable y de indudable inter\u00e9s p\u00fablico mediante resoluci\u00f3n motivada de la persona titular de la Conselleria con competencias en la materia y que le sean encomendados.<\/p>\n","protected":false},"excerpt":{"rendered":"<div class=\"mh-excerpt\">El Consell tambi\u00e9n modifica los estatutos de CIEGSA para ampliar su objeto social y poder atender las necesidades generadas por la dana en infraestructuras educativas. A partir de la fecha de extinci\u00f3n de la sociedad\u00a0mercantil, <a class=\"mh-excerpt-more\" href=\"https:\/\/www.tucomarca.com\/wordpress\/segunda\/el-consell-aprueba-un-decreto-ley-para-posibilitar-la-participacion-de-ciegsa-en-la-reconstruccion-de-los-centros-educativos-danados-por-la-riada\/\" title=\"El Consell aprueba un decreto ley para posibilitar la participaci\u00f3n de CIEGSA en la reconstrucci\u00f3n de los centros educativos da\u00f1ados por la riada\">[+] <\/a><\/div>\n","protected":false},"author":12,"featured_media":242860,"comment_status":"open","ping_status":"open","sticky":false,"template":"","format":"standard","meta":{"footnotes":""},"categories":[21465,128,8,72,117,142,3,116,45],"tags":[12831,10412,2142],"class_list":{"0":"post-268131","1":"post","2":"type-post","3":"status-publish","4":"format-standard","5":"has-post-thumbnail","7":"category-dana","8":"category-infraestructuras","9":"category-la-comarca","10":"category-sin-categorizar","11":"category-medio-ambiente-la-comarca","12":"category-politica-la-comarca","13":"category-seccion","14":"category-sucesos-la-comarca","15":"category-ventana","16":"tag-dana-2","17":"tag-infraestructuras","18":"tag-la-comunitat"},"_links":{"self":[{"href":"https:\/\/www.tucomarca.com\/wordpress\/segunda\/wp-json\/wp\/v2\/posts\/268131","targetHints":{"allow":["GET"]}}],"collection":[{"href":"https:\/\/www.tucomarca.com\/wordpress\/segunda\/wp-json\/wp\/v2\/posts"}],"about":[{"href":"https:\/\/www.tucomarca.com\/wordpress\/segunda\/wp-json\/wp\/v2\/types\/post"}],"author":[{"embeddable":true,"href":"https:\/\/www.tucomarca.com\/wordpress\/segunda\/wp-json\/wp\/v2\/users\/12"}],"replies":[{"embeddable":true,"href":"https:\/\/www.tucomarca.com\/wordpress\/segunda\/wp-json\/wp\/v2\/comments?post=268131"}],"version-history":[{"count":0,"href":"https:\/\/www.tucomarca.com\/wordpress\/segunda\/wp-json\/wp\/v2\/posts\/268131\/revisions"}],"wp:featuredmedia":[{"embeddable":true,"href":"https:\/\/www.tucomarca.com\/wordpress\/segunda\/wp-json\/wp\/v2\/media\/242860"}],"wp:attachment":[{"href":"https:\/\/www.tucomarca.com\/wordpress\/segunda\/wp-json\/wp\/v2\/media?parent=268131"}],"wp:term":[{"taxonomy":"category","embeddable":true,"href":"https:\/\/www.tucomarca.com\/wordpress\/segunda\/wp-json\/wp\/v2\/categories?post=268131"},{"taxonomy":"post_tag","embeddable":true,"href":"https:\/\/www.tucomarca.com\/wordpress\/segunda\/wp-json\/wp\/v2\/tags?post=268131"}],"curies":[{"name":"wp","href":"https:\/\/api.w.org\/{rel}","templated":true}]}}