{"id":268281,"date":"2025-06-04T09:55:00","date_gmt":"2025-06-04T07:55:00","guid":{"rendered":"https:\/\/www.tucomarca.com\/wordpress\/segunda\/?p=268281"},"modified":"2025-06-04T22:00:56","modified_gmt":"2025-06-04T20:00:56","slug":"la-diputacion-y-la-fundacion-valencia-cf-llevan-a-gavarda-la-exposicion-sobre-la-leyenda-valencianista-puchades","status":"publish","type":"post","link":"https:\/\/www.tucomarca.com\/wordpress\/segunda\/la-diputacion-y-la-fundacion-valencia-cf-llevan-a-gavarda-la-exposicion-sobre-la-leyenda-valencianista-puchades\/","title":{"rendered":"La Diputaci\u00f3n y la Fundaci\u00f3n Valencia CF llevan a Gavarda la exposici\u00f3n sobre la leyenda valencianista Puchades"},"content":{"rendered":"\n<h3 class=\"wp-block-heading\">La muestra \u2018Els nostres \u00eddols. Puchades\u2019, que conmemora los 100 a\u00f1os del nacimiento del futbolista, se inaugura este mi\u00e9rcoles y podr\u00e1 visitarse hasta el 20 de junio en el ayuntamiento de la localidad.<\/h3>\n\n\n\n<h3 class=\"wp-block-heading\">Tras su paso por el Palau dels Scala de la Diputaci\u00f3n en Valencia, y por la Casa de la Cultura de Utiel, la exposici\u00f3n itinerante llega a Gavarda antes de recorrer Alfafar y Sueca, municipio de nacimiento de la estrella che.<\/h3>\n\n\n<div class=\"wp-block-image\">\n<figure class=\"alignleft size-large is-resized\"><img loading=\"lazy\" decoding=\"async\" width=\"728\" height=\"1024\" src=\"https:\/\/www.tucomarca.com\/wordpress\/segunda\/wp-content\/uploads\/2025\/06\/GavardaPuchades-728x1024.jpg\" alt=\"\" class=\"wp-image-268285\" style=\"width:396px;height:auto\" srcset=\"https:\/\/www.tucomarca.com\/wordpress\/segunda\/wp-content\/uploads\/2025\/06\/GavardaPuchades-728x1024.jpg 728w, https:\/\/www.tucomarca.com\/wordpress\/segunda\/wp-content\/uploads\/2025\/06\/GavardaPuchades-213x300.jpg 213w, https:\/\/www.tucomarca.com\/wordpress\/segunda\/wp-content\/uploads\/2025\/06\/GavardaPuchades-768x1080.jpg 768w, https:\/\/www.tucomarca.com\/wordpress\/segunda\/wp-content\/uploads\/2025\/06\/GavardaPuchades.jpg 886w\" sizes=\"auto, (max-width: 728px) 100vw, 728px\" \/><\/figure>\n<\/div>\n\n\n<p>La Diputaci\u00f3 de Val\u00e8ncia y la Fundaci\u00f3n Valencia CF contin\u00faan llevando la exposici\u00f3n sobre la leyenda valencianista Antonio Puchades a diferentes municipios de la provincia. \u2018Els nostres \u00eddols. Puchades\u2019 se inaugura este mi\u00e9rcoles, justo el d\u00eda en el que el futbolista nacido en Sueca cumplir\u00eda 100 a\u00f1os, en el Ayuntamiento de Gavarda, donde permanecer\u00e1 abierta hasta el pr\u00f3ximo 20 de junio.<\/p>\n\n\n\n<p>La muestra se engloba dentro de los actos que est\u00e1n teniendo lugar por el A\u00f1o Puchades que celebra el Ayuntamiento de Sueca, localidad natal de la leyenda valencianista, en conmemoraci\u00f3n por los 100 a\u00f1os de su nacimiento. Tras pasar por la sede central de la Diputaci\u00f3n en Valencia y por la Casa de la Cultura de Utiel, la exposici\u00f3n llega a Gavarda. Est\u00e1 previsto que tambi\u00e9n se instale en el municipio de Alfafar, antes de finalizar su recorrido en Sueca en octubre, donde cerrar\u00e1 el A\u00f1o Puchades coincidiendo con la Semana del Deporte.<\/p>\n\n\n\n<p>El acto de inauguraci\u00f3n contar\u00e1 con la presencia del presidente de la instituci\u00f3n provincial y alcalde de Gavarda, Vicent Momp\u00f3; los exfutbolistas Juan Giner y Ricardo Arias; la directora de la Fundaci\u00f3n Valencia CF, Inma Ib\u00e1\u00f1ez; las sobrinas del propio Antonio Puchades; el presidente de la Agrupaci\u00f3n de Pe\u00f1as del Valencia, Fede Sagreras; y la concejala de Sueca, Carolina Torres.<\/p>\n\n\n\n<p>El presidente de la Diputaci\u00f3 de Val\u00e8ncia y alcalde de Gavarda, Vicent Momp\u00f3, expresa su alegr\u00eda por \u201cla oportunidad que tiene Gavarda de acoger esta exposici\u00f3n. Los vecinos de este y otros pueblos de la zona van a poder disfrutar de una muestra itinerante sobre la vida de Tonico Puchades, un ejemplo de compromiso y amor por sus colores y por su tierra. Una vez m\u00e1s la Diputaci\u00f3n lleva la cultura a los municipios para que todos los habitantes de la provincia conozcan sus actividades sin necesidad de desplazarse hasta la capital\u201d.<\/p>\n\n\n\n<p>La exposici\u00f3n recorre la trayectoria personal y deportiva de Antonio Puchades, \u201clo cual nos permite, a todos lo que no hemos tenido la suerte de verlo jugar en directo, comprender la magnitud de su figura, de un futbolista que lo daba todo en el campo, con coraje, inteligencia y, sobre todo, con un sentimiento de pertenencia indestructible\u201d, subraya Momp\u00f3.<\/p>\n\n\n\n<p>Entre los objetos y piezas hist\u00f3ricas que se pueden contemplar en la muestra \u2018Els nostres \u00eddols. Puchades\u2019, destacan la camiseta con el seis a la espalda que luci\u00f3 con Espa\u00f1a, la antorcha ol\u00edmpica que port\u00f3 en 1992, su primer contrato con el Valencia CF o cromos con el escudo del murci\u00e9lago.<\/p>\n\n\n\n<p><strong>El Valencia CF y la Selecci\u00f3n<\/strong><\/p>\n\n\n\n<p>Antonio Puchades, nacido en Sueca en el a\u00f1o 1925, fich\u00f3 por el Valencia CF en el verano de 1946 procedente de la Sociedad Deportiva Sueca, que recibi\u00f3 5.000 pesetas por el traspaso. En su primera temporada en el club apenas tuvo minutos en un equipo que acab\u00f3 ganando la Liga, el \u00faltimo gran triunfo de la delantera el\u00e9ctrica que marc\u00f3 una de las etapas doradas de la entidad. Puchades jug\u00f3 300 partidos oficiales con el Valencia CF, en los que conquist\u00f3 la Liga del 47 y las Copas del 49 y el 54.<\/p>\n\n\n\n<p>El m\u00edtico \u20186\u2019 blanquinegro, que marc\u00f3 el camino a Claramunt, Albelda o Mendieta, entre otros, visti\u00f3 en 23 ocasiones la camiseta de la Selecci\u00f3n y fue reconocido como el mejor centrocampista del mundo en el Mundial de 1950 en Brasil. La pareja de baile de Pasieguito en la medular che de finales de los 40 y principios de los 50 pudo jugar en el Real Madrid y el FC Barcelona, pero siempre tuvo muy claro que \u201cel honor de un chico suecano es jugar en el Valencia\u201d. Y as\u00ed lo hizo hasta que colg\u00f3 las botas en 1958 por un problema de ci\u00e1tica.<\/p>\n\n\n\n<p>Antonio Puchades Casanova forma parte del imaginario valencianista. Desde su fallecimiento en mayo de 2013, Tonico se halla en lo m\u00e1s alto del olimpo de Mestalla, representando en toda su magnitud la categor\u00eda de leyenda. Una leyenda forjada en la humildad y la cotidianidad de la valencian\u00eda, como lo reflej\u00f3 el pintor Conrado Meseguer, con su indumentaria de futbolista y rodeado de campos de arroz, de los campos que cultiv\u00f3 en su Sueca natal.<\/p>\n","protected":false},"excerpt":{"rendered":"<div class=\"mh-excerpt\">La muestra \u2018Els nostres \u00eddols. Puchades\u2019, que conmemora los 100 a\u00f1os del nacimiento del futbolista, se inaugura este mi\u00e9rcoles y podr\u00e1 visitarse hasta el 20 de junio en el ayuntamiento de la localidad. Tras su <a class=\"mh-excerpt-more\" href=\"https:\/\/www.tucomarca.com\/wordpress\/segunda\/la-diputacion-y-la-fundacion-valencia-cf-llevan-a-gavarda-la-exposicion-sobre-la-leyenda-valencianista-puchades\/\" title=\"La Diputaci\u00f3n y la Fundaci\u00f3n Valencia CF llevan a Gavarda la exposici\u00f3n sobre la leyenda valencianista Puchades\">[+] <\/a><\/div>\n","protected":false},"author":12,"featured_media":268283,"comment_status":"open","ping_status":"open","sticky":false,"template":"","format":"standard","meta":{"footnotes":""},"categories":[50,6,156,8,42,3,45],"tags":[3677,10528,22584,1407,1810,16561],"class_list":{"0":"post-268281","1":"post","2":"type-post","3":"status-publish","4":"format-standard","5":"has-post-thumbnail","7":"category-futbol-deportes","8":"category-deportes","9":"category-gavarda","10":"category-la-comarca","11":"category-la-ribera","12":"category-seccion","13":"category-ventana","14":"tag-diputacio-de-valencia","15":"tag-gavarda","16":"tag-puchades","17":"tag-ribera-alta","18":"tag-valencia-cf","19":"tag-vicente-mompo"},"_links":{"self":[{"href":"https:\/\/www.tucomarca.com\/wordpress\/segunda\/wp-json\/wp\/v2\/posts\/268281","targetHints":{"allow":["GET"]}}],"collection":[{"href":"https:\/\/www.tucomarca.com\/wordpress\/segunda\/wp-json\/wp\/v2\/posts"}],"about":[{"href":"https:\/\/www.tucomarca.com\/wordpress\/segunda\/wp-json\/wp\/v2\/types\/post"}],"author":[{"embeddable":true,"href":"https:\/\/www.tucomarca.com\/wordpress\/segunda\/wp-json\/wp\/v2\/users\/12"}],"replies":[{"embeddable":true,"href":"https:\/\/www.tucomarca.com\/wordpress\/segunda\/wp-json\/wp\/v2\/comments?post=268281"}],"version-history":[{"count":0,"href":"https:\/\/www.tucomarca.com\/wordpress\/segunda\/wp-json\/wp\/v2\/posts\/268281\/revisions"}],"wp:featuredmedia":[{"embeddable":true,"href":"https:\/\/www.tucomarca.com\/wordpress\/segunda\/wp-json\/wp\/v2\/media\/268283"}],"wp:attachment":[{"href":"https:\/\/www.tucomarca.com\/wordpress\/segunda\/wp-json\/wp\/v2\/media?parent=268281"}],"wp:term":[{"taxonomy":"category","embeddable":true,"href":"https:\/\/www.tucomarca.com\/wordpress\/segunda\/wp-json\/wp\/v2\/categories?post=268281"},{"taxonomy":"post_tag","embeddable":true,"href":"https:\/\/www.tucomarca.com\/wordpress\/segunda\/wp-json\/wp\/v2\/tags?post=268281"}],"curies":[{"name":"wp","href":"https:\/\/api.w.org\/{rel}","templated":true}]}}