{"id":26836,"date":"2014-05-12T15:11:16","date_gmt":"2014-05-12T12:11:16","guid":{"rendered":"http:\/\/www.tucomarca.com\/wordpress\/segunda\/?p=26836"},"modified":"2014-05-12T15:13:22","modified_gmt":"2014-05-12T12:13:22","slug":"sanitat-realiza-el-seguimiento-de-600-pacientes-de-requena-a-traves-de-encasa","status":"publish","type":"post","link":"https:\/\/www.tucomarca.com\/wordpress\/segunda\/sanitat-realiza-el-seguimiento-de-600-pacientes-de-requena-a-traves-de-encasa\/","title":{"rendered":"Sanitat realiza el seguimiento de 600 pacientes de Requena a trav\u00e9s de &#8216;EnCasa&#8217;"},"content":{"rendered":"<p><figure id=\"attachment_26837\" aria-describedby=\"caption-attachment-26837\" style=\"width: 300px\" class=\"wp-caption alignleft\"><a href=\"https:\/\/www.tucomarca.com\/wordpress\/segunda\/2014\/05\/sanitat-realiza-el-seguimiento-de-600-pacientes-de-requena-a-traves-de-encasa\/encasa1_opt\/\" rel=\"attachment wp-att-26837\"><img loading=\"lazy\" decoding=\"async\" src=\"https:\/\/www.tucomarca.com\/wordpress\/segunda\/wp-content\/uploads\/2014\/05\/encasa1_opt-300x200.jpg\" alt=\"\" title=\"encasa1_opt\" width=\"300\" height=\"200\" class=\"size-medium wp-image-26837\" srcset=\"https:\/\/www.tucomarca.com\/wordpress\/segunda\/wp-content\/uploads\/2014\/05\/encasa1_opt-300x200.jpg 300w, https:\/\/www.tucomarca.com\/wordpress\/segunda\/wp-content\/uploads\/2014\/05\/encasa1_opt.jpg 400w\" sizes=\"auto, (max-width: 300px) 100vw, 300px\" \/><\/a><figcaption id=\"caption-attachment-26837\" class=\"wp-caption-text\">El conseller (dcha) durante su visita a Requena. tc.c<\/figcaption><\/figure>El conseller de Sanitat, Manuel Llombart, se ha personado este lunes en el hospital de Requena para conocer el balance que se ha realizado en el programa EnCasa, una novedosa herramienta para la gesti\u00f3n de base de datos que est\u00e1 permitiendo mejorar la atenci\u00f3n de pacientes cr\u00f3nicos.<\/p>\n<p>Se trata un programa pionero, gestionado por las Enfermeras Gestoras de Casos (EGC) para el control y seguimiento de los pacientes cr\u00f3nicos complejos y paliativos, proporcionando tanto a los pacientes como a sus familiares, los conocimientos y cuidados necesarios para controlar sus patolog\u00edas Adem\u00e1s, permite disminuir las asistencias a los servicios de urgencias y los ingresos.<\/p>\n<p>En este sentido, el Departamento de Salud de Requena cuenta desde el a\u00f1o 2011 con un programa de Gesti\u00f3n de Casos, formado por 7 enfermeras especializadas. Actualmente, la herramienta se ha actualizado y en estos momentos hay 600 pacientes incluidos en el sistema de base de datos a los que se les est\u00e1 realizando un control exhaustivo por parte de los profesionales implicados.<\/p>\n<p>Seg\u00fan ha destacado el conseller de Sanitat \u00abel programa EnCasa es una herramienta que facilita el trabajo diario de los profesionales implicados ya que pueden obtener de forma automatizada los indicadores asistenciales. Por otra parte, el sistema posibilita la creaci\u00f3n de un censo actualizado de la poblaci\u00f3n de enfermos cr\u00f3nicos del Departamento y sus cuidadores, lo que permite la puesta en marcha de estrategias oportunas de gesti\u00f3n y asistencia para cubrir las necesidades de atenci\u00f3n a este colectivo que consume el 80% de los recursos sanitarios\u00bb.<\/p>\n<p>De hecho, antes de la creaci\u00f3n de este programa los datos se recog\u00edan manualmente dificultando la labor de los profesionales, y con la incorporaci\u00f3n de esta base de datos se han conseguido m\u00faltiples mejoras como la creaci\u00f3n de un censo domiciliario din\u00e1mico, la obtenci\u00f3n de datos estad\u00edsticos o un seguimiento y continuidad de los cuidados de los pacientes de una forma m\u00e1s efectiva.<\/p>\n<p>En este sentido, Marisa de Reynoso, gerente del Departamento ha resaltado &#8216;la enorme implicaci\u00f3n y colaboraci\u00f3n del equipo de inform\u00e1tica para elaborar herramientas que facilitan el trabajo de los profesionales sanitarios y de la enfermer\u00eda que trabaja diariamente por dotar de la mejor asistencia a nuestros pacientes cr\u00f3nicos\u00bb.<\/p>\n<p>Por su parte, Amparo Mart\u00ednez, directora de Enfermer\u00eda de Atenci\u00f3n Primaria ha destacado que \u00abgracias a este programa sabemos en todo momento el estado del paciente, potenciando el flujo de informaci\u00f3n entre el hospital y su centro de atenci\u00f3n primaria. Esto ha generado una alta satisfacci\u00f3n de los pacientes incluidos en el programa\u00bb.<\/p>\n<p>Enfermeras Gestoras de Casos<br \/>\nEl proyecto de Enfermer\u00eda Gestoras de Casos funciona desde su pilotaje en el a\u00f1o 2007 y se ha ido implantando de forma progresiva desde el a\u00f1o 2011. La funci\u00f3n de estos profesionales es la de garantizar una atenci\u00f3n integrada y continua de los casos complejos a trav\u00e9s de su b\u00fasqueda activa y su gesti\u00f3n individualizada, enlazar las ubicaciones asistenciales y dar apoyo a los cuidadores.<\/p>\n<p>Actualmente, est\u00e1 implantado en 14 Departamentos sanitarios, y hay un total de 48 Enfermeras Gestoras. Sanitat tiene previsto incorporar 30 nuevas Enfermeras Gestoras de Casos a finales de 2014 para reforzar el \u00e1rea metropolitana de Valencia e incluir el programa en el Departamento de la Fe.<\/p>\n<p>Por su parte, el programa de Enfermeras Gestoras de Casos ha permitido reducir un 70% las visitas a urgencias y los ingresos hospitalarios de pacientes con patolog\u00edas complejas. Se trata de un programa que supone un beneficio en primer lugar para el paciente, para su familia y tambi\u00e9n para el sistema.<\/p>\n<p>Las enfermeras gestoras est\u00e1n realizando un importante papel en su labor de identificar al colectivo de pacientes complejos en cada departamento (enfermos cr\u00f3nicos avanzados y pacientes paliativos, en su mayor\u00eda con ingreso domiciliario) y organizando una respuesta sanitaria adecuada a sus necesidades.<\/p>\n","protected":false},"excerpt":{"rendered":"<div class=\"mh-excerpt\">El conseller de Sanitat, Manuel Llombart, se ha personado este lunes en el hospital de Requena para conocer el balance que se ha realizado en el programa EnCasa, una novedosa herramienta para la gesti\u00f3n de <a class=\"mh-excerpt-more\" href=\"https:\/\/www.tucomarca.com\/wordpress\/segunda\/sanitat-realiza-el-seguimiento-de-600-pacientes-de-requena-a-traves-de-encasa\/\" title=\"Sanitat realiza el seguimiento de 600 pacientes de Requena a trav\u00e9s de &#8216;EnCasa&#8217;\">[+] <\/a><\/div>\n","protected":false},"author":2,"featured_media":26837,"comment_status":"open","ping_status":"open","sticky":false,"template":"","format":"standard","meta":{"footnotes":""},"categories":[119,8,28,27,3],"tags":[4235,2357,3878,10388,1972],"class_list":{"0":"post-26836","1":"post","2":"type-post","3":"status-publish","4":"format-standard","5":"has-post-thumbnail","7":"category-sanidad-la-comarca","8":"category-la-comarca","9":"category-requena","10":"category-requena-utiel","11":"category-seccion","12":"tag-conseller","13":"tag-en-casa","14":"tag-manuel-llombart","15":"tag-requena","16":"tag-sanitat"},"_links":{"self":[{"href":"https:\/\/www.tucomarca.com\/wordpress\/segunda\/wp-json\/wp\/v2\/posts\/26836","targetHints":{"allow":["GET"]}}],"collection":[{"href":"https:\/\/www.tucomarca.com\/wordpress\/segunda\/wp-json\/wp\/v2\/posts"}],"about":[{"href":"https:\/\/www.tucomarca.com\/wordpress\/segunda\/wp-json\/wp\/v2\/types\/post"}],"author":[{"embeddable":true,"href":"https:\/\/www.tucomarca.com\/wordpress\/segunda\/wp-json\/wp\/v2\/users\/2"}],"replies":[{"embeddable":true,"href":"https:\/\/www.tucomarca.com\/wordpress\/segunda\/wp-json\/wp\/v2\/comments?post=26836"}],"version-history":[{"count":0,"href":"https:\/\/www.tucomarca.com\/wordpress\/segunda\/wp-json\/wp\/v2\/posts\/26836\/revisions"}],"wp:featuredmedia":[{"embeddable":true,"href":"https:\/\/www.tucomarca.com\/wordpress\/segunda\/wp-json\/wp\/v2\/media\/26837"}],"wp:attachment":[{"href":"https:\/\/www.tucomarca.com\/wordpress\/segunda\/wp-json\/wp\/v2\/media?parent=26836"}],"wp:term":[{"taxonomy":"category","embeddable":true,"href":"https:\/\/www.tucomarca.com\/wordpress\/segunda\/wp-json\/wp\/v2\/categories?post=26836"},{"taxonomy":"post_tag","embeddable":true,"href":"https:\/\/www.tucomarca.com\/wordpress\/segunda\/wp-json\/wp\/v2\/tags?post=26836"}],"curies":[{"name":"wp","href":"https:\/\/api.w.org\/{rel}","templated":true}]}}