{"id":268432,"date":"2025-06-05T10:55:00","date_gmt":"2025-06-05T08:55:00","guid":{"rendered":"https:\/\/www.tucomarca.com\/wordpress\/segunda\/?p=268432"},"modified":"2025-06-05T20:28:23","modified_gmt":"2025-06-05T18:28:23","slug":"el-alumnado-de-4o-de-eso-del-ies-ricardo-marin-de-cheste-presenta-al-ayuntamiento-un-proyecto-de-aprendizaje-servicio-para-concienciar-sobre-el-reciclaje","status":"publish","type":"post","link":"https:\/\/www.tucomarca.com\/wordpress\/segunda\/el-alumnado-de-4o-de-eso-del-ies-ricardo-marin-de-cheste-presenta-al-ayuntamiento-un-proyecto-de-aprendizaje-servicio-para-concienciar-sobre-el-reciclaje\/","title":{"rendered":"El alumnado de 4\u00ba de ESO del IES Ricardo Mar\u00edn de Cheste presenta al Ayuntamiento un proyecto de Aprendizaje-Servicio para concienciar sobre el reciclaje"},"content":{"rendered":"\n<p>El pasado martes, 3 de junio, una representaci\u00f3n del alumnado de 4\u00ba de ESO del IES Ricardo Mar\u00edn visit\u00f3 el Ayuntamiento de la mano de su profesora de Expresi\u00f3n Art\u00edstica, Yolanda Marco, para presentar el proyecto \u201cNos late reciclar\u201d.<\/p>\n\n\n\n<p>El alumnado fue recibido por el alcalde, Jos\u00e9 Morell, la concejala de Participaci\u00f3n, Rosa Zan\u00f3n, y la concejala de Turismo, Brenda Jim\u00e9nez, quienes escucharon la presentaci\u00f3n de la iniciativa por parte del alumnado y la profesora y agradecieron su implicaci\u00f3n para concienciar a la poblaci\u00f3n en materia de reciclaje.<\/p>\n\n\n\n<p>\u201cLa idea nace a partir de una realidad que todos conocemos: nuestras calles presentan un deterioro est\u00e9tico evidente, causado en gran parte por la falta de civismo a la hora de tirar la basura. Frente a esta situaci\u00f3n, los alumnos han decidido actuar. Han recogido latas de sus hogares, las han transformado en objetos art\u00edsticos con mensajes motivadores y pretenden colocarlas en puntos visibles del municipio. Frases pintadas con creatividad que invitan al respeto, al cuidado del Medio Ambiente y al orgullo de pertenecer a una comunidad limpia y consciente\u201d, explicaba Yolanda Marco. \u201cPedimos la Ayuntamiento el permiso para colocar estas frases enlatadas que han creado los alumnos y alumnas en determinados lugares del municipio donde pensamos que pueden funcionar mejor\u201d.<\/p>\n\n\n\n<p>Una de las alumnas ley\u00f3 el manifiesto elaborado para presentar el proyecto. \u201cQueremos usar la voz y el arte para enviar un mensaje claro y necesario, es urgente cuidar nuestro entorno y apostar por un Cheste m\u00e1s creativo y sostenible. Con estas latas queremos transmitir mensajes cotidianos que hablen por s\u00ed solos y que inviten a pensar\u201d.<\/p>\n\n\n\n<p>El acto se cerr\u00f3 con la entrega de una serie de obsequios al alumnado por parte del Consistorio, entre ellos un ejemplar de la Carta puebla de Cheste.<\/p>\n\n\n\n<figure class=\"wp-block-gallery has-nested-images columns-2 is-cropped wp-block-gallery-1 is-layout-flex wp-block-gallery-is-layout-flex\">\n<figure class=\"wp-block-image size-large\"><img loading=\"lazy\" decoding=\"async\" width=\"1024\" height=\"768\" data-id=\"268436\" src=\"https:\/\/www.tucomarca.com\/wordpress\/segunda\/wp-content\/uploads\/2025\/06\/Cheste_NosLateReciclar_2-1024x768.jpeg\" alt=\"\" class=\"wp-image-268436\" srcset=\"https:\/\/www.tucomarca.com\/wordpress\/segunda\/wp-content\/uploads\/2025\/06\/Cheste_NosLateReciclar_2-1024x768.jpeg 1024w, https:\/\/www.tucomarca.com\/wordpress\/segunda\/wp-content\/uploads\/2025\/06\/Cheste_NosLateReciclar_2-300x225.jpeg 300w, https:\/\/www.tucomarca.com\/wordpress\/segunda\/wp-content\/uploads\/2025\/06\/Cheste_NosLateReciclar_2-768x576.jpeg 768w, https:\/\/www.tucomarca.com\/wordpress\/segunda\/wp-content\/uploads\/2025\/06\/Cheste_NosLateReciclar_2-1536x1152.jpeg 1536w, https:\/\/www.tucomarca.com\/wordpress\/segunda\/wp-content\/uploads\/2025\/06\/Cheste_NosLateReciclar_2-2048x1536.jpeg 2048w, https:\/\/www.tucomarca.com\/wordpress\/segunda\/wp-content\/uploads\/2025\/06\/Cheste_NosLateReciclar_2-678x509.jpeg 678w, https:\/\/www.tucomarca.com\/wordpress\/segunda\/wp-content\/uploads\/2025\/06\/Cheste_NosLateReciclar_2-326x245.jpeg 326w, https:\/\/www.tucomarca.com\/wordpress\/segunda\/wp-content\/uploads\/2025\/06\/Cheste_NosLateReciclar_2-80x60.jpeg 80w\" sizes=\"auto, (max-width: 1024px) 100vw, 1024px\" \/><\/figure>\n\n\n\n<figure class=\"wp-block-image size-large\"><img loading=\"lazy\" decoding=\"async\" width=\"1024\" height=\"768\" data-id=\"268438\" src=\"https:\/\/www.tucomarca.com\/wordpress\/segunda\/wp-content\/uploads\/2025\/06\/Cheste_NosLateReciclar_3-1024x768.jpeg\" alt=\"\" class=\"wp-image-268438\" srcset=\"https:\/\/www.tucomarca.com\/wordpress\/segunda\/wp-content\/uploads\/2025\/06\/Cheste_NosLateReciclar_3-1024x768.jpeg 1024w, https:\/\/www.tucomarca.com\/wordpress\/segunda\/wp-content\/uploads\/2025\/06\/Cheste_NosLateReciclar_3-300x225.jpeg 300w, https:\/\/www.tucomarca.com\/wordpress\/segunda\/wp-content\/uploads\/2025\/06\/Cheste_NosLateReciclar_3-768x576.jpeg 768w, https:\/\/www.tucomarca.com\/wordpress\/segunda\/wp-content\/uploads\/2025\/06\/Cheste_NosLateReciclar_3-1536x1152.jpeg 1536w, https:\/\/www.tucomarca.com\/wordpress\/segunda\/wp-content\/uploads\/2025\/06\/Cheste_NosLateReciclar_3-2048x1536.jpeg 2048w, https:\/\/www.tucomarca.com\/wordpress\/segunda\/wp-content\/uploads\/2025\/06\/Cheste_NosLateReciclar_3-678x509.jpeg 678w, https:\/\/www.tucomarca.com\/wordpress\/segunda\/wp-content\/uploads\/2025\/06\/Cheste_NosLateReciclar_3-326x245.jpeg 326w, https:\/\/www.tucomarca.com\/wordpress\/segunda\/wp-content\/uploads\/2025\/06\/Cheste_NosLateReciclar_3-80x60.jpeg 80w\" sizes=\"auto, (max-width: 1024px) 100vw, 1024px\" \/><\/figure>\n\n\n\n<figure class=\"wp-block-image size-large\"><img loading=\"lazy\" decoding=\"async\" width=\"1024\" height=\"768\" data-id=\"268434\" src=\"https:\/\/www.tucomarca.com\/wordpress\/segunda\/wp-content\/uploads\/2025\/06\/Cheste_NosLateReciclar_1-1024x768.jpeg\" alt=\"\" class=\"wp-image-268434\" srcset=\"https:\/\/www.tucomarca.com\/wordpress\/segunda\/wp-content\/uploads\/2025\/06\/Cheste_NosLateReciclar_1-1024x768.jpeg 1024w, https:\/\/www.tucomarca.com\/wordpress\/segunda\/wp-content\/uploads\/2025\/06\/Cheste_NosLateReciclar_1-300x225.jpeg 300w, https:\/\/www.tucomarca.com\/wordpress\/segunda\/wp-content\/uploads\/2025\/06\/Cheste_NosLateReciclar_1-768x576.jpeg 768w, https:\/\/www.tucomarca.com\/wordpress\/segunda\/wp-content\/uploads\/2025\/06\/Cheste_NosLateReciclar_1-1536x1152.jpeg 1536w, https:\/\/www.tucomarca.com\/wordpress\/segunda\/wp-content\/uploads\/2025\/06\/Cheste_NosLateReciclar_1-2048x1536.jpeg 2048w, https:\/\/www.tucomarca.com\/wordpress\/segunda\/wp-content\/uploads\/2025\/06\/Cheste_NosLateReciclar_1-678x509.jpeg 678w, https:\/\/www.tucomarca.com\/wordpress\/segunda\/wp-content\/uploads\/2025\/06\/Cheste_NosLateReciclar_1-326x245.jpeg 326w, https:\/\/www.tucomarca.com\/wordpress\/segunda\/wp-content\/uploads\/2025\/06\/Cheste_NosLateReciclar_1-80x60.jpeg 80w\" sizes=\"auto, (max-width: 1024px) 100vw, 1024px\" \/><\/figure>\n\n\n\n<figure class=\"wp-block-image size-large\"><img loading=\"lazy\" decoding=\"async\" width=\"1024\" height=\"768\" data-id=\"268440\" src=\"https:\/\/www.tucomarca.com\/wordpress\/segunda\/wp-content\/uploads\/2025\/06\/Cheste_NosLateReciclar_4-1024x768.jpeg\" alt=\"\" class=\"wp-image-268440\" srcset=\"https:\/\/www.tucomarca.com\/wordpress\/segunda\/wp-content\/uploads\/2025\/06\/Cheste_NosLateReciclar_4-1024x768.jpeg 1024w, https:\/\/www.tucomarca.com\/wordpress\/segunda\/wp-content\/uploads\/2025\/06\/Cheste_NosLateReciclar_4-300x225.jpeg 300w, https:\/\/www.tucomarca.com\/wordpress\/segunda\/wp-content\/uploads\/2025\/06\/Cheste_NosLateReciclar_4-768x576.jpeg 768w, https:\/\/www.tucomarca.com\/wordpress\/segunda\/wp-content\/uploads\/2025\/06\/Cheste_NosLateReciclar_4-1536x1152.jpeg 1536w, https:\/\/www.tucomarca.com\/wordpress\/segunda\/wp-content\/uploads\/2025\/06\/Cheste_NosLateReciclar_4-2048x1536.jpeg 2048w, https:\/\/www.tucomarca.com\/wordpress\/segunda\/wp-content\/uploads\/2025\/06\/Cheste_NosLateReciclar_4-678x509.jpeg 678w, https:\/\/www.tucomarca.com\/wordpress\/segunda\/wp-content\/uploads\/2025\/06\/Cheste_NosLateReciclar_4-326x245.jpeg 326w, https:\/\/www.tucomarca.com\/wordpress\/segunda\/wp-content\/uploads\/2025\/06\/Cheste_NosLateReciclar_4-80x60.jpeg 80w\" sizes=\"auto, (max-width: 1024px) 100vw, 1024px\" \/><\/figure>\n<\/figure>\n","protected":false},"excerpt":{"rendered":"<div class=\"mh-excerpt\">El pasado martes, 3 de junio, una representaci\u00f3n del alumnado de 4\u00ba de ESO del IES Ricardo Mar\u00edn visit\u00f3 el Ayuntamiento de la mano de su profesora de Expresi\u00f3n Art\u00edstica, Yolanda Marco, para presentar el <a class=\"mh-excerpt-more\" href=\"https:\/\/www.tucomarca.com\/wordpress\/segunda\/el-alumnado-de-4o-de-eso-del-ies-ricardo-marin-de-cheste-presenta-al-ayuntamiento-un-proyecto-de-aprendizaje-servicio-para-concienciar-sobre-el-reciclaje\/\" title=\"El alumnado de 4\u00ba de ESO del IES Ricardo Mar\u00edn de Cheste presenta al Ayuntamiento un proyecto de Aprendizaje-Servicio para concienciar sobre el reciclaje\">[+] <\/a><\/div>\n","protected":false},"author":12,"featured_media":268444,"comment_status":"open","ping_status":"open","sticky":false,"template":"","format":"gallery","meta":{"footnotes":""},"categories":[17,128,8,10,117,7,3],"tags":[339,11578,5952,17355],"class_list":{"0":"post-268432","1":"post","2":"type-post","3":"status-publish","4":"format-gallery","5":"has-post-thumbnail","7":"category-cheste","8":"category-infraestructuras","9":"category-la-comarca","10":"category-la-hoya","11":"category-medio-ambiente-la-comarca","12":"category-ocio-y-cultura","13":"category-seccion","14":"tag-cheste-2","15":"tag-ies-ricardo-marin","16":"tag-la-hoya-de-bunol-chiva","17":"tag-yolanda-marco","18":"post_format-post-format-gallery"},"_links":{"self":[{"href":"https:\/\/www.tucomarca.com\/wordpress\/segunda\/wp-json\/wp\/v2\/posts\/268432","targetHints":{"allow":["GET"]}}],"collection":[{"href":"https:\/\/www.tucomarca.com\/wordpress\/segunda\/wp-json\/wp\/v2\/posts"}],"about":[{"href":"https:\/\/www.tucomarca.com\/wordpress\/segunda\/wp-json\/wp\/v2\/types\/post"}],"author":[{"embeddable":true,"href":"https:\/\/www.tucomarca.com\/wordpress\/segunda\/wp-json\/wp\/v2\/users\/12"}],"replies":[{"embeddable":true,"href":"https:\/\/www.tucomarca.com\/wordpress\/segunda\/wp-json\/wp\/v2\/comments?post=268432"}],"version-history":[{"count":0,"href":"https:\/\/www.tucomarca.com\/wordpress\/segunda\/wp-json\/wp\/v2\/posts\/268432\/revisions"}],"wp:featuredmedia":[{"embeddable":true,"href":"https:\/\/www.tucomarca.com\/wordpress\/segunda\/wp-json\/wp\/v2\/media\/268444"}],"wp:attachment":[{"href":"https:\/\/www.tucomarca.com\/wordpress\/segunda\/wp-json\/wp\/v2\/media?parent=268432"}],"wp:term":[{"taxonomy":"category","embeddable":true,"href":"https:\/\/www.tucomarca.com\/wordpress\/segunda\/wp-json\/wp\/v2\/categories?post=268432"},{"taxonomy":"post_tag","embeddable":true,"href":"https:\/\/www.tucomarca.com\/wordpress\/segunda\/wp-json\/wp\/v2\/tags?post=268432"}],"curies":[{"name":"wp","href":"https:\/\/api.w.org\/{rel}","templated":true}]}}