{"id":268886,"date":"2025-06-11T11:40:00","date_gmt":"2025-06-11T09:40:00","guid":{"rendered":"https:\/\/www.tucomarca.com\/wordpress\/segunda\/?p=268886"},"modified":"2025-06-11T18:41:46","modified_gmt":"2025-06-11T16:41:46","slug":"el-ayuntamiento-de-lliria-volvera-a-manos-del-pspv-psoe-el-proximo-4-de-julio","status":"publish","type":"post","link":"https:\/\/www.tucomarca.com\/wordpress\/segunda\/el-ayuntamiento-de-lliria-volvera-a-manos-del-pspv-psoe-el-proximo-4-de-julio\/","title":{"rendered":"El Ayuntamiento de Ll\u00edria volver\u00e1 a manos del PSPV-PSOE el pr\u00f3ximo 4 de julio"},"content":{"rendered":"\n<p>El pr\u00f3ximo <strong>4 de julio<\/strong> se celebrar\u00e1 un <strong>pleno extraordinario<\/strong> en el Ayuntamiento de <strong>Ll\u00edria<\/strong> para formalizar el relevo en la alcald\u00eda. Tal como establece el <strong>Pacto de l\u2019Almod\u00ed<\/strong>, el actual alcalde <strong>Joanma Miguel<\/strong>, de <strong>Comprom\u00eds<\/strong>, ceder\u00e1 el testigo al socialista <strong>Paco Gorrea<\/strong>, del <strong>PSPV-PSOE<\/strong>.<\/p>\n\n\n\n<p>Este pacto, firmado tras las \u00faltimas elecciones municipales, permiti\u00f3 la <strong>reedici\u00f3n del gobierno progresista<\/strong> en la localidad, con el objetivo de <strong>desplazar al Partido Popular<\/strong> y garantizar una mayor\u00eda de izquierdas durante la legislatura.<\/p>\n\n\n\n<p>Con este cambio, <strong>Paco Gorrea<\/strong> cerrar\u00e1 el mandato al frente de una coalici\u00f3n que ha gobernado de forma conjunta en esta etapa, enmarcando as\u00ed la continuidad de un proyecto progresista en Ll\u00edria.<\/p>\n","protected":false},"excerpt":{"rendered":"<div class=\"mh-excerpt\">El pr\u00f3ximo 4 de julio se celebrar\u00e1 un pleno extraordinario en el Ayuntamiento de Ll\u00edria para formalizar el relevo en la alcald\u00eda. Tal como establece el Pacto de l\u2019Almod\u00ed, el actual alcalde Joanma Miguel, de <a class=\"mh-excerpt-more\" href=\"https:\/\/www.tucomarca.com\/wordpress\/segunda\/el-ayuntamiento-de-lliria-volvera-a-manos-del-pspv-psoe-el-proximo-4-de-julio\/\" title=\"El Ayuntamiento de Ll\u00edria volver\u00e1 a manos del PSPV-PSOE el pr\u00f3ximo 4 de julio\">[+] <\/a><\/div>\n","protected":false},"author":12,"featured_media":268888,"comment_status":"open","ping_status":"open","sticky":false,"template":"","format":"standard","meta":{"footnotes":""},"categories":[46,128,8,47,142,3,45],"tags":[10395,10396,22639,22640],"class_list":{"0":"post-268886","1":"post","2":"type-post","3":"status-publish","4":"format-standard","5":"has-post-thumbnail","7":"category-camp-de-turia","8":"category-infraestructuras","9":"category-la-comarca","10":"category-lliria","11":"category-politica-la-comarca","12":"category-seccion","13":"category-ventana","14":"tag-camp-de-turia","15":"tag-lliria","16":"tag-pacto-de-lalmodi","17":"tag-pspv-psoe-de-lliria"},"_links":{"self":[{"href":"https:\/\/www.tucomarca.com\/wordpress\/segunda\/wp-json\/wp\/v2\/posts\/268886","targetHints":{"allow":["GET"]}}],"collection":[{"href":"https:\/\/www.tucomarca.com\/wordpress\/segunda\/wp-json\/wp\/v2\/posts"}],"about":[{"href":"https:\/\/www.tucomarca.com\/wordpress\/segunda\/wp-json\/wp\/v2\/types\/post"}],"author":[{"embeddable":true,"href":"https:\/\/www.tucomarca.com\/wordpress\/segunda\/wp-json\/wp\/v2\/users\/12"}],"replies":[{"embeddable":true,"href":"https:\/\/www.tucomarca.com\/wordpress\/segunda\/wp-json\/wp\/v2\/comments?post=268886"}],"version-history":[{"count":0,"href":"https:\/\/www.tucomarca.com\/wordpress\/segunda\/wp-json\/wp\/v2\/posts\/268886\/revisions"}],"wp:featuredmedia":[{"embeddable":true,"href":"https:\/\/www.tucomarca.com\/wordpress\/segunda\/wp-json\/wp\/v2\/media\/268888"}],"wp:attachment":[{"href":"https:\/\/www.tucomarca.com\/wordpress\/segunda\/wp-json\/wp\/v2\/media?parent=268886"}],"wp:term":[{"taxonomy":"category","embeddable":true,"href":"https:\/\/www.tucomarca.com\/wordpress\/segunda\/wp-json\/wp\/v2\/categories?post=268886"},{"taxonomy":"post_tag","embeddable":true,"href":"https:\/\/www.tucomarca.com\/wordpress\/segunda\/wp-json\/wp\/v2\/tags?post=268886"}],"curies":[{"name":"wp","href":"https:\/\/api.w.org\/{rel}","templated":true}]}}