{"id":269076,"date":"2025-06-12T10:50:00","date_gmt":"2025-06-12T08:50:00","guid":{"rendered":"https:\/\/www.tucomarca.com\/wordpress\/segunda\/?p=269076"},"modified":"2025-06-12T17:50:47","modified_gmt":"2025-06-12T15:50:47","slug":"el-circuit-ricardo-tormo-acoge-la-unica-cita-en-espana-del-kumho-fia-tcr-world-tour","status":"publish","type":"post","link":"https:\/\/www.tucomarca.com\/wordpress\/segunda\/el-circuit-ricardo-tormo-acoge-la-unica-cita-en-espana-del-kumho-fia-tcr-world-tour\/","title":{"rendered":"El Circuit Ricardo Tormo acoge la \u00fanica cita en Espa\u00f1a del Kumho FIA TCR &#8216;World Tour&#8217;"},"content":{"rendered":"\n<h3 class=\"wp-block-heading\">El trazado valenciano tambi\u00e9n albergar\u00e1 carreras de &#8216;TCR Spain&#8217;,\u00a0&#8216;CER&#8217; y del &#8216;Porsche Sprint Challenge Iberia&#8217;.<\/h3>\n\n\n\n<h3 class=\"wp-block-heading\">En la web del Circuito ya est\u00e1n a la venta las entradas a un precio \u00fanico de\u00a05 euros con acceso al &#8216;paddock&#8217; y a la tribuna de boxes.<\/h3>\n\n\n\n<p>El&nbsp;<a href=\"https:\/\/www.circuitricardotormo.com\/centro-tecnificacion-deportiva-del-motor\/\" target=\"_blank\" rel=\"noreferrer noopener\">Circuit Ricardo Tormo<\/a>&nbsp;celebra este fin de semana 14 y 15 de junio la \u00fanica prueba del Kumho FIA TCR &#8216;World Tour&#8217; que se celebra este a\u00f1o en territorio espa\u00f1ol. La competici\u00f3n internacional de turismos, que re\u00fane a los principales pilotos y equipos del mundo, celebrar\u00e1 en el trazado de Cheste su segunda cita del calendario 2025, junto con las carreras de TCR Spain, el Campeonato de Espa\u00f1a de Resistencia y la Porsche Sprint Challenge Iberia.<\/p>\n\n\n\n<p>Durante todo el fin de semana, desde las 09:00 hasta las 17:30 horas, se desarrollar\u00e1 un completo programa de entrenamientos, sesiones de clasificaci\u00f3n y carreras, con acceso abierto al p\u00fablico mediante una entrada \u00fanica al precio de 5 euros, ya disponible en la web del Circuit.<\/p>\n\n\n\n<p>Adem\u00e1s de la actividad deportiva, el evento ofrecer\u00e1 una amplia agenda de actividades complementarias en la zona de &#8216;paddock&#8217;. Todos los podios se celebrar\u00e1n en el escenario principal, que acoger\u00e1 tambi\u00e9n entrevistas con los pilotos y actuaciones musicales.<\/p>\n\n\n\n<p>El p\u00fablico tendr\u00e1 la oportunidad de acceder a zonas interactivas como los simuladores de conducci\u00f3n, un \u00e1rea Scalextric para todas las edades, una exposici\u00f3n de veh\u00edculos y una variada oferta de restauraci\u00f3n con &#8216;food trucks&#8217;.<\/p>\n\n\n\n<p>El s\u00e1bado a partir de las 18:00 horas est\u00e1 previsto el &#8216;After Race&#8217;, una actividad abierta en el &#8216;paddock&#8217; con m\u00fasica y animaci\u00f3n. Por su parte, el domingo a las 12:35 horas, se celebrar\u00e1 el &#8216;Pit Walk&#8217;, donde los asistentes podr\u00e1n asomarse a la zona de boxes, conocer a los pilotos, sacarse fotograf\u00edas y participar en una sesi\u00f3n de aut\u00f3grafos.<\/p>\n","protected":false},"excerpt":{"rendered":"<div class=\"mh-excerpt\">El trazado valenciano tambi\u00e9n albergar\u00e1 carreras de &#8216;TCR Spain&#8217;,\u00a0&#8216;CER&#8217; y del &#8216;Porsche Sprint Challenge Iberia&#8217;. En la web del Circuito ya est\u00e1n a la venta las entradas a un precio \u00fanico de\u00a05 euros con acceso <a class=\"mh-excerpt-more\" href=\"https:\/\/www.tucomarca.com\/wordpress\/segunda\/el-circuit-ricardo-tormo-acoge-la-unica-cita-en-espana-del-kumho-fia-tcr-world-tour\/\" title=\"El Circuit Ricardo Tormo acoge la \u00fanica cita en Espa\u00f1a del Kumho FIA TCR &#8216;World Tour&#8217;\">[+] <\/a><\/div>\n","protected":false},"author":12,"featured_media":269080,"comment_status":"open","ping_status":"open","sticky":false,"template":"","format":"standard","meta":{"footnotes":""},"categories":[4,83,17,6,8,10,91,3],"tags":[339,10474,5952],"class_list":{"0":"post-269076","1":"post","2":"type-post","3":"status-publish","4":"format-standard","5":"has-post-thumbnail","7":"category-agenda","8":"category-automovilismo","9":"category-cheste","10":"category-deportes","11":"category-la-comarca","12":"category-la-hoya","13":"category-motociclismo","14":"category-seccion","15":"tag-cheste-2","16":"tag-circuit-ricardo-tormo","17":"tag-la-hoya-de-bunol-chiva"},"_links":{"self":[{"href":"https:\/\/www.tucomarca.com\/wordpress\/segunda\/wp-json\/wp\/v2\/posts\/269076","targetHints":{"allow":["GET"]}}],"collection":[{"href":"https:\/\/www.tucomarca.com\/wordpress\/segunda\/wp-json\/wp\/v2\/posts"}],"about":[{"href":"https:\/\/www.tucomarca.com\/wordpress\/segunda\/wp-json\/wp\/v2\/types\/post"}],"author":[{"embeddable":true,"href":"https:\/\/www.tucomarca.com\/wordpress\/segunda\/wp-json\/wp\/v2\/users\/12"}],"replies":[{"embeddable":true,"href":"https:\/\/www.tucomarca.com\/wordpress\/segunda\/wp-json\/wp\/v2\/comments?post=269076"}],"version-history":[{"count":0,"href":"https:\/\/www.tucomarca.com\/wordpress\/segunda\/wp-json\/wp\/v2\/posts\/269076\/revisions"}],"wp:featuredmedia":[{"embeddable":true,"href":"https:\/\/www.tucomarca.com\/wordpress\/segunda\/wp-json\/wp\/v2\/media\/269080"}],"wp:attachment":[{"href":"https:\/\/www.tucomarca.com\/wordpress\/segunda\/wp-json\/wp\/v2\/media?parent=269076"}],"wp:term":[{"taxonomy":"category","embeddable":true,"href":"https:\/\/www.tucomarca.com\/wordpress\/segunda\/wp-json\/wp\/v2\/categories?post=269076"},{"taxonomy":"post_tag","embeddable":true,"href":"https:\/\/www.tucomarca.com\/wordpress\/segunda\/wp-json\/wp\/v2\/tags?post=269076"}],"curies":[{"name":"wp","href":"https:\/\/api.w.org\/{rel}","templated":true}]}}