{"id":269091,"date":"2025-06-12T10:25:00","date_gmt":"2025-06-12T08:25:00","guid":{"rendered":"https:\/\/www.tucomarca.com\/wordpress\/segunda\/?p=269091"},"modified":"2025-06-12T17:56:02","modified_gmt":"2025-06-12T15:56:02","slug":"la-diputacio-mejorara-el-acceso-al-poligono-ciutat-de-carlet-con-la-ampliacion-de-la-rotonda-de-la-carretera-cruz-negra","status":"publish","type":"post","link":"https:\/\/www.tucomarca.com\/wordpress\/segunda\/la-diputacio-mejorara-el-acceso-al-poligono-ciutat-de-carlet-con-la-ampliacion-de-la-rotonda-de-la-carretera-cruz-negra\/","title":{"rendered":"La Diputaci\u00f3 mejorar\u00e1 el acceso al pol\u00edgono &#8216;Ciutat de Carlet&#8217; con la ampliaci\u00f3n de la rotonda de la carretera Cruz Negra"},"content":{"rendered":"\n<h3 class=\"wp-block-heading\">El proyecto, que contempla una rotonda de mayor capacidad, un nuevo aparcamiento y mejores accesos, ya se encuentra en fase de informaci\u00f3n p\u00fablica.<\/h3>\n\n\n\n<h3 class=\"wp-block-heading\">La diputada de Carreteras, Reme Mazzolari resalta \u201cla coordinaci\u00f3n entre Diputaci\u00f3n y ayuntamiento en el dise\u00f1o de la actuaci\u00f3n, que es una garant\u00eda para que las soluciones propuestas den respuesta a las necesidades reales de los vecinos\u201d.<\/h3>\n\n\n\n<p>La Diputaci\u00f3 de Val\u00e8ncia da un paso decisivo para la mejora de la seguridad y fluidez del tr\u00e1fico en el acceso al pol\u00edgono \u201cCiutat de Carlet\u201d con el avance del expediente para la ampliaci\u00f3n de la rotonda existente en la carretera Cruz Negra. El proyecto, con un presupuesto base de licitaci\u00f3n de 2,2 millones de euros, se encuentra ya en fase de informaci\u00f3n p\u00fablica, lo que permite avanzar hacia la licitaci\u00f3n de las obras.<\/p>\n\n\n\n<p>La nueva rotonda, dise\u00f1ada en coordinaci\u00f3n con el ayuntamiento de Carlet, pasar\u00e1 de los 25 metros actuales a un radio exterior de 37 metros, incluyendo dos carriles de 3,5 metros y arcenes de 1,5 metros. Esta ampliaci\u00f3n permitir\u00e1 canalizar de forma m\u00e1s eficiente el tr\u00e1fico en uno de los principales puntos de conexi\u00f3n entre el casco urbano, los pol\u00edgonos industriales y la autov\u00eda A-7, y responde al crecimiento previsto en el planeamiento urban\u00edstico de la localidad.<\/p>\n\n\n\n<figure class=\"wp-block-image size-large\"><img loading=\"lazy\" decoding=\"async\" width=\"1024\" height=\"722\" src=\"https:\/\/www.tucomarca.com\/wordpress\/segunda\/wp-content\/uploads\/2025\/06\/proyecto-1024x722.jpg\" alt=\"\" class=\"wp-image-269101\" srcset=\"https:\/\/www.tucomarca.com\/wordpress\/segunda\/wp-content\/uploads\/2025\/06\/proyecto-1024x722.jpg 1024w, https:\/\/www.tucomarca.com\/wordpress\/segunda\/wp-content\/uploads\/2025\/06\/proyecto-300x212.jpg 300w, https:\/\/www.tucomarca.com\/wordpress\/segunda\/wp-content\/uploads\/2025\/06\/proyecto-768x542.jpg 768w, https:\/\/www.tucomarca.com\/wordpress\/segunda\/wp-content\/uploads\/2025\/06\/proyecto-1536x1083.jpg 1536w, https:\/\/www.tucomarca.com\/wordpress\/segunda\/wp-content\/uploads\/2025\/06\/proyecto-2048x1444.jpg 2048w\" sizes=\"auto, (max-width: 1024px) 100vw, 1024px\" \/><\/figure>\n\n\n\n<p>Adem\u00e1s de la mejora de la rotonda, el proyecto incluye la conexi\u00f3n directa de la ronda interior que discurre entre las calles Garb\u00ed y Mestral, evitando el cruce en T que exist\u00eda hasta ahora y permitiendo una incorporaci\u00f3n m\u00e1s segura y ordenada a la nueva rotonda.&nbsp;<\/p>\n\n\n\n<p>Tambi\u00e9n contempla la reorganizaci\u00f3n del tr\u00e1fico en las calles colindantes y la creaci\u00f3n de una nueva zona de aparcamiento de 3.348 metros cuadrados con capacidad para 119 veh\u00edculos. Las actuaciones se completan con mejoras en jardiner\u00eda, alumbrado, se\u00f1alizaci\u00f3n y canalizaci\u00f3n de aguas, todo ello siguiendo criterios de sostenibilidad y eficiencia energ\u00e9tica.<\/p>\n\n\n\n<p><strong>Una planificaci\u00f3n estrat\u00e9gica que convive con la emergencia<\/strong><\/p>\n\n\n\n<p>La diputada de Carreteras, Reme Mazzolari, ha recordado que \u201chace pocas semanas est\u00e1bamos en Carlet comprobando el avance de la reconstrucci\u00f3n del puente que colaps\u00f3 tras la dana\u2026 y ahora estamos avanzando de manera paralela en la ampliaci\u00f3n de la rotonda de acceso al pol\u00edgono, una obra que ya estaba planificada con anterioridad\u201d. Para Mazzolari, \u201cesto es una buena muestra de que la mejora de la red provincial no solo se basa en dar respuesta \u00e1gil a las emergencias, sino tambi\u00e9n en ejecutar una planificaci\u00f3n estrat\u00e9gica s\u00f3lida, con expedientes que se tramitan desde el \u00e1rea de Carreteras pensando en el desarrollo y la seguridad a medio y largo plazo\u201d.<\/p>\n\n\n\n<p>Asimismo, la diputada y vicepresidenta segunda destaca \u201cla importancia de que la Diputaci\u00f3 y el ayuntamiento de Carlet hayan trabajado de forma coordinada en el dise\u00f1o de esta actuaci\u00f3n. Esa colaboraci\u00f3n permite que las soluciones propuestas respondan de verdad a las necesidades de los vecinos, porque nadie mejor que el ayuntamiento conoce de primera mano la realidad del municipio\u201d.<\/p>\n\n\n\n<p>En este sentido, la alcaldesa de Carlet, Laura S\u00e1ez, ha subrayado que \u201ccon la ejecuci\u00f3n de este proyecto, la infraestructura quedar\u00e1 preparada para enlazar con los sectores industriales Piscina y Fornals, tal como contempla el planeamiento urban\u00edstico\u201d. S\u00e1ez ha destacado que \u201ceste dise\u00f1o no solo mejora el acceso actual, sino que anticipa las necesidades de movilidad derivadas de la expansi\u00f3n industrial de nuestro municipio\u201d. \u201cAdem\u00e1s, mejorar\u00e1 la capacidad de esta v\u00eda que es fundamental para la poblaci\u00f3n porque es la conexi\u00f3n con la A7\u201d, concluye la alcaldesa.<\/p>\n\n\n\n<p><strong>El puente sobre el Magro, abierto tras el verano<\/strong><\/p>\n\n\n\n<p>Tambi\u00e9n en Carlet, la Diputaci\u00f3 afronta ya la recta final de la reconstrucci\u00f3n del puente sobre el r\u00edo Magro, arrasado por la dana de octubre de 2024; una infraestructura que, seg\u00fan anunci\u00f3 el presidente Vicent Momp\u00f3 en una reciente visita \u201cse podr\u00e1 abrir al tr\u00e1fico en septiembre, si no hay ning\u00fan imprevisto; mientras que las obras finalizar\u00e1n pocas semanas despu\u00e9s, en el mes de octubre\u201d.<\/p>\n\n\n\n<p>La intervenci\u00f3n sobre un tramo de 45 metros cuenta con un presupuesto de 4,2 millones de euros, y plantea dotar de m\u00e1s permeabilidad al puente permitiendo una mayor facilidad de paso al flujo de agua durante cualquier evento extremo de lluvia, asegurando as\u00ed su integridad. De la misma manera, se mantendr\u00e1 el paso de servicios a trav\u00e9s del propio puente para recuperar su funcionalidad a todos los niveles.<\/p>\n","protected":false},"excerpt":{"rendered":"<div class=\"mh-excerpt\">El proyecto, que contempla una rotonda de mayor capacidad, un nuevo aparcamiento y mejores accesos, ya se encuentra en fase de informaci\u00f3n p\u00fablica. La diputada de Carreteras, Reme Mazzolari resalta \u201cla coordinaci\u00f3n entre Diputaci\u00f3n y <a class=\"mh-excerpt-more\" href=\"https:\/\/www.tucomarca.com\/wordpress\/segunda\/la-diputacio-mejorara-el-acceso-al-poligono-ciutat-de-carlet-con-la-ampliacion-de-la-rotonda-de-la-carretera-cruz-negra\/\" title=\"La Diputaci\u00f3 mejorar\u00e1 el acceso al pol\u00edgono &#8216;Ciutat de Carlet&#8217; con la ampliaci\u00f3n de la rotonda de la carretera Cruz Negra\">[+] <\/a><\/div>\n","protected":false},"author":12,"featured_media":269097,"comment_status":"open","ping_status":"open","sticky":false,"template":"","format":"standard","meta":{"footnotes":""},"categories":[291,21465,128,8,72,42,117,142,3,116],"tags":[10462,3677,1407],"class_list":{"0":"post-269091","1":"post","2":"type-post","3":"status-publish","4":"format-standard","5":"has-post-thumbnail","7":"category-carlet","8":"category-dana","9":"category-infraestructuras","10":"category-la-comarca","11":"category-sin-categorizar","12":"category-la-ribera","13":"category-medio-ambiente-la-comarca","14":"category-politica-la-comarca","15":"category-seccion","16":"category-sucesos-la-comarca","17":"tag-carlet","18":"tag-diputacio-de-valencia","19":"tag-ribera-alta"},"_links":{"self":[{"href":"https:\/\/www.tucomarca.com\/wordpress\/segunda\/wp-json\/wp\/v2\/posts\/269091","targetHints":{"allow":["GET"]}}],"collection":[{"href":"https:\/\/www.tucomarca.com\/wordpress\/segunda\/wp-json\/wp\/v2\/posts"}],"about":[{"href":"https:\/\/www.tucomarca.com\/wordpress\/segunda\/wp-json\/wp\/v2\/types\/post"}],"author":[{"embeddable":true,"href":"https:\/\/www.tucomarca.com\/wordpress\/segunda\/wp-json\/wp\/v2\/users\/12"}],"replies":[{"embeddable":true,"href":"https:\/\/www.tucomarca.com\/wordpress\/segunda\/wp-json\/wp\/v2\/comments?post=269091"}],"version-history":[{"count":0,"href":"https:\/\/www.tucomarca.com\/wordpress\/segunda\/wp-json\/wp\/v2\/posts\/269091\/revisions"}],"wp:featuredmedia":[{"embeddable":true,"href":"https:\/\/www.tucomarca.com\/wordpress\/segunda\/wp-json\/wp\/v2\/media\/269097"}],"wp:attachment":[{"href":"https:\/\/www.tucomarca.com\/wordpress\/segunda\/wp-json\/wp\/v2\/media?parent=269091"}],"wp:term":[{"taxonomy":"category","embeddable":true,"href":"https:\/\/www.tucomarca.com\/wordpress\/segunda\/wp-json\/wp\/v2\/categories?post=269091"},{"taxonomy":"post_tag","embeddable":true,"href":"https:\/\/www.tucomarca.com\/wordpress\/segunda\/wp-json\/wp\/v2\/tags?post=269091"}],"curies":[{"name":"wp","href":"https:\/\/api.w.org\/{rel}","templated":true}]}}