{"id":269498,"date":"2025-06-17T09:00:00","date_gmt":"2025-06-17T07:00:00","guid":{"rendered":"https:\/\/www.tucomarca.com\/wordpress\/segunda\/?p=269498"},"modified":"2025-06-17T18:46:50","modified_gmt":"2025-06-17T16:46:50","slug":"excursiones-de-verano-para-jovenes-de-entre-12-y-30-anos-en-cheste","status":"publish","type":"post","link":"https:\/\/www.tucomarca.com\/wordpress\/segunda\/excursiones-de-verano-para-jovenes-de-entre-12-y-30-anos-en-cheste\/","title":{"rendered":"Excursiones de verano para j\u00f3venes de entre 12 y 30 a\u00f1os en Cheste"},"content":{"rendered":"<div class=\"wp-block-image\">\n<figure class=\"alignleft size-large is-resized\"><img loading=\"lazy\" decoding=\"async\" width=\"724\" height=\"1024\" src=\"https:\/\/www.tucomarca.com\/wordpress\/segunda\/wp-content\/uploads\/2025\/06\/Cheste_ExcursionesVerano-724x1024.jpg\" alt=\"\" class=\"wp-image-269513\" style=\"width:385px;height:auto\" srcset=\"https:\/\/www.tucomarca.com\/wordpress\/segunda\/wp-content\/uploads\/2025\/06\/Cheste_ExcursionesVerano-724x1024.jpg 724w, https:\/\/www.tucomarca.com\/wordpress\/segunda\/wp-content\/uploads\/2025\/06\/Cheste_ExcursionesVerano-212x300.jpg 212w, https:\/\/www.tucomarca.com\/wordpress\/segunda\/wp-content\/uploads\/2025\/06\/Cheste_ExcursionesVerano-768x1086.jpg 768w, https:\/\/www.tucomarca.com\/wordpress\/segunda\/wp-content\/uploads\/2025\/06\/Cheste_ExcursionesVerano-1086x1536.jpg 1086w, https:\/\/www.tucomarca.com\/wordpress\/segunda\/wp-content\/uploads\/2025\/06\/Cheste_ExcursionesVerano-1448x2048.jpg 1448w, https:\/\/www.tucomarca.com\/wordpress\/segunda\/wp-content\/uploads\/2025\/06\/Cheste_ExcursionesVerano-scaled.jpg 1810w\" sizes=\"auto, (max-width: 724px) 100vw, 724px\" \/><\/figure>\n<\/div>\n\n\n<p>Desde la Concejal\u00eda de Juventud se han organizado cuatro excursiones veraniegas, de una jornada, para j\u00f3venes de entre 12 y 30 a\u00f1os.<\/p>\n\n\n\n<p>El 26 de junio, jueves, la excursi\u00f3n ser\u00e1 al parque acu\u00e1tico Aquarama, en Benic\u00e0ssim; el 10 de julio, al parque multiaventura Tot Aventura, en Cortes de Pall\u00e1s, y el 31 de julio, a la escuela de surf Posidonia, en Cullera. La \u00faltima de todas se ha organizado con fecha de 4 de septiembre, y ser\u00e1 a Terra M\u00edtica, en Benidorm.<\/p>\n\n\n\n<p>\u201cEsta iniciativa surge en el marco del Plan de Juventud de Cheste, en base a una demanda detectada tras meses de realizaci\u00f3n de encuestas y reuniones con j\u00f3venes de la poblaci\u00f3n; la t\u00e9cnica de Juventud, Sandra Sebasti\u00e0, est\u00e1 haciendo un gran trabajo en este sentido\u201d, ha explicado el concejal de Juventud, \u00d3scar Gald\u00f3n. \u201cVamos a seguir trabajando para ofrecer nuevas formas de ocio\u201d.<\/p>\n\n\n\n<p>El horario de las excursiones es de 8:00 a 20:00 aproximadamente y el precio es de 20 euros cada una, sin incluir almuerzo y comida, que deber\u00e1 llevar cada participante de casa. La inscripci\u00f3n se hace por WhatsApp al 673 65 30 90, donde se requerir\u00e1 la documentaci\u00f3n correspondiente (solicitud, DNI, justificante de pago y autorizaci\u00f3n en caso de menores) y se ofrecer\u00e1 informaci\u00f3n y asesoramiento al respecto. A trav\u00e9s de este medio tambi\u00e9n se har\u00e1n recordatorios de la informaci\u00f3n pr\u00e1ctica de cada actividad y se dar\u00e1n a conocer las siguientes propuestas organizadas desde el \u00e1rea de Juventud.<\/p>\n\n\n\n<p>\u201cDe momento la inscripci\u00f3n solo est\u00e1 abierta para la primera excursi\u00f3n, la de Aquarama, para el pr\u00f3ximo jueves 26 de junio\u201d, ha explicado la t\u00e9cnica municipal de Juventud. \u201cLa idea es que quien haya disfrutado de una actividad y se quiera apuntar a otra pase a la lista de espera para dar prioridad a quien no haya disfrutado de ninguna\u201d.<\/p>\n\n\n\n<p>El alcalde, por su parte, ha incidido en la pr\u00f3xima finalizaci\u00f3n del I Plan de Juventud de la poblaci\u00f3n. \u201cEn septiembre ya estar\u00e1 terminado el I Plan de Juventud de Cheste, un programa participativo elaborado con los j\u00f3venes de la localidad con el que pretendemos dar respuesta a sus necesidades; estas excursiones son un anticipo del resto de actividades que se van a realizar m\u00e1s adelante\u201d, ha declarado el alcalde, Jos\u00e9 Morell.<\/p>\n","protected":false},"excerpt":{"rendered":"<div class=\"mh-excerpt\">Desde la Concejal\u00eda de Juventud se han organizado cuatro excursiones veraniegas, de una jornada, para j\u00f3venes de entre 12 y 30 a\u00f1os. El 26 de junio, jueves, la excursi\u00f3n ser\u00e1 al parque acu\u00e1tico Aquarama, en <a class=\"mh-excerpt-more\" href=\"https:\/\/www.tucomarca.com\/wordpress\/segunda\/excursiones-de-verano-para-jovenes-de-entre-12-y-30-anos-en-cheste\/\" title=\"Excursiones de verano para j\u00f3venes de entre 12 y 30 a\u00f1os en Cheste\">[+] <\/a><\/div>\n","protected":false},"author":13,"featured_media":269513,"comment_status":"open","ping_status":"open","sticky":false,"template":"","format":"standard","meta":{"footnotes":""},"categories":[4,17,8,10,117,7,3],"tags":[339,5952,889],"class_list":{"0":"post-269498","1":"post","2":"type-post","3":"status-publish","4":"format-standard","5":"has-post-thumbnail","7":"category-agenda","8":"category-cheste","9":"category-la-comarca","10":"category-la-hoya","11":"category-medio-ambiente-la-comarca","12":"category-ocio-y-cultura","13":"category-seccion","14":"tag-cheste-2","15":"tag-la-hoya-de-bunol-chiva","16":"tag-verano"},"_links":{"self":[{"href":"https:\/\/www.tucomarca.com\/wordpress\/segunda\/wp-json\/wp\/v2\/posts\/269498","targetHints":{"allow":["GET"]}}],"collection":[{"href":"https:\/\/www.tucomarca.com\/wordpress\/segunda\/wp-json\/wp\/v2\/posts"}],"about":[{"href":"https:\/\/www.tucomarca.com\/wordpress\/segunda\/wp-json\/wp\/v2\/types\/post"}],"author":[{"embeddable":true,"href":"https:\/\/www.tucomarca.com\/wordpress\/segunda\/wp-json\/wp\/v2\/users\/13"}],"replies":[{"embeddable":true,"href":"https:\/\/www.tucomarca.com\/wordpress\/segunda\/wp-json\/wp\/v2\/comments?post=269498"}],"version-history":[{"count":0,"href":"https:\/\/www.tucomarca.com\/wordpress\/segunda\/wp-json\/wp\/v2\/posts\/269498\/revisions"}],"wp:featuredmedia":[{"embeddable":true,"href":"https:\/\/www.tucomarca.com\/wordpress\/segunda\/wp-json\/wp\/v2\/media\/269513"}],"wp:attachment":[{"href":"https:\/\/www.tucomarca.com\/wordpress\/segunda\/wp-json\/wp\/v2\/media?parent=269498"}],"wp:term":[{"taxonomy":"category","embeddable":true,"href":"https:\/\/www.tucomarca.com\/wordpress\/segunda\/wp-json\/wp\/v2\/categories?post=269498"},{"taxonomy":"post_tag","embeddable":true,"href":"https:\/\/www.tucomarca.com\/wordpress\/segunda\/wp-json\/wp\/v2\/tags?post=269498"}],"curies":[{"name":"wp","href":"https:\/\/api.w.org\/{rel}","templated":true}]}}