{"id":2695,"date":"2012-05-31T00:54:47","date_gmt":"2012-05-30T22:54:47","guid":{"rendered":"http:\/\/www.tucomarca.com\/wordpress\/segunda\/?p=2695"},"modified":"2012-05-31T00:54:47","modified_gmt":"2012-05-30T22:54:47","slug":"jose-sarrion-ochando-ya-ejerce-como-presidente-de-la-unio-musical-de-benaguasil","status":"publish","type":"post","link":"https:\/\/www.tucomarca.com\/wordpress\/segunda\/jose-sarrion-ochando-ya-ejerce-como-presidente-de-la-unio-musical-de-benaguasil\/","title":{"rendered":"Jos\u00e9 Sarri\u00f3n Ochando ya ejerce como presidente de La Uni\u00f3 Musical de Benaguasil"},"content":{"rendered":"<figure id=\"attachment_2703\" aria-describedby=\"caption-attachment-2703\" style=\"width: 300px\" class=\"wp-caption alignleft\"><a href=\"https:\/\/www.tucomarca.com\/wordpress\/segunda\/wp-content\/uploads\/2012\/05\/presibenaguasil.jpg\"><img loading=\"lazy\" decoding=\"async\" class=\"size-medium wp-image-2703\" title=\"presibenaguasil\" src=\"https:\/\/www.tucomarca.com\/wordpress\/segunda\/wp-content\/uploads\/2012\/05\/presibenaguasil-300x173.jpg\" alt=\"Jos\u00e9 Sarri\u00f3n ochando es el nuevo presidente.\" width=\"300\" height=\"173\" srcset=\"https:\/\/www.tucomarca.com\/wordpress\/segunda\/wp-content\/uploads\/2012\/05\/presibenaguasil-300x173.jpg 300w, https:\/\/www.tucomarca.com\/wordpress\/segunda\/wp-content\/uploads\/2012\/05\/presibenaguasil.jpg 561w\" sizes=\"auto, (max-width: 300px) 100vw, 300px\" \/><\/a><figcaption id=\"caption-attachment-2703\" class=\"wp-caption-text\">Jos\u00e9 Sarri\u00f3n ochando es el nuevo presidente.<\/figcaption><\/figure>\n<p>La Asamblea Extraordinaria convocada por La Uni\u00f3 Musical de Benaguasil el pasado 18 de mayo sirvi\u00f3 para formalizar el nombramiento de Jos\u00e9 Sarri\u00f3n Ochando como nuevo presidente de esta instituci\u00f3n musical.<\/p>\n<p>Ochando encabez\u00f3 la \u00fanica candidatura presentada, por lo que obtuvo el voto un\u00e1nime de los presentes. Adem\u00e1s, el equipo directivo ratific\u00f3 en su puesto a la directora de la escuela de m\u00fasica, Ana Isabel G\u00f3mez, de quien se destac\u00f3 el trabajo encomiable que est\u00e1 realizando en la base hasta el punto de convertirse en referente del Camp del T\u00faria.<\/p>\n<p>El hecho de que los m\u00fasicos de la entidad apuesten por adquirir mayor protagonismo en el \u00f3rgano directivo ha sido acogido con buenos ojos entre la masa social.<\/p>\n<p>&nbsp;<\/p>\n","protected":false},"excerpt":{"rendered":"<div class=\"mh-excerpt\">La Asamblea Extraordinaria convocada por La Uni\u00f3 Musical de Benaguasil el pasado 18 de mayo sirvi\u00f3 para formalizar el nombramiento de Jos\u00e9 Sarri\u00f3n Ochando como nuevo presidente de esta instituci\u00f3n musical. Ochando encabez\u00f3 la \u00fanica <a class=\"mh-excerpt-more\" href=\"https:\/\/www.tucomarca.com\/wordpress\/segunda\/jose-sarrion-ochando-ya-ejerce-como-presidente-de-la-unio-musical-de-benaguasil\/\" title=\"Jos\u00e9 Sarri\u00f3n Ochando ya ejerce como presidente de La Uni\u00f3 Musical de Benaguasil\">[+] <\/a><\/div>\n","protected":false},"author":2,"featured_media":2703,"comment_status":"open","ping_status":"open","sticky":false,"template":"","format":"standard","meta":{"footnotes":""},"categories":[172,46,66,7,3],"tags":[],"class_list":{"0":"post-2695","1":"post","2":"type-post","3":"status-publish","4":"format-standard","5":"has-post-thumbnail","7":"category-benaguasil","8":"category-camp-de-turia","9":"category-musica","10":"category-ocio-y-cultura","11":"category-seccion"},"_links":{"self":[{"href":"https:\/\/www.tucomarca.com\/wordpress\/segunda\/wp-json\/wp\/v2\/posts\/2695","targetHints":{"allow":["GET"]}}],"collection":[{"href":"https:\/\/www.tucomarca.com\/wordpress\/segunda\/wp-json\/wp\/v2\/posts"}],"about":[{"href":"https:\/\/www.tucomarca.com\/wordpress\/segunda\/wp-json\/wp\/v2\/types\/post"}],"author":[{"embeddable":true,"href":"https:\/\/www.tucomarca.com\/wordpress\/segunda\/wp-json\/wp\/v2\/users\/2"}],"replies":[{"embeddable":true,"href":"https:\/\/www.tucomarca.com\/wordpress\/segunda\/wp-json\/wp\/v2\/comments?post=2695"}],"version-history":[{"count":0,"href":"https:\/\/www.tucomarca.com\/wordpress\/segunda\/wp-json\/wp\/v2\/posts\/2695\/revisions"}],"wp:featuredmedia":[{"embeddable":true,"href":"https:\/\/www.tucomarca.com\/wordpress\/segunda\/wp-json\/wp\/v2\/media\/2703"}],"wp:attachment":[{"href":"https:\/\/www.tucomarca.com\/wordpress\/segunda\/wp-json\/wp\/v2\/media?parent=2695"}],"wp:term":[{"taxonomy":"category","embeddable":true,"href":"https:\/\/www.tucomarca.com\/wordpress\/segunda\/wp-json\/wp\/v2\/categories?post=2695"},{"taxonomy":"post_tag","embeddable":true,"href":"https:\/\/www.tucomarca.com\/wordpress\/segunda\/wp-json\/wp\/v2\/tags?post=2695"}],"curies":[{"name":"wp","href":"https:\/\/api.w.org\/{rel}","templated":true}]}}