{"id":2697,"date":"2012-05-30T20:22:13","date_gmt":"2012-05-30T18:22:13","guid":{"rendered":"http:\/\/www.tucomarca.com\/wordpress\/segunda\/?p=2697"},"modified":"2012-05-30T20:22:13","modified_gmt":"2012-05-30T18:22:13","slug":"tyrius-alerta-de-los-%c2%abtimos%c2%bb-detectados-en-municipios-de-la-hoya-y-la-ribera-a-cargo-de-agentes-del-gas","status":"publish","type":"post","link":"https:\/\/www.tucomarca.com\/wordpress\/segunda\/tyrius-alerta-de-los-%c2%abtimos%c2%bb-detectados-en-municipios-de-la-hoya-y-la-ribera-a-cargo-de-agentes-del-gas\/","title":{"rendered":"Tyrius alerta de los \u00abtimos\u00bb detectados en municipios de La Hoya y La Ribera a cargo de agentes del gas"},"content":{"rendered":"<p>La asociaci\u00f3n de amas de casa y  consumidores Tyrius ha detectado en varios municipios de La Hoya de  Bu\u00f1ol-Chiva y de la Ribera que agentes en representaci\u00f3n de Iberdrola  Generaci\u00f3n est\u00e1n llevando a cabo una campa\u00f1a, en la que se ofrece a los  clientes la posibilidad de cambiar el periodo de facturaci\u00f3n de un mes a  dos meses, es decir a facturaci\u00f3n bimensual.<\/p>\n<div id=\"text_speech\">Tal como han advertido fuentes de Tyrius en un comunicado, \u00ablo  cierto es que bajo dicho gancho, estos comerciales, que se personan sin  previo aviso en el domicilio de los clientes, no les advierten de lo que  realmente conlleva la suscripci\u00f3n de los contratos ofrecidos al  usuario\u00bb.<\/p>\n<p>Al respecto, la asociaci\u00f3n de consumidores ha comprobado que el  documento consiste en un contrato \u00abde energ\u00eda de suministros de  electricidad y gas\u00bb, lo que conlleva \u00abno solo una modificaci\u00f3n de las  condiciones contractuales que pudiera tener el usuario de electricidad,  sino a su vez, la contrataci\u00f3n del suministro de gas, habi\u00e9ndose dado el  supuesto incluso, de contrataciones del suministro de gas natural en  localidades que carecen del mismo\u00bb.<\/p>\n<p>Seg\u00fan Tyrius, tampoco informan de que el nuevo contrato no se  rige por la tarifa de \u00faltimo recurso (TUR) que es la habitual en  usuarios dom\u00e9sticos, por lo que desde ese momento entrar\u00eda al mercado  libre, y el precio del kilowatio podr\u00eda ser superior al que se le ven\u00eda  facturando. Adem\u00e1s, no explican que el nuevo contrato obliga a una  permanencia de un a\u00f1o.<\/p>\n<p>As\u00ed, Tyrius considera que la campa\u00f1a comercial llevada a cabo  por agentes en representaci\u00f3n de la el\u00e9ctrica \u00abest\u00e1 incurriendo  posiblemente en una pr\u00e1ctica comercial agresiva\u00bb, dado que \u00abla  informaci\u00f3n verbal facilitada al consumidor dista de las que realmente  figura en el contrato, donde se determina un periodo de permanencia, as\u00ed  como la contrataci\u00f3n de productos adicionales tales como urgencias  el\u00e9ctricas\u00bb.<\/p>\n<p>En este sentido, la asociaci\u00f3n ha recordado que el usuario tiene  derecho cancelar el contrato en un plazo de siete d\u00edas cuando se ha  firmado fuera de un establecimiento comercial. Por todo eso, *Tyrius ha  instado a las personas afectadas a que acudan a las asociaciones de  consumidores para tramitar la consiguiente reclamaci\u00f3n<\/p><\/div>\n","protected":false},"excerpt":{"rendered":"<div class=\"mh-excerpt\">La asociaci\u00f3n de amas de casa y consumidores Tyrius ha detectado en varios municipios de La Hoya de Bu\u00f1ol-Chiva y de la Ribera que agentes en representaci\u00f3n de Iberdrola Generaci\u00f3n est\u00e1n llevando a cabo una <a class=\"mh-excerpt-more\" href=\"https:\/\/www.tucomarca.com\/wordpress\/segunda\/tyrius-alerta-de-los-%c2%abtimos%c2%bb-detectados-en-municipios-de-la-hoya-y-la-ribera-a-cargo-de-agentes-del-gas\/\" title=\"Tyrius alerta de los \u00abtimos\u00bb detectados en municipios de La Hoya y La Ribera a cargo de agentes del gas\">[+] <\/a><\/div>\n","protected":false},"author":1,"featured_media":0,"comment_status":"open","ping_status":"open","sticky":false,"template":"","format":"standard","meta":{"footnotes":""},"categories":[8,10,42,3],"tags":[],"class_list":{"0":"post-2697","1":"post","2":"type-post","3":"status-publish","4":"format-standard","6":"category-la-comarca","7":"category-la-hoya","8":"category-la-ribera","9":"category-seccion"},"_links":{"self":[{"href":"https:\/\/www.tucomarca.com\/wordpress\/segunda\/wp-json\/wp\/v2\/posts\/2697","targetHints":{"allow":["GET"]}}],"collection":[{"href":"https:\/\/www.tucomarca.com\/wordpress\/segunda\/wp-json\/wp\/v2\/posts"}],"about":[{"href":"https:\/\/www.tucomarca.com\/wordpress\/segunda\/wp-json\/wp\/v2\/types\/post"}],"author":[{"embeddable":true,"href":"https:\/\/www.tucomarca.com\/wordpress\/segunda\/wp-json\/wp\/v2\/users\/1"}],"replies":[{"embeddable":true,"href":"https:\/\/www.tucomarca.com\/wordpress\/segunda\/wp-json\/wp\/v2\/comments?post=2697"}],"version-history":[{"count":0,"href":"https:\/\/www.tucomarca.com\/wordpress\/segunda\/wp-json\/wp\/v2\/posts\/2697\/revisions"}],"wp:attachment":[{"href":"https:\/\/www.tucomarca.com\/wordpress\/segunda\/wp-json\/wp\/v2\/media?parent=2697"}],"wp:term":[{"taxonomy":"category","embeddable":true,"href":"https:\/\/www.tucomarca.com\/wordpress\/segunda\/wp-json\/wp\/v2\/categories?post=2697"},{"taxonomy":"post_tag","embeddable":true,"href":"https:\/\/www.tucomarca.com\/wordpress\/segunda\/wp-json\/wp\/v2\/tags?post=2697"}],"curies":[{"name":"wp","href":"https:\/\/api.w.org\/{rel}","templated":true}]}}