{"id":269800,"date":"2025-06-18T09:56:00","date_gmt":"2025-06-18T07:56:00","guid":{"rendered":"https:\/\/www.tucomarca.com\/wordpress\/segunda\/?p=269800"},"modified":"2025-06-18T18:56:34","modified_gmt":"2025-06-18T16:56:34","slug":"la-diputacion-impulsa-los-festivales-del-territorio-bobal-fest-y-nomade-con-artistas-como-santiago-auseron-y-mikel-erentxun","status":"publish","type":"post","link":"https:\/\/www.tucomarca.com\/wordpress\/segunda\/la-diputacion-impulsa-los-festivales-del-territorio-bobal-fest-y-nomade-con-artistas-como-santiago-auseron-y-mikel-erentxun\/","title":{"rendered":"La Diputaci\u00f3n impulsa los festivales del territorio Bobal Fest y N\u00f3made con artistas como Santiago Auser\u00f3n y Mikel Erentxun"},"content":{"rendered":"\n<h3 class=\"wp-block-heading\">La vicepresidenta Nat\u00e0lia Enguix presenta el acto en el que se da a conocer la programaci\u00f3n de los eventos, subvencionados con 240.000 euros por el \u00e1rea de Comarcalizaci\u00f3n: \u201ccreemos en el potencial de nuestros pueblos y las personas que los habitan. La cultura puede transformar y cohesionar\u201d.<\/h3>\n\n\n\n<h3 class=\"wp-block-heading\">El Tierra Bobal Fest se celebrar\u00e1 entre el 27 y el 29 de junio en Requena, Utiel, Sinarcas y Villargordo del Cabriel, con m\u00fasica, gastronom\u00eda, actividades acu\u00e1ticas y senderismo. El N\u00f3made llegar\u00e1 a Ontinyent, Moixent, Bocairent, Fontanars y La Font de la Figuera del 26 al 28 de septiembre.<\/h3>\n\n\n\n<p>\u201cTierra Bobal Fest y N\u00f3made son mucho m\u00e1s que festivales musicales; son proyectos culturales y espacios de encuentro, identidad y reivindicaci\u00f3n\u201d. De esta manera ha presentado la vicepresidenta primera de la Diputaci\u00f3n, Nat\u00e0lia Enguix, el acto en el que se ha dado a conocer la programaci\u00f3n de ambos eventos, que cuentan con una subvenci\u00f3n conjunta de 240.000 euros por parte del \u00e1rea de Comarcalizaci\u00f3n que coordina la propia Enguix. \u201cLa cultura debe ser una herramienta de transformaci\u00f3n, cohesi\u00f3n social y dinamizaci\u00f3n econ\u00f3mica, y estos festivales responden a esa necesidad conectando la m\u00fasica con el enoturismo y el patrimonio\u201d, ha destacado la vicepresidenta.<\/p>\n\n\n\n<p>El Tierra Bobal Fest se celebrar\u00e1 entre el 27 y el 29 de junio en la plana de Utiel-Requena. Conciertos, catas de vino, degustaciones gastron\u00f3micas, rutas senderistas y visitas patrimoniales forman parte de un programa que se desarrollar\u00e1 en Utiel, Requena, Sinarcas y Villargordo del Cabriel. De la plana saltamos a la Costera y la Vall d\u2019Albaida, que acoger\u00e1 el N\u00f3made entre el 26 y el 28 de septiembre, con una programaci\u00f3n multicultural que llegar\u00e1 a Ontinyent, Bocairent, Moixent, Fontanars dels Alforins y La Font de la Figuera.&nbsp;<\/p>\n\n\n\n<p>En palabras de Nat\u00e0lia Enguix, estos festivales \u201cresponden a una apuesta estrat\u00e9gica por redistribuir los recursos de forma justa por el territorio, fomentando el turismo sostenible y dando respuesta al reto contra la despoblaci\u00f3n\u201d. \u201cTendremos grandes conciertos como el de Santiago Auser\u00f3n o el de Duncan Dhu, con Mikel Erentxun, pero adem\u00e1s de la m\u00fasica estamos llevando vida, autoestima y oportunidades a lugares muchas veces invisibilizados\u201d, apunta Enguix, quien cree firmemente en \u201cel valor del territorio, de la cultura y de las personas que viven y trabajan en nuestros pueblos\u201d.<\/p>\n\n\n\n<p>El director de Festivales Territorio, Carlos Montilla, ha detallado el programa de ambos eventos, como responsable de una propuesta \u201cdiversa, valiente y conectada con el territorio, fusionando experiencias culturales y gastron\u00f3micas, al tiempo que se disfruta del patrimonio y la naturaleza\u201d. \u201cLos artistas pueden ser un reclamo, pero los protagonistas son los pueblos y su patrimonio, que nos ofrecen experiencias \u00fanicas y un tipo de ocio m\u00e1s familiar que nos conecta y acerca a personas de distinta procedencia\u201d, explica Montilla, quien destaca \u201cesos grupos que se conocen en los Festivales Territorio y quedan en el Ribeira Sacra, el Rioja Alavesa o los que se celebran en Valencia\u201d.<\/p>\n\n\n\n<p><strong>Catas con estrellas<\/strong><\/p>\n\n\n\n<p>El Tierra Bobal Fest, referente cultural de los municipios de la Mancomunidad Interior Tierra del Vino, cuenta con una subvenci\u00f3n de 100.000 euros de la Diputaci\u00f3n. Santiago Auser\u00f3n &amp; la Academia Nocturna ser\u00e1 el referente de un cartel musical con Morgan, Conociendo Rusia, Josh Rouse, Guadi Galego y Lady Moon dj Set. Entre las experiencias, encontramos la cata de la DO Utiel, el T\u00fanel del Vino en Requena, actividades acu\u00e1ticas, una ruta del patrimonio y recorridos senderistas.&nbsp;<\/p>\n\n\n\n<p>El alcalde de Venta del Moro y presidente de la Mancomunidad Interior Tierra del Vino, Luis Francisco L\u00f3pez, ha agradecido la implicaci\u00f3n de la Diputaci\u00f3n en el proyecto, que incluye esa tierra bobal donde \u201ccada rinc\u00f3n est\u00e1 lleno de historia y vida\u201d. L\u00f3pez ha destacado como novedad de la tercera edici\u00f3n del Bobal Fest el mercado gastro-sano con restaurantes, bodegas y artesanos, y ha hecho oficial la invitaci\u00f3n para todo aquel que quiera disfrutar de \u201cm\u00fasica en directo, patrimonio, naturaleza, gastronom\u00eda y catas de vino con estrellas\u201d.<\/p>\n\n\n\n<p>Entre los escenarios de la nueva edici\u00f3n del Bobal Fest tenemos el Patio de Armas del Castillo de Requena, el Centro de Turismo Rural las Vi\u00f1uelas de Sinarcas, la plaza de la Fuente de Villargordo del Cabriel, la bodega Redonda de Utiel, la Iglesia de Santa Mar\u00eda y las Cuevas de la Villa de Requena, el Kikopark rural de Villargordo, las bodegas Mercedes del Cabriel y Pasiego, de Villargordo y Sinarcas, y el parque natural de las Hoces del Cabriel.<\/p>\n\n\n\n<p><strong>N\u00f3made, femenino y plural<\/strong><\/p>\n\n\n\n<p>La cuarta edici\u00f3n del Festival N\u00f3made consolida las comarcas de la Vall d\u2019Albaida y la Costera como \u201cescenario musical diverso y plural, con voces j\u00f3venes y femeninas\u201d. Mikel Erentxun con Duncan Dhu encabeza un cartel con Las Migas, La Mar\u00eda, Cosmic Wacho, Los Mejillones Tigre y Hermano Salvaje. Pero el festival es mucho m\u00e1s que m\u00fasica, como ya avanz\u00f3 Nat\u00e0lia Enguix y como recuerda Jos\u00e9 Luis Gij\u00f3n, alcalde de Cerd\u00e0 y presidente de la Mancomunidad de la Costera: \u201ctenemos mucho que compartir y disfrutar en las comarcas de interior, no solo con la riqueza paisaj\u00edstica sino con la calidad de nuestros productos y la amabilidad de nuestras gentes\u201d.<\/p>\n\n\n\n<p>El propio Gij\u00f3n ha puesto \u00e9nfasis en la capacidad del N\u00f3made, que alcanza su cuarta edici\u00f3n, para \u201cpotenciar en el exterior los productos de nuestras comarcas, en un momento especialmente complicado en materia econ\u00f3mica y de exportaciones. Es evidente que la repercusi\u00f3n del festival va mucho m\u00e1s all\u00e1 de los tres d\u00edas en que se celebra\u201d. Bodegas Arr\u00e1ez, la Bastida de les Alcusses, la Vi\u00f1a Alfar\u00f3, las calles de Bocairent, el Museo Textil de Ontinyent, Finca la Escalera, Taulell Gastron\u00f2mic y A Le\u00f1a cocina rural son algunos de los escenarios del N\u00f3made de este a\u00f1o.<\/p>\n\n\n\n<p>Mientras el Bobal Fest coincide con la apertura del verano, el N\u00f3made cerrar\u00e1 una vez m\u00e1s la temporada estival mostrando a los visitantes los encantos y tradiciones de esos pueblos llenos de vida. \u201cEs un proyecto que pone en valor nuestro territorio y en la Diputaci\u00f3n hemos querido hacerlo nuestro junto a los ayuntamientos y mancomunidades, que comparten nuestra forma de hacer las cosas, con ilusi\u00f3n y esperanza\u201d, concluye Nat\u00e0lia Enguix.<\/p>\n\n\n\n<p>Las personas interesadas en las actividades propuestas por el Bobal Fest y el N\u00f3made pueden adquirir los bonos festival en las webs de cada evento, con los que podr\u00e1n disfrutar de los conciertos musicales y de las experiencias paralelas que hay programadas cada d\u00eda. La cantautora valenciana Ana Zome\u00f1o, que pondr\u00e1 la nota musical en algunas de las actividades programadas, ha cerrado el acto en el patio del Palau dels Scala de la Diputaci\u00f3n.<\/p>\n\n\n\n<figure class=\"wp-block-image size-large\"><img loading=\"lazy\" decoding=\"async\" width=\"1024\" height=\"665\" src=\"https:\/\/www.tucomarca.com\/wordpress\/segunda\/wp-content\/uploads\/2025\/06\/Dipu_TierraBobalFest02-1024x665.jpg\" alt=\"\" class=\"wp-image-269806\" srcset=\"https:\/\/www.tucomarca.com\/wordpress\/segunda\/wp-content\/uploads\/2025\/06\/Dipu_TierraBobalFest02-1024x665.jpg 1024w, https:\/\/www.tucomarca.com\/wordpress\/segunda\/wp-content\/uploads\/2025\/06\/Dipu_TierraBobalFest02-300x195.jpg 300w, https:\/\/www.tucomarca.com\/wordpress\/segunda\/wp-content\/uploads\/2025\/06\/Dipu_TierraBobalFest02-768x499.jpg 768w, https:\/\/www.tucomarca.com\/wordpress\/segunda\/wp-content\/uploads\/2025\/06\/Dipu_TierraBobalFest02-1536x998.jpg 1536w, https:\/\/www.tucomarca.com\/wordpress\/segunda\/wp-content\/uploads\/2025\/06\/Dipu_TierraBobalFest02-2048x1331.jpg 2048w\" sizes=\"auto, (max-width: 1024px) 100vw, 1024px\" \/><\/figure>\n","protected":false},"excerpt":{"rendered":"<div class=\"mh-excerpt\">La vicepresidenta Nat\u00e0lia Enguix presenta el acto en el que se da a conocer la programaci\u00f3n de los eventos, subvencionados con 240.000 euros por el \u00e1rea de Comarcalizaci\u00f3n: \u201ccreemos en el potencial de nuestros pueblos <a class=\"mh-excerpt-more\" href=\"https:\/\/www.tucomarca.com\/wordpress\/segunda\/la-diputacion-impulsa-los-festivales-del-territorio-bobal-fest-y-nomade-con-artistas-como-santiago-auseron-y-mikel-erentxun\/\" title=\"La Diputaci\u00f3n impulsa los festivales del territorio Bobal Fest y N\u00f3made con artistas como Santiago Auser\u00f3n y Mikel Erentxun\">[+] <\/a><\/div>\n","protected":false},"author":13,"featured_media":269803,"comment_status":"open","ping_status":"open","sticky":false,"template":"","format":"standard","meta":{"footnotes":""},"categories":[4,66,8,72,7,28,27,3,235,29,45,120],"tags":[20938,10388,10387,10455,10389,10761],"class_list":{"0":"post-269800","1":"post","2":"type-post","3":"status-publish","4":"format-standard","5":"has-post-thumbnail","7":"category-agenda","8":"category-musica","9":"category-la-comarca","10":"category-sin-categorizar","11":"category-ocio-y-cultura","12":"category-requena","13":"category-requena-utiel","14":"category-seccion","15":"category-sinarcas","16":"category-utiel","17":"category-ventana","18":"category-villargordo-del-cabriel","19":"tag-la-diputacio-de-valencia","20":"tag-requena","21":"tag-requena-utiel","22":"tag-sinarcas","23":"tag-utiel","24":"tag-villargordo-del-cabriel"},"_links":{"self":[{"href":"https:\/\/www.tucomarca.com\/wordpress\/segunda\/wp-json\/wp\/v2\/posts\/269800","targetHints":{"allow":["GET"]}}],"collection":[{"href":"https:\/\/www.tucomarca.com\/wordpress\/segunda\/wp-json\/wp\/v2\/posts"}],"about":[{"href":"https:\/\/www.tucomarca.com\/wordpress\/segunda\/wp-json\/wp\/v2\/types\/post"}],"author":[{"embeddable":true,"href":"https:\/\/www.tucomarca.com\/wordpress\/segunda\/wp-json\/wp\/v2\/users\/13"}],"replies":[{"embeddable":true,"href":"https:\/\/www.tucomarca.com\/wordpress\/segunda\/wp-json\/wp\/v2\/comments?post=269800"}],"version-history":[{"count":0,"href":"https:\/\/www.tucomarca.com\/wordpress\/segunda\/wp-json\/wp\/v2\/posts\/269800\/revisions"}],"wp:featuredmedia":[{"embeddable":true,"href":"https:\/\/www.tucomarca.com\/wordpress\/segunda\/wp-json\/wp\/v2\/media\/269803"}],"wp:attachment":[{"href":"https:\/\/www.tucomarca.com\/wordpress\/segunda\/wp-json\/wp\/v2\/media?parent=269800"}],"wp:term":[{"taxonomy":"category","embeddable":true,"href":"https:\/\/www.tucomarca.com\/wordpress\/segunda\/wp-json\/wp\/v2\/categories?post=269800"},{"taxonomy":"post_tag","embeddable":true,"href":"https:\/\/www.tucomarca.com\/wordpress\/segunda\/wp-json\/wp\/v2\/tags?post=269800"}],"curies":[{"name":"wp","href":"https:\/\/api.w.org\/{rel}","templated":true}]}}