{"id":269953,"date":"2025-06-20T09:30:00","date_gmt":"2025-06-20T07:30:00","guid":{"rendered":"https:\/\/www.tucomarca.com\/wordpress\/segunda\/?p=269953"},"modified":"2025-06-20T13:19:10","modified_gmt":"2025-06-20T11:19:10","slug":"el-departamento-de-salud-de-manises-impulsa-un-proyecto-pionero-para-mejorar-la-salud-digestiva-de-sus-profesionales","status":"publish","type":"post","link":"https:\/\/www.tucomarca.com\/wordpress\/segunda\/el-departamento-de-salud-de-manises-impulsa-un-proyecto-pionero-para-mejorar-la-salud-digestiva-de-sus-profesionales\/","title":{"rendered":"El Departamento de Salud de Manises impulsa un proyecto pionero para mejorar la salud digestiva de sus profesionales"},"content":{"rendered":"\n<h3 class=\"wp-block-heading\">La iniciativa est\u00e1 promovida por la Asociaci\u00f3n Espa\u00f1ola de Especialistas del Trabajo (AEEMT).<\/h3>\n\n\n\n<h3 class=\"wp-block-heading\">Un centenar de profesionales, identificados a partir de los reconocimientos m\u00e9dicos, participan en esta primera edici\u00f3n.<\/h3>\n\n\n\n<p>La salud digestiva tiene un impacto directo en el bienestar y la calidad de vida de las personas; y representa ya la segunda causa de absentismo en Espa\u00f1a.&nbsp; Conscientes de esta realidad, el Departamento de Salud de Manises se suma al proyecto de la Asociaci\u00f3n Espa\u00f1ola de Especialistas del Trabajo (AEEMT) para promover el bienestar en el entorno laboral mediante el an\u00e1lisis de la microbiota intestinal y el fomento de h\u00e1bitos saludables entre un centenar de sus profesionales.&nbsp;<\/p>\n\n\n\n<p>El proyecto est\u00e1 liderado en el departamento por el Servicio de Prevenci\u00f3n de Riesgos Laborales, y la participaci\u00f3n est\u00e1 abierta a un centenar de profesionales de todo el departamento para esta edici\u00f3n. Las personas participantes seleccionadas por orden de inscripci\u00f3n s\u00f3lo habr\u00e1n de firmar un consentimiento informado. <strong>&nbsp;<\/strong><\/p>\n\n\n\n<p>La iniciativa pretende concienciar de la importancia de la salud digestiva en el \u00e1mbito laboral, fomentar h\u00e1bitos de vida saludables entre profesionales, ofrecer un diagn\u00f3stico precoz del S\u00edndrome del Intestino Irritable (SII) y evaluar el impacto de la iniciativa en el bienestar de los trabajadores y su satisfacci\u00f3n.<\/p>\n\n\n\n<p>El programa incluye formaci\u00f3n espec\u00edfica para los especialistas en medicina del trabajo, contenidos divulgativos para participantes; y la implementaci\u00f3n de un circuito diagn\u00f3stico con an\u00e1lisis de la microbiota intestinal. En caso de detectarse alteraciones, se facilitan recomendaciones personalizadas y, si procede, derivaci\u00f3n a especialistas.<\/p>\n\n\n\n<p>La especialista en Medicina del Trabajo, Ana Pascual ha explicado que la salud digestiva \u201ctiene un gran impacto en el bienestar de cualquier persona y, en el caso de los profesionales sanitarios, puede impactar en la atenci\u00f3n prestada a pacientes\u201d.&nbsp;<\/p>\n\n\n\n<p>Seg\u00fan la gerente del departamento, Beatriz G\u00f3mez, \u201ces muy importante cuidar a quien cuida, como v\u00eda directa para lograr una mejor salud en nuestra poblaci\u00f3n. Con esta iniciativa evidenciamos nuestra apuesta por la prevenci\u00f3n y el cuidado de la salud desde una perspectiva innovadora, situando a nuestros y nuestras profesionales en el centro. Cuidar la salud digestiva es tambi\u00e9n cuidar la salud emocional, el rendimiento y el compromiso de los equipos\u201d.<\/p>\n\n\n\n<p>Con este proyecto, el Departamento de Salud de Manises reafirma su compromiso con la salud y el bienestar laboral, promoviendo entornos de trabajo m\u00e1s saludables y productivos.&nbsp;<\/p>\n\n\n\n<p>Este departamento da cobertura y asistencia sanitaria, tanto ambulatoria como domiciliaria a m\u00e1s de 216.000 personas de 14 localidades a trav\u00e9s del Hospital de Manises, 9 centros de salud, 11 consultorios auxiliares, 2 centros de especialidades, 1 centro de salud integrado, el Hospital de Agudos de Manises y el Hospital de Cr\u00f3nicos de Mislata.&nbsp;<\/p>\n","protected":false},"excerpt":{"rendered":"<div class=\"mh-excerpt\">La iniciativa est\u00e1 promovida por la Asociaci\u00f3n Espa\u00f1ola de Especialistas del Trabajo (AEEMT). Un centenar de profesionales, identificados a partir de los reconocimientos m\u00e9dicos, participan en esta primera edici\u00f3n. La salud digestiva tiene un impacto <a class=\"mh-excerpt-more\" href=\"https:\/\/www.tucomarca.com\/wordpress\/segunda\/el-departamento-de-salud-de-manises-impulsa-un-proyecto-pionero-para-mejorar-la-salud-digestiva-de-sus-profesionales\/\" title=\"El Departamento de Salud de Manises impulsa un proyecto pionero para mejorar la salud digestiva de sus profesionales\">[+] <\/a><\/div>\n","protected":false},"author":12,"featured_media":269955,"comment_status":"open","ping_status":"open","sticky":false,"template":"","format":"standard","meta":{"footnotes":""},"categories":[46,119,128,8,10,142,3],"tags":[11478,136,22706],"class_list":{"0":"post-269953","1":"post","2":"type-post","3":"status-publish","4":"format-standard","5":"has-post-thumbnail","7":"category-camp-de-turia","8":"category-sanidad-la-comarca","9":"category-infraestructuras","10":"category-la-comarca","11":"category-la-hoya","12":"category-politica-la-comarca","13":"category-seccion","14":"tag-departamento-de-salud-de-manises","15":"tag-hospital-de-manises","16":"tag-salud-digestiva"},"_links":{"self":[{"href":"https:\/\/www.tucomarca.com\/wordpress\/segunda\/wp-json\/wp\/v2\/posts\/269953","targetHints":{"allow":["GET"]}}],"collection":[{"href":"https:\/\/www.tucomarca.com\/wordpress\/segunda\/wp-json\/wp\/v2\/posts"}],"about":[{"href":"https:\/\/www.tucomarca.com\/wordpress\/segunda\/wp-json\/wp\/v2\/types\/post"}],"author":[{"embeddable":true,"href":"https:\/\/www.tucomarca.com\/wordpress\/segunda\/wp-json\/wp\/v2\/users\/12"}],"replies":[{"embeddable":true,"href":"https:\/\/www.tucomarca.com\/wordpress\/segunda\/wp-json\/wp\/v2\/comments?post=269953"}],"version-history":[{"count":0,"href":"https:\/\/www.tucomarca.com\/wordpress\/segunda\/wp-json\/wp\/v2\/posts\/269953\/revisions"}],"wp:featuredmedia":[{"embeddable":true,"href":"https:\/\/www.tucomarca.com\/wordpress\/segunda\/wp-json\/wp\/v2\/media\/269955"}],"wp:attachment":[{"href":"https:\/\/www.tucomarca.com\/wordpress\/segunda\/wp-json\/wp\/v2\/media?parent=269953"}],"wp:term":[{"taxonomy":"category","embeddable":true,"href":"https:\/\/www.tucomarca.com\/wordpress\/segunda\/wp-json\/wp\/v2\/categories?post=269953"},{"taxonomy":"post_tag","embeddable":true,"href":"https:\/\/www.tucomarca.com\/wordpress\/segunda\/wp-json\/wp\/v2\/tags?post=269953"}],"curies":[{"name":"wp","href":"https:\/\/api.w.org\/{rel}","templated":true}]}}