{"id":269996,"date":"2025-06-20T09:00:00","date_gmt":"2025-06-20T07:00:00","guid":{"rendered":"https:\/\/www.tucomarca.com\/wordpress\/segunda\/?p=269996"},"modified":"2025-06-20T14:12:48","modified_gmt":"2025-06-20T12:12:48","slug":"fotogaleria-la-escuela-de-musica-luis-ayllon-de-bunol-celebra-el-fin-de-curso-con-musica-emociones-y-despedidas","status":"publish","type":"post","link":"https:\/\/www.tucomarca.com\/wordpress\/segunda\/fotogaleria-la-escuela-de-musica-luis-ayllon-de-bunol-celebra-el-fin-de-curso-con-musica-emociones-y-despedidas\/","title":{"rendered":"Fotogaler\u00eda: la Escuela de M\u00fasica Luis Ayll\u00f3n de Bu\u00f1ol celebra el fin de curso con m\u00fasica, emociones y despedidas"},"content":{"rendered":"\n<p>El pasado s\u00e1bado 14 de junio, la Escuela de M\u00fasica Luis Ayll\u00f3n puso el broche final al curso 2024-2025 con una entra\u00f1able fiesta en el Paseo de San Luis, donde la m\u00fasica y la emoci\u00f3n fueron las grandes protagonistas.<\/p>\n\n\n\n<p>Numerosas familias se acercaron para acompa\u00f1ar a sus hijos en esta celebraci\u00f3n, que comenz\u00f3 con la actuaci\u00f3n de los m\u00e1s peque\u00f1os, alumnos de M\u00fasica y Movimiento e Iniciaci\u00f3n, guiados por su profesora Carmina Llorens. A continuaci\u00f3n, los ensembles de la Escuela y la Banda Juvenil ofrecieron un concierto conjunto, demostrando el talento y el compa\u00f1erismo que caracteriza a nuestros j\u00f3venes m\u00fasicos.<\/p>\n\n\n\n<p>La jornada fue tambi\u00e9n momento de despedidas. Se celebr\u00f3 la graduaci\u00f3n de los alumnos de 4\u00ba Curso, que aunque finalizan su etapa en la Escuela, siempre formar\u00e1n parte de esta gran familia. \u00a1Enhorabuena a todos! Nos sentimos muy orgullosos de vuestro crecimiento.<\/p>\n\n\n\n<p>Especialmente emotiva fue la despedida de Mario Ortu\u00f1o, quien se despide de la direcci\u00f3n de la Escuela tras seis a\u00f1os de dedicaci\u00f3n y entrega. En su intervenci\u00f3n, visiblemente emocionado, agradeci\u00f3 la oportunidad de haber compartido esta etapa con el equipo docente y expres\u00f3 su satisfacci\u00f3n por haber visto crecer a tantas generaciones de alumnos, tanto en lo musical como en lo personal.<\/p>\n\n\n\n<p>Como gesto simb\u00f3lico, David Tar\u00edn, quien dirigi\u00f3 a la Banda Juvenil durante el concierto, cedi\u00f3 la batuta a Mario para que dirigiera el <em>Himno de Los Feos<\/em>, poniendo as\u00ed el colof\u00f3n musical a una velada inolvidable.<\/p>\n\n\n\n<p>Tras las actuaciones, todos los asistentes pudieron disfrutar de una cena de hermandad, en la que se sortearon dos packs de experiencias entre los presentes, cerrando la noche con un ambiente festivo y familiar.<\/p>\n\n\n\n<p>Desde la Escuela queremos agradecer a alumnos, familias y profesores el esfuerzo y la dedicaci\u00f3n a lo largo de este curso. Ahora es momento de descansar, disfrutar del verano y preparar el pr\u00f3ximo curso con la misma ilusi\u00f3n.<\/p>\n\n\n\n<p>Y, por supuesto, gracias a Mario Ortu\u00f1o por su compromiso y liderazgo durante estos a\u00f1os. <em>La Art\u00edstica<\/em> siempre ser\u00e1 tu casa.<\/p>\n\n\n\n<figure class=\"wp-block-gallery has-nested-images columns-2 is-cropped wp-block-gallery-1 is-layout-flex wp-block-gallery-is-layout-flex\">\n<figure class=\"wp-block-image size-large\"><img loading=\"lazy\" decoding=\"async\" width=\"1024\" height=\"768\" data-id=\"270000\" src=\"https:\/\/www.tucomarca.com\/wordpress\/segunda\/wp-content\/uploads\/2025\/06\/FeosFindeCurso02.jpg\" alt=\"\" class=\"wp-image-270000\" srcset=\"https:\/\/www.tucomarca.com\/wordpress\/segunda\/wp-content\/uploads\/2025\/06\/FeosFindeCurso02.jpg 1024w, https:\/\/www.tucomarca.com\/wordpress\/segunda\/wp-content\/uploads\/2025\/06\/FeosFindeCurso02-300x225.jpg 300w, https:\/\/www.tucomarca.com\/wordpress\/segunda\/wp-content\/uploads\/2025\/06\/FeosFindeCurso02-768x576.jpg 768w, https:\/\/www.tucomarca.com\/wordpress\/segunda\/wp-content\/uploads\/2025\/06\/FeosFindeCurso02-678x509.jpg 678w, https:\/\/www.tucomarca.com\/wordpress\/segunda\/wp-content\/uploads\/2025\/06\/FeosFindeCurso02-326x245.jpg 326w, https:\/\/www.tucomarca.com\/wordpress\/segunda\/wp-content\/uploads\/2025\/06\/FeosFindeCurso02-80x60.jpg 80w\" sizes=\"auto, (max-width: 1024px) 100vw, 1024px\" \/><\/figure>\n\n\n\n<figure class=\"wp-block-image size-large\"><img loading=\"lazy\" decoding=\"async\" width=\"1024\" height=\"710\" data-id=\"270002\" src=\"https:\/\/www.tucomarca.com\/wordpress\/segunda\/wp-content\/uploads\/2025\/06\/FeosFindeCurso03.jpg\" alt=\"\" class=\"wp-image-270002\" srcset=\"https:\/\/www.tucomarca.com\/wordpress\/segunda\/wp-content\/uploads\/2025\/06\/FeosFindeCurso03.jpg 1024w, https:\/\/www.tucomarca.com\/wordpress\/segunda\/wp-content\/uploads\/2025\/06\/FeosFindeCurso03-300x208.jpg 300w, https:\/\/www.tucomarca.com\/wordpress\/segunda\/wp-content\/uploads\/2025\/06\/FeosFindeCurso03-768x533.jpg 768w\" sizes=\"auto, (max-width: 1024px) 100vw, 1024px\" \/><\/figure>\n\n\n\n<figure class=\"wp-block-image size-large\"><img loading=\"lazy\" decoding=\"async\" width=\"1024\" height=\"768\" data-id=\"270004\" src=\"https:\/\/www.tucomarca.com\/wordpress\/segunda\/wp-content\/uploads\/2025\/06\/FeosFindeCurso04.jpg\" alt=\"\" class=\"wp-image-270004\" srcset=\"https:\/\/www.tucomarca.com\/wordpress\/segunda\/wp-content\/uploads\/2025\/06\/FeosFindeCurso04.jpg 1024w, https:\/\/www.tucomarca.com\/wordpress\/segunda\/wp-content\/uploads\/2025\/06\/FeosFindeCurso04-300x225.jpg 300w, https:\/\/www.tucomarca.com\/wordpress\/segunda\/wp-content\/uploads\/2025\/06\/FeosFindeCurso04-768x576.jpg 768w, https:\/\/www.tucomarca.com\/wordpress\/segunda\/wp-content\/uploads\/2025\/06\/FeosFindeCurso04-678x509.jpg 678w, https:\/\/www.tucomarca.com\/wordpress\/segunda\/wp-content\/uploads\/2025\/06\/FeosFindeCurso04-326x245.jpg 326w, https:\/\/www.tucomarca.com\/wordpress\/segunda\/wp-content\/uploads\/2025\/06\/FeosFindeCurso04-80x60.jpg 80w\" sizes=\"auto, (max-width: 1024px) 100vw, 1024px\" \/><\/figure>\n\n\n\n<figure class=\"wp-block-image size-large\"><img loading=\"lazy\" decoding=\"async\" width=\"1024\" height=\"694\" data-id=\"270006\" src=\"https:\/\/www.tucomarca.com\/wordpress\/segunda\/wp-content\/uploads\/2025\/06\/FeosFindeCurso05.jpg\" alt=\"\" class=\"wp-image-270006\" srcset=\"https:\/\/www.tucomarca.com\/wordpress\/segunda\/wp-content\/uploads\/2025\/06\/FeosFindeCurso05.jpg 1024w, https:\/\/www.tucomarca.com\/wordpress\/segunda\/wp-content\/uploads\/2025\/06\/FeosFindeCurso05-300x203.jpg 300w, https:\/\/www.tucomarca.com\/wordpress\/segunda\/wp-content\/uploads\/2025\/06\/FeosFindeCurso05-768x521.jpg 768w\" sizes=\"auto, (max-width: 1024px) 100vw, 1024px\" \/><\/figure>\n\n\n\n<figure class=\"wp-block-image size-large\"><img loading=\"lazy\" decoding=\"async\" width=\"1024\" height=\"768\" data-id=\"270008\" src=\"https:\/\/www.tucomarca.com\/wordpress\/segunda\/wp-content\/uploads\/2025\/06\/FeosFindeCurso06.jpg\" alt=\"\" class=\"wp-image-270008\" srcset=\"https:\/\/www.tucomarca.com\/wordpress\/segunda\/wp-content\/uploads\/2025\/06\/FeosFindeCurso06.jpg 1024w, https:\/\/www.tucomarca.com\/wordpress\/segunda\/wp-content\/uploads\/2025\/06\/FeosFindeCurso06-300x225.jpg 300w, https:\/\/www.tucomarca.com\/wordpress\/segunda\/wp-content\/uploads\/2025\/06\/FeosFindeCurso06-768x576.jpg 768w, https:\/\/www.tucomarca.com\/wordpress\/segunda\/wp-content\/uploads\/2025\/06\/FeosFindeCurso06-678x509.jpg 678w, https:\/\/www.tucomarca.com\/wordpress\/segunda\/wp-content\/uploads\/2025\/06\/FeosFindeCurso06-326x245.jpg 326w, https:\/\/www.tucomarca.com\/wordpress\/segunda\/wp-content\/uploads\/2025\/06\/FeosFindeCurso06-80x60.jpg 80w\" sizes=\"auto, (max-width: 1024px) 100vw, 1024px\" \/><\/figure>\n\n\n\n<figure class=\"wp-block-image size-large\"><img loading=\"lazy\" decoding=\"async\" width=\"1024\" height=\"796\" data-id=\"270010\" src=\"https:\/\/www.tucomarca.com\/wordpress\/segunda\/wp-content\/uploads\/2025\/06\/FeosFindeCurso07.jpg\" alt=\"\" class=\"wp-image-270010\" srcset=\"https:\/\/www.tucomarca.com\/wordpress\/segunda\/wp-content\/uploads\/2025\/06\/FeosFindeCurso07.jpg 1024w, https:\/\/www.tucomarca.com\/wordpress\/segunda\/wp-content\/uploads\/2025\/06\/FeosFindeCurso07-300x233.jpg 300w, https:\/\/www.tucomarca.com\/wordpress\/segunda\/wp-content\/uploads\/2025\/06\/FeosFindeCurso07-768x597.jpg 768w\" sizes=\"auto, (max-width: 1024px) 100vw, 1024px\" \/><\/figure>\n\n\n\n<figure class=\"wp-block-image size-large\"><img loading=\"lazy\" decoding=\"async\" width=\"1024\" height=\"768\" data-id=\"270012\" src=\"https:\/\/www.tucomarca.com\/wordpress\/segunda\/wp-content\/uploads\/2025\/06\/FeosFindeCurso08.jpg\" alt=\"\" class=\"wp-image-270012\" srcset=\"https:\/\/www.tucomarca.com\/wordpress\/segunda\/wp-content\/uploads\/2025\/06\/FeosFindeCurso08.jpg 1024w, https:\/\/www.tucomarca.com\/wordpress\/segunda\/wp-content\/uploads\/2025\/06\/FeosFindeCurso08-300x225.jpg 300w, https:\/\/www.tucomarca.com\/wordpress\/segunda\/wp-content\/uploads\/2025\/06\/FeosFindeCurso08-768x576.jpg 768w, https:\/\/www.tucomarca.com\/wordpress\/segunda\/wp-content\/uploads\/2025\/06\/FeosFindeCurso08-678x509.jpg 678w, https:\/\/www.tucomarca.com\/wordpress\/segunda\/wp-content\/uploads\/2025\/06\/FeosFindeCurso08-326x245.jpg 326w, https:\/\/www.tucomarca.com\/wordpress\/segunda\/wp-content\/uploads\/2025\/06\/FeosFindeCurso08-80x60.jpg 80w\" sizes=\"auto, (max-width: 1024px) 100vw, 1024px\" \/><\/figure>\n\n\n\n<figure class=\"wp-block-image size-large\"><img loading=\"lazy\" decoding=\"async\" width=\"1024\" height=\"768\" data-id=\"270014\" src=\"https:\/\/www.tucomarca.com\/wordpress\/segunda\/wp-content\/uploads\/2025\/06\/FeosFindeCurso09.jpg\" alt=\"\" class=\"wp-image-270014\" srcset=\"https:\/\/www.tucomarca.com\/wordpress\/segunda\/wp-content\/uploads\/2025\/06\/FeosFindeCurso09.jpg 1024w, https:\/\/www.tucomarca.com\/wordpress\/segunda\/wp-content\/uploads\/2025\/06\/FeosFindeCurso09-300x225.jpg 300w, https:\/\/www.tucomarca.com\/wordpress\/segunda\/wp-content\/uploads\/2025\/06\/FeosFindeCurso09-768x576.jpg 768w, https:\/\/www.tucomarca.com\/wordpress\/segunda\/wp-content\/uploads\/2025\/06\/FeosFindeCurso09-678x509.jpg 678w, https:\/\/www.tucomarca.com\/wordpress\/segunda\/wp-content\/uploads\/2025\/06\/FeosFindeCurso09-326x245.jpg 326w, https:\/\/www.tucomarca.com\/wordpress\/segunda\/wp-content\/uploads\/2025\/06\/FeosFindeCurso09-80x60.jpg 80w\" sizes=\"auto, (max-width: 1024px) 100vw, 1024px\" \/><\/figure>\n\n\n\n<figure class=\"wp-block-image size-large\"><img loading=\"lazy\" decoding=\"async\" width=\"614\" height=\"1024\" data-id=\"270016\" src=\"https:\/\/www.tucomarca.com\/wordpress\/segunda\/wp-content\/uploads\/2025\/06\/FeosFindeCurso10.jpg\" alt=\"\" class=\"wp-image-270016\" srcset=\"https:\/\/www.tucomarca.com\/wordpress\/segunda\/wp-content\/uploads\/2025\/06\/FeosFindeCurso10.jpg 614w, https:\/\/www.tucomarca.com\/wordpress\/segunda\/wp-content\/uploads\/2025\/06\/FeosFindeCurso10-180x300.jpg 180w\" sizes=\"auto, (max-width: 614px) 100vw, 614px\" \/><\/figure>\n\n\n\n<figure class=\"wp-block-image size-large\"><img loading=\"lazy\" decoding=\"async\" width=\"722\" height=\"1024\" data-id=\"270018\" src=\"https:\/\/www.tucomarca.com\/wordpress\/segunda\/wp-content\/uploads\/2025\/06\/FeosFindeCurso11.jpg\" alt=\"\" class=\"wp-image-270018\" srcset=\"https:\/\/www.tucomarca.com\/wordpress\/segunda\/wp-content\/uploads\/2025\/06\/FeosFindeCurso11.jpg 722w, https:\/\/www.tucomarca.com\/wordpress\/segunda\/wp-content\/uploads\/2025\/06\/FeosFindeCurso11-212x300.jpg 212w\" sizes=\"auto, (max-width: 722px) 100vw, 722px\" \/><\/figure>\n\n\n\n<figure class=\"wp-block-image size-large\"><img loading=\"lazy\" decoding=\"async\" width=\"1024\" height=\"768\" data-id=\"270020\" src=\"https:\/\/www.tucomarca.com\/wordpress\/segunda\/wp-content\/uploads\/2025\/06\/FeosFindeCurso12.jpg\" alt=\"\" class=\"wp-image-270020\" srcset=\"https:\/\/www.tucomarca.com\/wordpress\/segunda\/wp-content\/uploads\/2025\/06\/FeosFindeCurso12.jpg 1024w, https:\/\/www.tucomarca.com\/wordpress\/segunda\/wp-content\/uploads\/2025\/06\/FeosFindeCurso12-300x225.jpg 300w, https:\/\/www.tucomarca.com\/wordpress\/segunda\/wp-content\/uploads\/2025\/06\/FeosFindeCurso12-768x576.jpg 768w, https:\/\/www.tucomarca.com\/wordpress\/segunda\/wp-content\/uploads\/2025\/06\/FeosFindeCurso12-678x509.jpg 678w, https:\/\/www.tucomarca.com\/wordpress\/segunda\/wp-content\/uploads\/2025\/06\/FeosFindeCurso12-326x245.jpg 326w, https:\/\/www.tucomarca.com\/wordpress\/segunda\/wp-content\/uploads\/2025\/06\/FeosFindeCurso12-80x60.jpg 80w\" sizes=\"auto, (max-width: 1024px) 100vw, 1024px\" \/><\/figure>\n\n\n\n<figure class=\"wp-block-image size-large\"><img loading=\"lazy\" decoding=\"async\" width=\"1024\" height=\"768\" data-id=\"270022\" src=\"https:\/\/www.tucomarca.com\/wordpress\/segunda\/wp-content\/uploads\/2025\/06\/FeosFindeCurso13.jpg\" alt=\"\" class=\"wp-image-270022\" srcset=\"https:\/\/www.tucomarca.com\/wordpress\/segunda\/wp-content\/uploads\/2025\/06\/FeosFindeCurso13.jpg 1024w, https:\/\/www.tucomarca.com\/wordpress\/segunda\/wp-content\/uploads\/2025\/06\/FeosFindeCurso13-300x225.jpg 300w, https:\/\/www.tucomarca.com\/wordpress\/segunda\/wp-content\/uploads\/2025\/06\/FeosFindeCurso13-768x576.jpg 768w, https:\/\/www.tucomarca.com\/wordpress\/segunda\/wp-content\/uploads\/2025\/06\/FeosFindeCurso13-678x509.jpg 678w, https:\/\/www.tucomarca.com\/wordpress\/segunda\/wp-content\/uploads\/2025\/06\/FeosFindeCurso13-326x245.jpg 326w, https:\/\/www.tucomarca.com\/wordpress\/segunda\/wp-content\/uploads\/2025\/06\/FeosFindeCurso13-80x60.jpg 80w\" sizes=\"auto, (max-width: 1024px) 100vw, 1024px\" \/><\/figure>\n<\/figure>\n","protected":false},"excerpt":{"rendered":"<div class=\"mh-excerpt\">El pasado s\u00e1bado 14 de junio, la Escuela de M\u00fasica Luis Ayll\u00f3n puso el broche final al curso 2024-2025 con una entra\u00f1able fiesta en el Paseo de San Luis, donde la m\u00fasica y la emoci\u00f3n <a class=\"mh-excerpt-more\" href=\"https:\/\/www.tucomarca.com\/wordpress\/segunda\/fotogaleria-la-escuela-de-musica-luis-ayllon-de-bunol-celebra-el-fin-de-curso-con-musica-emociones-y-despedidas\/\" title=\"Fotogaler\u00eda: la Escuela de M\u00fasica Luis Ayll\u00f3n de Bu\u00f1ol celebra el fin de curso con m\u00fasica, emociones y despedidas\">[+] <\/a><\/div>\n","protected":false},"author":12,"featured_media":269998,"comment_status":"open","ping_status":"open","sticky":false,"template":"","format":"gallery","meta":{"footnotes":""},"categories":[18,66,8,10,5,7,3],"tags":[10385,5952,10559],"class_list":{"0":"post-269996","1":"post","2":"type-post","3":"status-publish","4":"format-gallery","5":"has-post-thumbnail","7":"category-bunol","8":"category-musica","9":"category-la-comarca","10":"category-la-hoya","11":"category-la-semana-en-imagenes","12":"category-ocio-y-cultura","13":"category-seccion","14":"tag-bunol","15":"tag-la-hoya-de-bunol-chiva","16":"tag-sm-la-artistica-de-bunol","17":"post_format-post-format-gallery"},"_links":{"self":[{"href":"https:\/\/www.tucomarca.com\/wordpress\/segunda\/wp-json\/wp\/v2\/posts\/269996","targetHints":{"allow":["GET"]}}],"collection":[{"href":"https:\/\/www.tucomarca.com\/wordpress\/segunda\/wp-json\/wp\/v2\/posts"}],"about":[{"href":"https:\/\/www.tucomarca.com\/wordpress\/segunda\/wp-json\/wp\/v2\/types\/post"}],"author":[{"embeddable":true,"href":"https:\/\/www.tucomarca.com\/wordpress\/segunda\/wp-json\/wp\/v2\/users\/12"}],"replies":[{"embeddable":true,"href":"https:\/\/www.tucomarca.com\/wordpress\/segunda\/wp-json\/wp\/v2\/comments?post=269996"}],"version-history":[{"count":0,"href":"https:\/\/www.tucomarca.com\/wordpress\/segunda\/wp-json\/wp\/v2\/posts\/269996\/revisions"}],"wp:featuredmedia":[{"embeddable":true,"href":"https:\/\/www.tucomarca.com\/wordpress\/segunda\/wp-json\/wp\/v2\/media\/269998"}],"wp:attachment":[{"href":"https:\/\/www.tucomarca.com\/wordpress\/segunda\/wp-json\/wp\/v2\/media?parent=269996"}],"wp:term":[{"taxonomy":"category","embeddable":true,"href":"https:\/\/www.tucomarca.com\/wordpress\/segunda\/wp-json\/wp\/v2\/categories?post=269996"},{"taxonomy":"post_tag","embeddable":true,"href":"https:\/\/www.tucomarca.com\/wordpress\/segunda\/wp-json\/wp\/v2\/tags?post=269996"}],"curies":[{"name":"wp","href":"https:\/\/api.w.org\/{rel}","templated":true}]}}