{"id":27004,"date":"2014-05-15T17:59:26","date_gmt":"2014-05-15T14:59:26","guid":{"rendered":"http:\/\/www.tucomarca.com\/wordpress\/segunda\/?p=27004"},"modified":"2014-05-16T12:18:59","modified_gmt":"2014-05-16T09:18:59","slug":"chiva-lanza-la-campana-%e2%80%9creciclar-es-vida%e2%80%9d-centrada-en-los-mas-pequenos","status":"publish","type":"post","link":"https:\/\/www.tucomarca.com\/wordpress\/segunda\/chiva-lanza-la-campana-%e2%80%9creciclar-es-vida%e2%80%9d-centrada-en-los-mas-pequenos\/","title":{"rendered":"Chiva lanza la campa\u00f1a \u201cReciclar es vida\u201d centrada en los m\u00e1s peque\u00f1os"},"content":{"rendered":"<p>El Ayuntamiento de Chiva  y la empresa Covamur han puesto en marcha la campa\u00f1a \u201cReciclar es Vida\u201d, una iniciativa que busca involucrar a los m\u00e1s peque\u00f1os en el importante h\u00e1bito de reciclar.<br \/>\nHasta el pr\u00f3ximo 29 de mayo, alumnos y personal de los centros escolares de Chiva organizar\u00e1n actividades de reciclaje para acumular el m\u00e1ximo volumen de papel posible, deposit\u00e1ndolo en diversas \u201cecopapeleras\u201d.<br \/>\nEl 30 de mayo se realizar\u00e1 el recuento de las \u201cecopapeleras\u201d llenas de cada colegio. Por cada caja completa, una representaci\u00f3n de cada centro plantar\u00e1 un \u00e1rbol, en un acto que tendr\u00e1 lugar el 5 de junio, D\u00eda Mundial del Medio Ambiente.<br \/>\nEsta iniciativa es una muestra m\u00e1s de la apuesta del Ayuntamiento por el desarrollo de una educaci\u00f3n participativa en valores medioambientales, que debe empezar desde la infancia, centrando la atenci\u00f3n en los m\u00e1s peque\u00f1os.<br \/>\nEn el marco de la celebraci\u00f3n de la Semana del Medio Ambiente, el Consistorio ha organizado un programa de actividades dirigido a toda la familia, con la finalidad de lanzar el mensaje a los vecinos de Chiva sobre la importancia de introducir h\u00e1bitos de reciclaje en nuestra vida cotidiana. <\/p>\n","protected":false},"excerpt":{"rendered":"<div class=\"mh-excerpt\">El Ayuntamiento de Chiva y la empresa Covamur han puesto en marcha la campa\u00f1a \u201cReciclar es Vida\u201d, una iniciativa que busca involucrar a los m\u00e1s peque\u00f1os en el importante h\u00e1bito de reciclar. Hasta el pr\u00f3ximo <a class=\"mh-excerpt-more\" href=\"https:\/\/www.tucomarca.com\/wordpress\/segunda\/chiva-lanza-la-campana-%e2%80%9creciclar-es-vida%e2%80%9d-centrada-en-los-mas-pequenos\/\" title=\"Chiva lanza la campa\u00f1a \u201cReciclar es vida\u201d centrada en los m\u00e1s peque\u00f1os\">[+] <\/a><\/div>\n","protected":false},"author":2,"featured_media":0,"comment_status":"open","ping_status":"open","sticky":false,"template":"","format":"standard","meta":{"footnotes":""},"categories":[16,8,10,117,3],"tags":[4314,1115,802,10384,4315,1067],"class_list":{"0":"post-27004","1":"post","2":"type-post","3":"status-publish","4":"format-standard","6":"category-chiva","7":"category-la-comarca","8":"category-la-hoya","9":"category-medio-ambiente-la-comarca","10":"category-seccion","11":"tag-alumos","12":"tag-ayuntamiento","13":"tag-campana","14":"tag-chiva","15":"tag-ecopapeleras","16":"tag-reciclaje"},"_links":{"self":[{"href":"https:\/\/www.tucomarca.com\/wordpress\/segunda\/wp-json\/wp\/v2\/posts\/27004","targetHints":{"allow":["GET"]}}],"collection":[{"href":"https:\/\/www.tucomarca.com\/wordpress\/segunda\/wp-json\/wp\/v2\/posts"}],"about":[{"href":"https:\/\/www.tucomarca.com\/wordpress\/segunda\/wp-json\/wp\/v2\/types\/post"}],"author":[{"embeddable":true,"href":"https:\/\/www.tucomarca.com\/wordpress\/segunda\/wp-json\/wp\/v2\/users\/2"}],"replies":[{"embeddable":true,"href":"https:\/\/www.tucomarca.com\/wordpress\/segunda\/wp-json\/wp\/v2\/comments?post=27004"}],"version-history":[{"count":0,"href":"https:\/\/www.tucomarca.com\/wordpress\/segunda\/wp-json\/wp\/v2\/posts\/27004\/revisions"}],"wp:attachment":[{"href":"https:\/\/www.tucomarca.com\/wordpress\/segunda\/wp-json\/wp\/v2\/media?parent=27004"}],"wp:term":[{"taxonomy":"category","embeddable":true,"href":"https:\/\/www.tucomarca.com\/wordpress\/segunda\/wp-json\/wp\/v2\/categories?post=27004"},{"taxonomy":"post_tag","embeddable":true,"href":"https:\/\/www.tucomarca.com\/wordpress\/segunda\/wp-json\/wp\/v2\/tags?post=27004"}],"curies":[{"name":"wp","href":"https:\/\/api.w.org\/{rel}","templated":true}]}}