{"id":270084,"date":"2025-06-20T09:05:00","date_gmt":"2025-06-20T07:05:00","guid":{"rendered":"https:\/\/www.tucomarca.com\/wordpress\/segunda\/?p=270084"},"modified":"2025-06-20T20:05:02","modified_gmt":"2025-06-20T18:05:02","slug":"fotogaleria-ruta-bajo-la-luna-llena-en-cheste","status":"publish","type":"post","link":"https:\/\/www.tucomarca.com\/wordpress\/segunda\/fotogaleria-ruta-bajo-la-luna-llena-en-cheste\/","title":{"rendered":"Fotogaler\u00eda: ruta bajo la luna llena en Cheste"},"content":{"rendered":"\n<p>25 personas han participado en una nueva cita de senderismo nocturno organizada esta pasada semana desde la Concejal\u00eda de Medio Ambiente junto con la empresa CM Plastik.<\/p>\n\n\n\n<p>La caminata parti\u00f3 desde el Albergue de La C\u00e1rcama a las 20:00 y el recorrido discurri\u00f3 por la Cuesta del Y\u00e9sar, el barranco del Cuchillo y el alto de Las Garroferas de Ma\u00f1an hasta el refugio. All\u00ed el grupo pudo disfrutar de la cena con el acompa\u00f1amiento del d\u00fao Alma, que ofreci\u00f3 un variado repertorio musical con piezas cl\u00e1sicas, pop y tangos.<\/p>\n\n\n\n<p>Durante el recorrido se visitaron los restos de un horno de cal y se conocieron sus usos tradicionales, y se visitaron construcciones de antiguas casas que se empleaban para labores de labranza como la Ca\u00f1adiquia del Chon, la Casiquia de Mall\u00e9n y la Casiquia de Pe\u00f1o. En el camino de vuelta los y las senderistas pudieron contemplar la luna llena y hacer una observaci\u00f3n guiada en la que localizar la Osa mayor, la Osa menor y estrellas como la Polar o Casiopea.<\/p>\n\n\n\n<p>Ya pasada la medianoche la ruta finalizaba de nuevo en Cheste, donde las personas participantes en la actividad recibieron como obsequio una mochila.<\/p>\n\n\n\n<p>\u201cConsideramos imprescindibles estas iniciativas para poner en valor nuestro patrimonio natural y fomentar el amor a la naturaleza como paso previo a la concienciaci\u00f3n para su conservaci\u00f3n y el fomento de actitudes y h\u00e1bitos respetuosas\u201d, ha declarado el Concejal de Medio Ambiente, David Pujals.<\/p>\n\n\n\n<figure class=\"wp-block-gallery has-nested-images columns-2 is-cropped wp-block-gallery-1 is-layout-flex wp-block-gallery-is-layout-flex\">\n<figure class=\"wp-block-image size-large\"><img loading=\"lazy\" decoding=\"async\" width=\"1024\" height=\"665\" data-id=\"270087\" src=\"https:\/\/www.tucomarca.com\/wordpress\/segunda\/wp-content\/uploads\/2025\/06\/ChesteSenderismoLunaLlena_1-1024x665.jpg\" alt=\"\" class=\"wp-image-270087\" srcset=\"https:\/\/www.tucomarca.com\/wordpress\/segunda\/wp-content\/uploads\/2025\/06\/ChesteSenderismoLunaLlena_1-1024x665.jpg 1024w, https:\/\/www.tucomarca.com\/wordpress\/segunda\/wp-content\/uploads\/2025\/06\/ChesteSenderismoLunaLlena_1-300x195.jpg 300w, https:\/\/www.tucomarca.com\/wordpress\/segunda\/wp-content\/uploads\/2025\/06\/ChesteSenderismoLunaLlena_1-768x499.jpg 768w, https:\/\/www.tucomarca.com\/wordpress\/segunda\/wp-content\/uploads\/2025\/06\/ChesteSenderismoLunaLlena_1.jpg 1181w\" sizes=\"auto, (max-width: 1024px) 100vw, 1024px\" \/><\/figure>\n\n\n\n<figure class=\"wp-block-image size-large\"><img loading=\"lazy\" decoding=\"async\" width=\"1024\" height=\"832\" data-id=\"270091\" src=\"https:\/\/www.tucomarca.com\/wordpress\/segunda\/wp-content\/uploads\/2025\/06\/ChesteSenderismoLunaLlena_4-1024x832.jpg\" alt=\"\" class=\"wp-image-270091\" srcset=\"https:\/\/www.tucomarca.com\/wordpress\/segunda\/wp-content\/uploads\/2025\/06\/ChesteSenderismoLunaLlena_4-1024x832.jpg 1024w, https:\/\/www.tucomarca.com\/wordpress\/segunda\/wp-content\/uploads\/2025\/06\/ChesteSenderismoLunaLlena_4-300x244.jpg 300w, https:\/\/www.tucomarca.com\/wordpress\/segunda\/wp-content\/uploads\/2025\/06\/ChesteSenderismoLunaLlena_4-768x624.jpg 768w, https:\/\/www.tucomarca.com\/wordpress\/segunda\/wp-content\/uploads\/2025\/06\/ChesteSenderismoLunaLlena_4.jpg 1181w\" sizes=\"auto, (max-width: 1024px) 100vw, 1024px\" \/><\/figure>\n\n\n\n<figure class=\"wp-block-image size-large\"><img loading=\"lazy\" decoding=\"async\" width=\"1024\" height=\"768\" data-id=\"270093\" src=\"https:\/\/www.tucomarca.com\/wordpress\/segunda\/wp-content\/uploads\/2025\/06\/ChesteSenderismoLunaLlena_5-1024x768.jpg\" alt=\"\" class=\"wp-image-270093\" srcset=\"https:\/\/www.tucomarca.com\/wordpress\/segunda\/wp-content\/uploads\/2025\/06\/ChesteSenderismoLunaLlena_5-1024x768.jpg 1024w, https:\/\/www.tucomarca.com\/wordpress\/segunda\/wp-content\/uploads\/2025\/06\/ChesteSenderismoLunaLlena_5-300x225.jpg 300w, https:\/\/www.tucomarca.com\/wordpress\/segunda\/wp-content\/uploads\/2025\/06\/ChesteSenderismoLunaLlena_5-768x576.jpg 768w, https:\/\/www.tucomarca.com\/wordpress\/segunda\/wp-content\/uploads\/2025\/06\/ChesteSenderismoLunaLlena_5-678x509.jpg 678w, https:\/\/www.tucomarca.com\/wordpress\/segunda\/wp-content\/uploads\/2025\/06\/ChesteSenderismoLunaLlena_5-326x245.jpg 326w, https:\/\/www.tucomarca.com\/wordpress\/segunda\/wp-content\/uploads\/2025\/06\/ChesteSenderismoLunaLlena_5-80x60.jpg 80w, https:\/\/www.tucomarca.com\/wordpress\/segunda\/wp-content\/uploads\/2025\/06\/ChesteSenderismoLunaLlena_5.jpg 1181w\" sizes=\"auto, (max-width: 1024px) 100vw, 1024px\" \/><\/figure>\n<\/figure>\n","protected":false},"excerpt":{"rendered":"<div class=\"mh-excerpt\">25 personas han participado en una nueva cita de senderismo nocturno organizada esta pasada semana desde la Concejal\u00eda de Medio Ambiente junto con la empresa CM Plastik. La caminata parti\u00f3 desde el Albergue de La <a class=\"mh-excerpt-more\" href=\"https:\/\/www.tucomarca.com\/wordpress\/segunda\/fotogaleria-ruta-bajo-la-luna-llena-en-cheste\/\" title=\"Fotogaler\u00eda: ruta bajo la luna llena en Cheste\">[+] <\/a><\/div>\n","protected":false},"author":12,"featured_media":270089,"comment_status":"open","ping_status":"open","sticky":false,"template":"","format":"gallery","meta":{"footnotes":""},"categories":[17,8,10,7,3],"tags":[339,5952],"class_list":{"0":"post-270084","1":"post","2":"type-post","3":"status-publish","4":"format-gallery","5":"has-post-thumbnail","7":"category-cheste","8":"category-la-comarca","9":"category-la-hoya","10":"category-ocio-y-cultura","11":"category-seccion","12":"tag-cheste-2","13":"tag-la-hoya-de-bunol-chiva","14":"post_format-post-format-gallery"},"_links":{"self":[{"href":"https:\/\/www.tucomarca.com\/wordpress\/segunda\/wp-json\/wp\/v2\/posts\/270084","targetHints":{"allow":["GET"]}}],"collection":[{"href":"https:\/\/www.tucomarca.com\/wordpress\/segunda\/wp-json\/wp\/v2\/posts"}],"about":[{"href":"https:\/\/www.tucomarca.com\/wordpress\/segunda\/wp-json\/wp\/v2\/types\/post"}],"author":[{"embeddable":true,"href":"https:\/\/www.tucomarca.com\/wordpress\/segunda\/wp-json\/wp\/v2\/users\/12"}],"replies":[{"embeddable":true,"href":"https:\/\/www.tucomarca.com\/wordpress\/segunda\/wp-json\/wp\/v2\/comments?post=270084"}],"version-history":[{"count":0,"href":"https:\/\/www.tucomarca.com\/wordpress\/segunda\/wp-json\/wp\/v2\/posts\/270084\/revisions"}],"wp:featuredmedia":[{"embeddable":true,"href":"https:\/\/www.tucomarca.com\/wordpress\/segunda\/wp-json\/wp\/v2\/media\/270089"}],"wp:attachment":[{"href":"https:\/\/www.tucomarca.com\/wordpress\/segunda\/wp-json\/wp\/v2\/media?parent=270084"}],"wp:term":[{"taxonomy":"category","embeddable":true,"href":"https:\/\/www.tucomarca.com\/wordpress\/segunda\/wp-json\/wp\/v2\/categories?post=270084"},{"taxonomy":"post_tag","embeddable":true,"href":"https:\/\/www.tucomarca.com\/wordpress\/segunda\/wp-json\/wp\/v2\/tags?post=270084"}],"curies":[{"name":"wp","href":"https:\/\/api.w.org\/{rel}","templated":true}]}}