{"id":270229,"date":"2025-06-23T11:15:00","date_gmt":"2025-06-23T09:15:00","guid":{"rendered":"https:\/\/www.tucomarca.com\/wordpress\/segunda\/?p=270229"},"modified":"2025-06-23T13:44:43","modified_gmt":"2025-06-23T11:44:43","slug":"benaguasil-lanza-una-variada-programacion-de-actividades-para-los-jovenes-este-verano","status":"publish","type":"post","link":"https:\/\/www.tucomarca.com\/wordpress\/segunda\/benaguasil-lanza-una-variada-programacion-de-actividades-para-los-jovenes-este-verano\/","title":{"rendered":"Benaguasil lanza una variada programaci\u00f3n de actividades para los j\u00f3venes este verano"},"content":{"rendered":"\n<h3 class=\"wp-block-heading\">Laser combat, paddle surf o rafting, entre las actividades que se desarrollar\u00e1n.<\/h3>\n\n\n\n<p>El Ayuntamiento de Benaguasil a trav\u00e9s de la concejal\u00eda de Juventud ha organizado una programaci\u00f3n para este verano dirigida a los m\u00e1s j\u00f3venes del municipio. Se trata del programa \u201cEstiu Jove\u201d que se desarrollar\u00e1 durante todos los viernes del mes de julio, en horario de ma\u00f1ana para que los j\u00f3venes puedan disfrutar del verano de forma saludable y divertida.<\/p>\n\n\n\n<p>El programa, en el que pueden participar j\u00f3venes a partir de 14 a\u00f1os, dar\u00e1 comienzo el viernes 27 de junio con una actividad grupal con pistolas l\u00e1ser en Almassora.<\/p>\n\n\n\n<p>Entre las propuestas hay tambi\u00e9n una salida al parque acu\u00e1tico Aquarama en Benicassim y al Aquapark de Playamonte (Navarr\u00e9s), paddle surf, actividades acu\u00e1ticas en la Marina y rafting en Montanejos.<\/p>\n\n\n\n<p>Las inscripciones est\u00e1n abiertas hasta el 25 de junio, de manera presencial en la OAC o telem\u00e1ticamente en la sede electr\u00f3nica benaguasil.sede.dival.es, siendo el precio de 19 euros.<\/p>\n\n\n\n<p>Como se\u00f1ala la edil de Juventud, Ana Aleixandre, \u201cdesde el Consistorio hemos lanzado esta iniciativa para ayudar a nuestros j\u00f3venes a pasar un verano ameno, a trav\u00e9s de actividades que fomentan valores como la convivencia y que persiguen la participaci\u00f3n y la activaci\u00f3n de la juventud con propuestas l\u00fadicas de todo tipo\u201d.<\/p>\n","protected":false},"excerpt":{"rendered":"<div class=\"mh-excerpt\">Laser combat, paddle surf o rafting, entre las actividades que se desarrollar\u00e1n. El Ayuntamiento de Benaguasil a trav\u00e9s de la concejal\u00eda de Juventud ha organizado una programaci\u00f3n para este verano dirigida a los m\u00e1s j\u00f3venes <a class=\"mh-excerpt-more\" href=\"https:\/\/www.tucomarca.com\/wordpress\/segunda\/benaguasil-lanza-una-variada-programacion-de-actividades-para-los-jovenes-este-verano\/\" title=\"Benaguasil lanza una variada programaci\u00f3n de actividades para los j\u00f3venes este verano\">[+] <\/a><\/div>\n","protected":false},"author":12,"featured_media":270232,"comment_status":"open","ping_status":"open","sticky":false,"template":"","format":"standard","meta":{"footnotes":""},"categories":[4,172,46,8,7,3],"tags":[10429,10395,22717],"class_list":{"0":"post-270229","1":"post","2":"type-post","3":"status-publish","4":"format-standard","5":"has-post-thumbnail","7":"category-agenda","8":"category-benaguasil","9":"category-camp-de-turia","10":"category-la-comarca","11":"category-ocio-y-cultura","12":"category-seccion","13":"tag-benaguasil","14":"tag-camp-de-turia","15":"tag-estiu-jove"},"_links":{"self":[{"href":"https:\/\/www.tucomarca.com\/wordpress\/segunda\/wp-json\/wp\/v2\/posts\/270229","targetHints":{"allow":["GET"]}}],"collection":[{"href":"https:\/\/www.tucomarca.com\/wordpress\/segunda\/wp-json\/wp\/v2\/posts"}],"about":[{"href":"https:\/\/www.tucomarca.com\/wordpress\/segunda\/wp-json\/wp\/v2\/types\/post"}],"author":[{"embeddable":true,"href":"https:\/\/www.tucomarca.com\/wordpress\/segunda\/wp-json\/wp\/v2\/users\/12"}],"replies":[{"embeddable":true,"href":"https:\/\/www.tucomarca.com\/wordpress\/segunda\/wp-json\/wp\/v2\/comments?post=270229"}],"version-history":[{"count":0,"href":"https:\/\/www.tucomarca.com\/wordpress\/segunda\/wp-json\/wp\/v2\/posts\/270229\/revisions"}],"wp:featuredmedia":[{"embeddable":true,"href":"https:\/\/www.tucomarca.com\/wordpress\/segunda\/wp-json\/wp\/v2\/media\/270232"}],"wp:attachment":[{"href":"https:\/\/www.tucomarca.com\/wordpress\/segunda\/wp-json\/wp\/v2\/media?parent=270229"}],"wp:term":[{"taxonomy":"category","embeddable":true,"href":"https:\/\/www.tucomarca.com\/wordpress\/segunda\/wp-json\/wp\/v2\/categories?post=270229"},{"taxonomy":"post_tag","embeddable":true,"href":"https:\/\/www.tucomarca.com\/wordpress\/segunda\/wp-json\/wp\/v2\/tags?post=270229"}],"curies":[{"name":"wp","href":"https:\/\/api.w.org\/{rel}","templated":true}]}}