{"id":270319,"date":"2025-06-24T11:30:00","date_gmt":"2025-06-24T09:30:00","guid":{"rendered":"https:\/\/www.tucomarca.com\/wordpress\/segunda\/?p=270319"},"modified":"2025-06-24T13:48:42","modified_gmt":"2025-06-24T11:48:42","slug":"el-area-de-servicios-sociales-de-la-mancomunidad-de-la-hoya-de-bunol-chiva-finaliza-un-nuevo-curso-de-alfabetizacion-para-personas-migrantes","status":"publish","type":"post","link":"https:\/\/www.tucomarca.com\/wordpress\/segunda\/el-area-de-servicios-sociales-de-la-mancomunidad-de-la-hoya-de-bunol-chiva-finaliza-un-nuevo-curso-de-alfabetizacion-para-personas-migrantes\/","title":{"rendered":"El \u00e1rea de Servicios sociales de la Mancomunidad de La Hoya de Bu\u00f1ol-Chiva finaliza un nuevo curso de alfabetizaci\u00f3n para personas migrantes"},"content":{"rendered":"\n<p>Desde los Servicios Sociales de la Mancomunidad de la Hoya de Bu\u00f1ol Chiva y en concreto desde la Oficina Pangea, este mes de Junio se ha finalizado el curso de Alfabetizaci\u00f3n para personas migrantes en el que han participado 15 personas residentes en los municipios de Y\u00e1tova, Macastre y Alborache.<\/p>\n\n\n\n<p>El curso se lleva realizando varios a\u00f1os en la poblaci\u00f3n de Macastre con la colaboraci\u00f3n de la Oficina Pangea, ofreciendo a las personas participantes formaci\u00f3n sobre &nbsp; idioma y costumbres de nuestro pa\u00eds.&nbsp;<\/p>\n\n\n\n<p>En este mismo sentido est\u00e1 previsto que durante el pr\u00f3ximo septiembre comience a impartirse el curso 2025\/2026, para que todas aquellas personas migrantes de habla no hispana que lo requieran.<\/p>\n\n\n\n<p>La Red Pangea es un instrumento de la Generalitat que permite la coordinaci\u00f3n de las pol\u00edticas de atenci\u00f3n a las personas migrantes con las entidades locales de la Comunitat Valenciana que disponen de oficinas. Proporcionan atenci\u00f3n a las personas migrantes que se encuentran en situaci\u00f3n de necesidad social mediante actuaciones de informaci\u00f3n, primera acogida, mediaci\u00f3n y acompa\u00f1amiento a los servicios necesarios para su autonom\u00eda e inclusi\u00f3n social.&nbsp;<\/p>\n","protected":false},"excerpt":{"rendered":"<div class=\"mh-excerpt\">Desde los Servicios Sociales de la Mancomunidad de la Hoya de Bu\u00f1ol Chiva y en concreto desde la Oficina Pangea, este mes de Junio se ha finalizado el curso de Alfabetizaci\u00f3n para personas migrantes en <a class=\"mh-excerpt-more\" href=\"https:\/\/www.tucomarca.com\/wordpress\/segunda\/el-area-de-servicios-sociales-de-la-mancomunidad-de-la-hoya-de-bunol-chiva-finaliza-un-nuevo-curso-de-alfabetizacion-para-personas-migrantes\/\" title=\"El \u00e1rea de Servicios sociales de la Mancomunidad de La Hoya de Bu\u00f1ol-Chiva finaliza un nuevo curso de alfabetizaci\u00f3n para personas migrantes\">[+] <\/a><\/div>\n","protected":false},"author":1,"featured_media":270320,"comment_status":"open","ping_status":"open","sticky":false,"template":"","format":"standard","meta":{"footnotes":""},"categories":[128,8,10,142,3,11],"tags":[5952,386],"class_list":{"0":"post-270319","1":"post","2":"type-post","3":"status-publish","4":"format-standard","5":"has-post-thumbnail","7":"category-infraestructuras","8":"category-la-comarca","9":"category-la-hoya","10":"category-politica-la-comarca","11":"category-seccion","12":"category-yatova","13":"tag-la-hoya-de-bunol-chiva","14":"tag-mancomunidad"},"_links":{"self":[{"href":"https:\/\/www.tucomarca.com\/wordpress\/segunda\/wp-json\/wp\/v2\/posts\/270319","targetHints":{"allow":["GET"]}}],"collection":[{"href":"https:\/\/www.tucomarca.com\/wordpress\/segunda\/wp-json\/wp\/v2\/posts"}],"about":[{"href":"https:\/\/www.tucomarca.com\/wordpress\/segunda\/wp-json\/wp\/v2\/types\/post"}],"author":[{"embeddable":true,"href":"https:\/\/www.tucomarca.com\/wordpress\/segunda\/wp-json\/wp\/v2\/users\/1"}],"replies":[{"embeddable":true,"href":"https:\/\/www.tucomarca.com\/wordpress\/segunda\/wp-json\/wp\/v2\/comments?post=270319"}],"version-history":[{"count":0,"href":"https:\/\/www.tucomarca.com\/wordpress\/segunda\/wp-json\/wp\/v2\/posts\/270319\/revisions"}],"wp:featuredmedia":[{"embeddable":true,"href":"https:\/\/www.tucomarca.com\/wordpress\/segunda\/wp-json\/wp\/v2\/media\/270320"}],"wp:attachment":[{"href":"https:\/\/www.tucomarca.com\/wordpress\/segunda\/wp-json\/wp\/v2\/media?parent=270319"}],"wp:term":[{"taxonomy":"category","embeddable":true,"href":"https:\/\/www.tucomarca.com\/wordpress\/segunda\/wp-json\/wp\/v2\/categories?post=270319"},{"taxonomy":"post_tag","embeddable":true,"href":"https:\/\/www.tucomarca.com\/wordpress\/segunda\/wp-json\/wp\/v2\/tags?post=270319"}],"curies":[{"name":"wp","href":"https:\/\/api.w.org\/{rel}","templated":true}]}}