{"id":270432,"date":"2025-06-25T09:15:00","date_gmt":"2025-06-25T07:15:00","guid":{"rendered":"https:\/\/www.tucomarca.com\/wordpress\/segunda\/?p=270432"},"modified":"2025-06-25T22:26:13","modified_gmt":"2025-06-25T20:26:13","slug":"la-diputacio-aprueba-seis-nuevos-proyectos-del-pla-obert-en-el-camp-de-turia-la-serrania-y-el-rincon-de-ademuz","status":"publish","type":"post","link":"https:\/\/www.tucomarca.com\/wordpress\/segunda\/la-diputacio-aprueba-seis-nuevos-proyectos-del-pla-obert-en-el-camp-de-turia-la-serrania-y-el-rincon-de-ademuz\/","title":{"rendered":"La Diputaci\u00f3 aprueba seis nuevos proyectos del Pla Obert en el Camp de T\u00faria, la Serran\u00eda y el Rinc\u00f3n de Ademuz"},"content":{"rendered":"\n<h3 class=\"wp-block-heading\">El \u00e1rea de Cooperaci\u00f3n Municipal destina un total de 250.000 euros a diferentes mejoras en los municipios de Marines, Vilamarxant, Dome\u00f1o, Casas Bajas y Ademuz.<\/h3>\n\n\n\n<h3 class=\"wp-block-heading\">La vicepresidenta Nat\u00e0lia Enguix destaca \u201cel incremento progresivo de la presentaci\u00f3n de solicitudes por parte de los ayuntamientos, que ya tienen en marcha o ejecutados 508 proyectos por valor de casi 80 millones\u201d.<\/h3>\n\n\n\n<h3 class=\"wp-block-heading\">El presidente, Vicent Momp\u00f3, recuerda a los alcaldes y alcaldesas que \u201cpueden apoyarse en la Diputaci\u00f3n y sus t\u00e9cnicos para llevar adelante las actuaciones y gastar hasta el \u00faltimo euro de un plan con 350 millones\u201d.<\/h3>\n\n\n\n<p>La Diputaci\u00f3 de Val\u00e8ncia ha dado luz verde durante el mes de junio a dos nuevos proyectos presentados por otros tantos municipios del Camp de T\u00faria (Marines y Vilamarxant); a un proyecto en la comarca de la Serran\u00eda, concretamente en la localidad de Dome\u00f1o; y a tres proyectos m\u00e1s en dos pueblos del Rinc\u00f3n de Ademuz (Casas Bajas y Ademuz). La inversi\u00f3n global de los seis proyectos asciende a 247.779 euros, que ser\u00e1 financiada con los fondos del Pla Obert de la Diputaci\u00f3n.<\/p>\n\n\n\n<p>En el Camp de T\u00faria, destaca la actuaci\u00f3n que va a llevar a cabo el Ayuntamiento de Marines para ejecutar un nuevo circuito de pumptrack para uso de bicicletas y patinetes, que se emplazar\u00e1 en el parque p\u00fablico del Real, y que supondr\u00e1 una inversi\u00f3n de 53.000 euros; mientras que en el municipio de Vilamarxant, se van a destinar 49.500 euros para acometer mejoras en el CEIP Horta Major.<\/p>\n\n\n\n<p>Por su parte, en el Rinc\u00f3n de Ademuz, uno de los proyectos presentados por Casas Bajas consiste en la renovaci\u00f3n de diferentes elementos del vaso de la piscina municipal. Adem\u00e1s, en el t\u00e9rmino municipal de Ademuz se van a realizar obras de reurbanizaci\u00f3n en la aldea de Sesga por valor de 50.000 euros. Por \u00faltimo, la localidad de Dome\u00f1o, en la Serran\u00eda, ha presentado un proyecto para renovar aparatos de aire acondicionado en dependencias municipales.<\/p>\n\n\n\n<p><strong>Nuevo decreto<\/strong><\/p>\n\n\n\n<p>El nuevo decreto del Pla Obert aprobado por la corporaci\u00f3n provincial eleva a 508 los proyectos en marcha o ya ejecutados en el total de la provincia, con una inversi\u00f3n global de 78,5 millones de euros. De esta manera, en poco m\u00e1s de un a\u00f1o, el \u00e1rea de Cooperaci\u00f3n Municipal que coordina la vicepresidenta primera, Nat\u00e0lia Enguix, ha dado luz verde al 23% del plan cuatrienal, con 350 millones de euros que podr\u00e1n destinarse a la mejora de infraestructuras y servicios hasta finales de 2027. \u201cEn los \u00faltimos meses hemos experimentado un incremento progresivo en la presentaci\u00f3n de las solicitudes por parte de los ayuntamientos, que siguen definiendo y poniendo en marcha sus proyectos de legislatura\u201d, afirma Enguix.<\/p>\n\n\n\n<p>La propia Enguix, responsable de Cooperaci\u00f3n Municipal, explica que en el nuevo decreto \u201cdestacan principalmente las actuaciones de mejora y ampliaci\u00f3n de espacios verdes, jardines e instalaciones deportivas, as\u00ed como las obras de renovaci\u00f3n de las redes de agua potable y alcantarillado, que son los proyectos que incentivamos desde la Diputaci\u00f3n por su importancia para el desarrollo sostenible y la calidad de vida en nuestros municipios\u201d. No faltan otras actuaciones en materia de urbanismo y accesibilidad, eficiencia energ\u00e9tica o rehabilitaci\u00f3n de espacios municipales, a\u00f1ade la vicepresidenta Enguix, quien recuerda que los ayuntamientos \u201cpueden seguir presentando las solicitudes sin plazos, teniendo en cuenta que las obras se podr\u00e1n ejecutar hasta finales de 2027\u201d.<\/p>\n\n\n\n<p>Por su parte, el presidente, Vicent Momp\u00f3, se dirige a los alcaldes y alcaldesas para insistir en la cercan\u00eda de la Diputaci\u00f3n: \u201cpueden apoyarse en la instituci\u00f3n y sus t\u00e9cnicos para llevar adelante esos proyectos de presente y futuro que en muchos casos piden las vecinas y vecinos de cada municipio\u201d. \u201cNo se trata solo de aportar recursos econ\u00f3micos, que en este caso es la mayor aportaci\u00f3n en la historia de la corporaci\u00f3n, sino de estar muy pendientes de que el dinero se traduzca en mejoras reales en nuestras comarcas, ayudando a los pueblos, en especial los m\u00e1s peque\u00f1os, a que ejecuten hasta el \u00faltimo euro del plan\u201d, a\u00f1ade Momp\u00f3.<\/p>\n\n\n\n<p>El \u00faltimo decreto, el decimosexto desde que se puso en marcha el Pla Obert, ha aprobado en junio 53 proyectos de 39 municipios, que ya pueden poner en marcha el proceso de licitaci\u00f3n y adjudicaci\u00f3n de las obras para ejecutarlas en los plazos previstos. \u201cViendo el desarrollo del plan, estamos cada vez m\u00e1s convencidos de que no nos equivocamos al plantear un programa cuatrienal que ofrece facilidades a los ayuntamientos y que va incrementando el ritmo de presentaci\u00f3n de proyectos de forma progresiva\u201d, apunta Enguix, que explica que \u201cla mayor dotaci\u00f3n presupuestaria est\u00e1 prevista para este a\u00f1o y el pr\u00f3ximo, que son los que deben acumular m\u00e1s solicitudes para que las obras se completen en el tiempo establecido\u201d.<\/p>\n","protected":false},"excerpt":{"rendered":"<div class=\"mh-excerpt\">El \u00e1rea de Cooperaci\u00f3n Municipal destina un total de 250.000 euros a diferentes mejoras en los municipios de Marines, Vilamarxant, Dome\u00f1o, Casas Bajas y Ademuz. La vicepresidenta Nat\u00e0lia Enguix destaca \u201cel incremento progresivo de la <a class=\"mh-excerpt-more\" href=\"https:\/\/www.tucomarca.com\/wordpress\/segunda\/la-diputacio-aprueba-seis-nuevos-proyectos-del-pla-obert-en-el-camp-de-turia-la-serrania-y-el-rincon-de-ademuz\/\" title=\"La Diputaci\u00f3 aprueba seis nuevos proyectos del Pla Obert en el Camp de T\u00faria, la Serran\u00eda y el Rinc\u00f3n de Ademuz\">[+] <\/a><\/div>\n","protected":false},"author":12,"featured_media":270434,"comment_status":"open","ping_status":"open","sticky":false,"template":"","format":"standard","meta":{"footnotes":""},"categories":[49,223,46,225,187,128,8,59,179,117,142,3,45,184],"tags":[10395,3677,3912,20401],"class_list":{"0":"post-270432","1":"post","2":"type-post","3":"status-publish","4":"format-standard","5":"has-post-thumbnail","7":"category-ademuz","8":"category-ademuz-ademuz","9":"category-camp-de-turia","10":"category-casas-bajas","11":"category-domeno","12":"category-infraestructuras","13":"category-la-comarca","14":"category-los-serranos","15":"category-marines","16":"category-medio-ambiente-la-comarca","17":"category-politica-la-comarca","18":"category-seccion","19":"category-ventana","20":"category-vilamarxant","21":"tag-camp-de-turia","22":"tag-diputacio-de-valencia","23":"tag-la-serrania","24":"tag-natalia-enguix-2"},"_links":{"self":[{"href":"https:\/\/www.tucomarca.com\/wordpress\/segunda\/wp-json\/wp\/v2\/posts\/270432","targetHints":{"allow":["GET"]}}],"collection":[{"href":"https:\/\/www.tucomarca.com\/wordpress\/segunda\/wp-json\/wp\/v2\/posts"}],"about":[{"href":"https:\/\/www.tucomarca.com\/wordpress\/segunda\/wp-json\/wp\/v2\/types\/post"}],"author":[{"embeddable":true,"href":"https:\/\/www.tucomarca.com\/wordpress\/segunda\/wp-json\/wp\/v2\/users\/12"}],"replies":[{"embeddable":true,"href":"https:\/\/www.tucomarca.com\/wordpress\/segunda\/wp-json\/wp\/v2\/comments?post=270432"}],"version-history":[{"count":0,"href":"https:\/\/www.tucomarca.com\/wordpress\/segunda\/wp-json\/wp\/v2\/posts\/270432\/revisions"}],"wp:featuredmedia":[{"embeddable":true,"href":"https:\/\/www.tucomarca.com\/wordpress\/segunda\/wp-json\/wp\/v2\/media\/270434"}],"wp:attachment":[{"href":"https:\/\/www.tucomarca.com\/wordpress\/segunda\/wp-json\/wp\/v2\/media?parent=270432"}],"wp:term":[{"taxonomy":"category","embeddable":true,"href":"https:\/\/www.tucomarca.com\/wordpress\/segunda\/wp-json\/wp\/v2\/categories?post=270432"},{"taxonomy":"post_tag","embeddable":true,"href":"https:\/\/www.tucomarca.com\/wordpress\/segunda\/wp-json\/wp\/v2\/tags?post=270432"}],"curies":[{"name":"wp","href":"https:\/\/api.w.org\/{rel}","templated":true}]}}