{"id":270678,"date":"2025-06-27T08:00:00","date_gmt":"2025-06-27T06:00:00","guid":{"rendered":"https:\/\/www.tucomarca.com\/wordpress\/segunda\/?p=270678"},"modified":"2025-06-27T16:02:22","modified_gmt":"2025-06-27T14:02:22","slug":"el-pspv-psoe-de-bunol-renueva-su-direccion-local","status":"publish","type":"post","link":"https:\/\/www.tucomarca.com\/wordpress\/segunda\/el-pspv-psoe-de-bunol-renueva-su-direccion-local\/","title":{"rendered":"El PSPV-PSOE de Bu\u00f1ol renueva su Direcci\u00f3n Local"},"content":{"rendered":"\n<p>La agrupaci\u00f3n local del PSPV-PSOE de Bu\u00f1ol ha celebrado este mi\u00e9rcoles una asamblea para aprobar la gesti\u00f3n anterior y renovar su Comisi\u00f3n Ejecutiva Local. El encuentro ha contado con una alta participaci\u00f3n de la militancia y con la presencia del diputado provincial y secretario de Organizaci\u00f3n del PSPV-PSOE de la provincia de Val\u00e8ncia,&nbsp;<strong>Jorge Vidal<\/strong>.<\/p>\n\n\n\n<p>Durante la asamblea se ha aprobado por amplia mayor\u00eda la gesti\u00f3n de la Ejecutiva Local anterior, que ha destacado por fomentar una militancia m\u00e1s activa y reforzar la transparencia y el funcionamiento interno del partido.<\/p>\n\n\n\n<p>Acto seguido, la militancia ha elegido a la nueva&nbsp;<strong>Comisi\u00f3n Ejecutiva Local<\/strong>, una candidatura liderada por&nbsp;<strong>Aurelio Palmer<\/strong>&nbsp;como secretario general y que combina compromiso, experiencia y renovaci\u00f3n. Esta es la nueva estructura del PSOE de Bu\u00f1ol:<\/p>\n\n\n\n<ol class=\"wp-block-list\">\n<li><strong>Presidente:<\/strong>&nbsp;Juan Fuentes<\/li>\n\n\n\n<li><strong>Secretario General:<\/strong>&nbsp;Aurelio Palmer<\/li>\n\n\n\n<li><strong>Vicesecretaria General:<\/strong>&nbsp;Mar\u00eda Vall\u00e9s<\/li>\n\n\n\n<li><strong>Vicesecretaria y secretaria de Organizaci\u00f3n y Portavoz:<\/strong>&nbsp;Ana S\u00e1ez<\/li>\n\n\n\n<li><strong>Secretar\u00eda de Administraci\u00f3n:<\/strong>&nbsp;Desi Perell\u00f3<\/li>\n\n\n\n<li><strong>Secretar\u00eda de Relaciones Institucionales:<\/strong>&nbsp;Pedro Vall\u00e9s<\/li>\n\n\n\n<li><strong>Secretar\u00eda de Transporte y Comunicaciones:<\/strong>&nbsp;Carlos Barbero<\/li>\n\n\n\n<li><strong>Secretar\u00eda de Emergencia Clim\u00e1tica, Medio Ambiente y Agricultura:<\/strong>&nbsp;Mat\u00edas Palmer<\/li>\n\n\n\n<li><strong>Secretar\u00eda de Agenda Urbana y Medios de Comunicaci\u00f3n:<\/strong>&nbsp;Indira Sarabia<\/li>\n\n\n\n<li><strong>Secretar\u00eda de Cultura y Juventud:<\/strong>&nbsp;Paco Moril Perell\u00f3<\/li>\n\n\n\n<li><strong>Secretar\u00eda de Memoria Hist\u00f3rica y Ateneo Republicano:<\/strong>&nbsp;Alicia Hern\u00e1ndez<\/li>\n\n\n\n<li><strong>Secretar\u00eda de Educaci\u00f3n, Deportes y Bandas de M\u00fasica:<\/strong>&nbsp;Giovanna Navarro<\/li>\n\n\n\n<li><strong>Secretar\u00eda de Pol\u00edticas Sociales:<\/strong>&nbsp;Mariv\u00ed Cuenca<\/li>\n\n\n\n<li><strong>Secretar\u00eda de Turismo:<\/strong>&nbsp;Araceli Mas<\/li>\n\n\n\n<li><strong>Secretar\u00eda de Acci\u00f3n Electoral y D\u00eda D:<\/strong>&nbsp;Pili Garrigues<\/li>\n\n\n\n<li><strong>Vocal Adjunto a Secretar\u00eda General:<\/strong>&nbsp;Andr\u00e9s Perell\u00f3<\/li>\n\n\n\n<li><strong>Vocal Adjunto de Educaci\u00f3n, Deportes y Bandas de M\u00fasica:<\/strong>&nbsp;Chimo Faubell<\/li>\n\n\n\n<li><strong>Vocal Adjunto de Cultura y Juventud:<\/strong>&nbsp;Concha Perell\u00f3 Villar<\/li>\n\n\n\n<li><strong>Vocal Adjunto de Transporte y Comunicaciones:<\/strong>&nbsp;Rafa P\u00e9rez Piqueras<\/li>\n<\/ol>\n\n\n\n<p>Durante la asamblea se reconoci\u00f3 y agradeci\u00f3 el trabajo de la\u00a0<strong>ejecutiva saliente<\/strong>\u00a0por su \u201c<strong>compromiso y responsabilidad durante estos a\u00f1os tan complejos para la pol\u00edtica local<\/strong>. La nueva direcci\u00f3n asume con ilusi\u00f3n el reto de seguir construyendo un PSOE fuerte, unido y \u00fatil para Bu\u00f1ol, comprometido con una gesti\u00f3n municipal progresista, eficaz y centrada en mejorar la vida de los vecinos y vecinas de Bu\u00f1ol\u00bb, han finalizado desde el PSOE local.<\/p>\n","protected":false},"excerpt":{"rendered":"<div class=\"mh-excerpt\">La agrupaci\u00f3n local del PSPV-PSOE de Bu\u00f1ol ha celebrado este mi\u00e9rcoles una asamblea para aprobar la gesti\u00f3n anterior y renovar su Comisi\u00f3n Ejecutiva Local. El encuentro ha contado con una alta participaci\u00f3n de la militancia <a class=\"mh-excerpt-more\" href=\"https:\/\/www.tucomarca.com\/wordpress\/segunda\/el-pspv-psoe-de-bunol-renueva-su-direccion-local\/\" title=\"El PSPV-PSOE de Bu\u00f1ol renueva su Direcci\u00f3n Local\">[+] <\/a><\/div>\n","protected":false},"author":12,"featured_media":270680,"comment_status":"open","ping_status":"open","sticky":false,"template":"","format":"standard","meta":{"footnotes":""},"categories":[18,8,10,142,3],"tags":[10385,5952,11380],"class_list":{"0":"post-270678","1":"post","2":"type-post","3":"status-publish","4":"format-standard","5":"has-post-thumbnail","7":"category-bunol","8":"category-la-comarca","9":"category-la-hoya","10":"category-politica-la-comarca","11":"category-seccion","12":"tag-bunol","13":"tag-la-hoya-de-bunol-chiva","14":"tag-pspv-psoe-bunol"},"_links":{"self":[{"href":"https:\/\/www.tucomarca.com\/wordpress\/segunda\/wp-json\/wp\/v2\/posts\/270678","targetHints":{"allow":["GET"]}}],"collection":[{"href":"https:\/\/www.tucomarca.com\/wordpress\/segunda\/wp-json\/wp\/v2\/posts"}],"about":[{"href":"https:\/\/www.tucomarca.com\/wordpress\/segunda\/wp-json\/wp\/v2\/types\/post"}],"author":[{"embeddable":true,"href":"https:\/\/www.tucomarca.com\/wordpress\/segunda\/wp-json\/wp\/v2\/users\/12"}],"replies":[{"embeddable":true,"href":"https:\/\/www.tucomarca.com\/wordpress\/segunda\/wp-json\/wp\/v2\/comments?post=270678"}],"version-history":[{"count":0,"href":"https:\/\/www.tucomarca.com\/wordpress\/segunda\/wp-json\/wp\/v2\/posts\/270678\/revisions"}],"wp:featuredmedia":[{"embeddable":true,"href":"https:\/\/www.tucomarca.com\/wordpress\/segunda\/wp-json\/wp\/v2\/media\/270680"}],"wp:attachment":[{"href":"https:\/\/www.tucomarca.com\/wordpress\/segunda\/wp-json\/wp\/v2\/media?parent=270678"}],"wp:term":[{"taxonomy":"category","embeddable":true,"href":"https:\/\/www.tucomarca.com\/wordpress\/segunda\/wp-json\/wp\/v2\/categories?post=270678"},{"taxonomy":"post_tag","embeddable":true,"href":"https:\/\/www.tucomarca.com\/wordpress\/segunda\/wp-json\/wp\/v2\/tags?post=270678"}],"curies":[{"name":"wp","href":"https:\/\/api.w.org\/{rel}","templated":true}]}}