{"id":270709,"date":"2025-06-27T09:00:00","date_gmt":"2025-06-27T07:00:00","guid":{"rendered":"https:\/\/www.tucomarca.com\/wordpress\/segunda\/?p=270709"},"modified":"2025-06-27T15:48:55","modified_gmt":"2025-06-27T13:48:55","slug":"cinema-jove-clausura-su-40a-edicion-con-un-espectaculo-que-reivindica-la-historia-del-festival-y-sus-perspectivas-de-futuro","status":"publish","type":"post","link":"https:\/\/www.tucomarca.com\/wordpress\/segunda\/cinema-jove-clausura-su-40a-edicion-con-un-espectaculo-que-reivindica-la-historia-del-festival-y-sus-perspectivas-de-futuro\/","title":{"rendered":"Cinema Jove clausura su 40\u00aa edici\u00f3n con un espect\u00e1culo que reivindica la historia del festival y sus perspectivas de futuro"},"content":{"rendered":"\n<h3 class=\"wp-block-heading\">La gala,\u00a0dirigida por el actor y dramaturgo Jaime Pujol,\u00a0se celebra el s\u00e1bado 28 de junio en el Teatro Principal de Val\u00e8ncia\u00a0y al finalizar se\u00a0proyecta el cortometraje ganador de la Secci\u00f3n Oficial.<\/h3>\n\n\n\n<h3 class=\"wp-block-heading\">En la Filmoteca se podr\u00e1 ver el largometraje ganador\u00a0del Premio del P\u00fablico y Luna de Val\u00e8ncia a Mejor Pel\u00edcula.<\/h3>\n\n\n\n<p>El Festival Internacional de Cine de Val\u00e8ncia Cinema Jove, organizado por la Conselleria de Educaci\u00f3n, Cultura, Universidades y Empleo, a trav\u00e9s del Institut Valenci\u00e0 de Cultura (IVC), clausura su 40\u00aa edici\u00f3n con un espect\u00e1culo y una entrega de premios, que reivindicar\u00e1 la historia del festival y mirar\u00e1 hacia el futuro. &nbsp;<\/p>\n\n\n\n<p>El director de la gala, el actor y dramaturgo Jaime Pujol, ha se\u00f1alado que en esta gala de clausura \u201cseguimos poniendo en valor los cuarenta a\u00f1os del festival y seguimos apostando por su futuro, por lo que continuamos jugando con la idea de c\u00f3mo ser\u00e1n las entregas de premios y el festival dentro de cuarenta a\u00f1os\u201d.<\/p>\n\n\n\n<p>La gala tendr\u00e1 lugar el s\u00e1bado 28 de junio, a las 19.00 horas, en el Teatro Principal de Val\u00e8ncia, y en ella se entregar\u00e1n los premios de un palmar\u00e9s que se dar\u00e1 a conocer el mismo d\u00eda. Seg\u00fan Pujol, \u201cla prioridad es que sea una entrega de premios \u00e1gil con una puesta en escena divertida y con humor\u201d. Tras el acto, se podr\u00e1 ver el corto ganador de la Secci\u00f3n Oficial de Cortometrajes.&nbsp;<\/p>\n\n\n\n<p>Por otra parte, ese mismo d\u00eda en la Filmoteca Valenciana, a las 20.00 horas, se proyectar\u00e1n dos pel\u00edculas con galard\u00f3n. Una ser\u00e1 la pel\u00edcula ganadora del Premio del P\u00fablico, y la siguiente ser\u00e1 la ganadora del Premio Luna de Val\u00e8ncia a Mejor Pel\u00edcula. Los t\u00edtulos que se podr\u00e1n ver en ambas proyecciones se dar\u00e1n a conocer el mismo s\u00e1bado.<\/p>\n\n\n\n<p><strong>Final de la programaci\u00f3n<\/strong><\/p>\n\n\n\n<p>Asimismo, a las 11.00 horas la Filmoteca proyectar\u00e1 \u2018The Botanist\u2019 (2025) de Jing Yi, en el \u00faltimo pase de la Secci\u00f3n Oficial de Largometrajes a competici\u00f3n. Adem\u00e1s, dentro del ciclo Selecci\u00f3n de Lunas, que re\u00fane las \u00faltimas ganadoras del premio Luna de Val\u00e8ncia, La Filmoteca proyecta, a las 17.30 horas, \u2018Fly On\u2019 (2023) de Takuya Kat\u00f4, vencedora de la pasada edici\u00f3n.&nbsp;<\/p>\n\n\n\n<p>En el Teatro Rialto, a las 17.30 horas, se proyecta el d\u00e9cimo y \u00faltimo programa de cortometrajes, conformado por \u2018Are You Scared to Be Yourself Because You Think That You Might Fail?\u2019 (2024), de Bec Pecaut; \u2018Bad For a Moment\u2019 (2024), de Daniel Soares; \u2018The Thief\u2019(2025), de Christoffer Rizvanovic Stenbakken; \u2018Sans voix\u2019 (2024), de Samuel Patthey; y \u2018Almost Certainly False\u2019 (2024), de Cansu Baydar.&nbsp;<\/p>\n\n\n\n<p><strong>Despedida<\/strong><\/p>\n\n\n\n<p>El ciclo \u2018High School 5\u00ba Curso\u2019 culmina en el Espai Turia de la Plaza Viriato con la proyecci\u00f3n, a las 22.30 horas, de \u2018Un peque\u00f1o mundo\u2019 (2021) de Laura Wandel, la historia de dos hermanos y la complejidad de su relaci\u00f3n cuando uno de ellos sufre acoso en el patio del colegio. Esta pel\u00edcula fue la ganadora del Premio FIPRESCI de Un Certain Regard en Cannes en 2021.&nbsp;<\/p>\n\n\n\n<p>Antes y despu\u00e9s de la proyecci\u00f3n de la pel\u00edcula de Laura Wandel, el Espai Turia celebrar\u00e1 la misma Plaza Viriato su ya tradicional Fiesta de fin de curso, con la DJ Sika en directo.&nbsp;<\/p>\n\n\n\n<p>Finalmente, el ciclo \u2018Backstage: \u00cddolos Z\u2019 se despide en el Centre del Carme, a las 22.30 horas, con la proyecci\u00f3n de \u2018BTS: Break the Silence The Movie\u2019 (2020) de Park Jun-su. La pel\u00edcula es la historia no contada de la banda m\u00e1s influyente del K-Pop: BTS; un viaje por todo el mundo en el que los siete miembros de la banda cuentan sus historias m\u00e1s personales.<\/p>\n","protected":false},"excerpt":{"rendered":"<div class=\"mh-excerpt\">La gala,\u00a0dirigida por el actor y dramaturgo Jaime Pujol,\u00a0se celebra el s\u00e1bado 28 de junio en el Teatro Principal de Val\u00e8ncia\u00a0y al finalizar se\u00a0proyecta el cortometraje ganador de la Secci\u00f3n Oficial. En la Filmoteca se <a class=\"mh-excerpt-more\" href=\"https:\/\/www.tucomarca.com\/wordpress\/segunda\/cinema-jove-clausura-su-40a-edicion-con-un-espectaculo-que-reivindica-la-historia-del-festival-y-sus-perspectivas-de-futuro\/\" title=\"Cinema Jove clausura su 40\u00aa edici\u00f3n con un espect\u00e1culo que reivindica la historia del festival y sus perspectivas de futuro\">[+] <\/a><\/div>\n","protected":false},"author":12,"featured_media":270710,"comment_status":"open","ping_status":"open","sticky":false,"template":"","format":"standard","meta":{"footnotes":""},"categories":[4,72,7,3],"tags":[2142,15855],"class_list":{"0":"post-270709","1":"post","2":"type-post","3":"status-publish","4":"format-standard","5":"has-post-thumbnail","7":"category-agenda","8":"category-sin-categorizar","9":"category-ocio-y-cultura","10":"category-seccion","11":"tag-la-comunitat","12":"tag-ocio-y-cultura"},"_links":{"self":[{"href":"https:\/\/www.tucomarca.com\/wordpress\/segunda\/wp-json\/wp\/v2\/posts\/270709","targetHints":{"allow":["GET"]}}],"collection":[{"href":"https:\/\/www.tucomarca.com\/wordpress\/segunda\/wp-json\/wp\/v2\/posts"}],"about":[{"href":"https:\/\/www.tucomarca.com\/wordpress\/segunda\/wp-json\/wp\/v2\/types\/post"}],"author":[{"embeddable":true,"href":"https:\/\/www.tucomarca.com\/wordpress\/segunda\/wp-json\/wp\/v2\/users\/12"}],"replies":[{"embeddable":true,"href":"https:\/\/www.tucomarca.com\/wordpress\/segunda\/wp-json\/wp\/v2\/comments?post=270709"}],"version-history":[{"count":0,"href":"https:\/\/www.tucomarca.com\/wordpress\/segunda\/wp-json\/wp\/v2\/posts\/270709\/revisions"}],"wp:featuredmedia":[{"embeddable":true,"href":"https:\/\/www.tucomarca.com\/wordpress\/segunda\/wp-json\/wp\/v2\/media\/270710"}],"wp:attachment":[{"href":"https:\/\/www.tucomarca.com\/wordpress\/segunda\/wp-json\/wp\/v2\/media?parent=270709"}],"wp:term":[{"taxonomy":"category","embeddable":true,"href":"https:\/\/www.tucomarca.com\/wordpress\/segunda\/wp-json\/wp\/v2\/categories?post=270709"},{"taxonomy":"post_tag","embeddable":true,"href":"https:\/\/www.tucomarca.com\/wordpress\/segunda\/wp-json\/wp\/v2\/tags?post=270709"}],"curies":[{"name":"wp","href":"https:\/\/api.w.org\/{rel}","templated":true}]}}