{"id":270740,"date":"2025-06-27T12:55:00","date_gmt":"2025-06-27T10:55:00","guid":{"rendered":"https:\/\/www.tucomarca.com\/wordpress\/segunda\/?p=270740"},"modified":"2025-06-27T15:52:32","modified_gmt":"2025-06-27T13:52:32","slug":"la-diputacio-destina-735-000-euros-para-que-los-municipios-de-menos-de-20-000-habitantes-elaboren-su-plan-de-agenda-urbana","status":"publish","type":"post","link":"https:\/\/www.tucomarca.com\/wordpress\/segunda\/la-diputacio-destina-735-000-euros-para-que-los-municipios-de-menos-de-20-000-habitantes-elaboren-su-plan-de-agenda-urbana\/","title":{"rendered":"La Diputaci\u00f3 destina 735.000 euros para que los municipios de menos de 20.000 habitantes elaboren su Plan de Agenda Urbana\u00a0"},"content":{"rendered":"\n<h3 class=\"wp-block-heading\">El \u00e1rea de Fondos Europeos que dirige el diputado Juan Ram\u00f3n Adsuara publica la convocatoria de las subvenciones a las que optan aquellas localidades que no fueron beneficiadas en 2024.<\/h3>\n\n\n\n<h3 class=\"wp-block-heading\">Adsuara afirma que \u201cde este modo damos continuidad a unas ayudas que sirven para que nuestros pueblos puedan tener un desarrollo urbano sostenible, en l\u00ednea con los principios establecidos por la Uni\u00f3n Europea\u201d.<\/h3>\n\n\n\n<p>La Diputaci\u00f3 de Val\u00e8ncia ha abierto el plazo de la convocatoria de subvenciones para que los municipios de menos de 20.000 habitantes elaboren su Plan de Acci\u00f3n de Agenda Urbana, el documento estrat\u00e9gico para un desarrollo urbano sostenible. En 2025, el \u00e1rea de Fondos Europeos que dirige el diputado Juan Ram\u00f3n Adsuara, destina a esta partida un total de 735.000 euros, lo que supone un incremento de m\u00e1s de 15.000 euros respecto al a\u00f1o anterior. El plazo para que los ayuntamientos presenten sus solicitudes finaliza el pr\u00f3ximo 17 de julio.<\/p>\n\n\n\n<p>En esta ocasi\u00f3n, podr\u00e1n acogerse a estas ayudas todos los municipios de la provincia de Valencia, menores de 20.000 habitantes, que no hubiesen resultado beneficiarios en la convocatoria de 2024. \u201cCon ello pretendemos ampliar la zona de incidencia en la provincia, propiciando que dichas ayudas lleguen al m\u00e1ximo n\u00famero de pueblos posible\u201d, explica Juan Ram\u00f3n Adsuara.<\/p>\n\n\n\n<p>El objetivo de estas ayudas es fomentar entre los municipios de la provincia la planificaci\u00f3n estrat\u00e9gica territorial, para garantizar, en un plazo razonablemente corto, su alineaci\u00f3n con los objetivos, la metodolog\u00eda de trabajo y el enfoque transversal, estrat\u00e9gico e integrado propuestos por propuestos por la Agenda Urbana Espa\u00f1ola y los Objetivos de Desarrollo Sostenible. \u201cDe este modo damos continuidad a unas ayudas que sirven para que nuestros pueblos puedan tener un desarrollo urbano sostenible, en l\u00ednea con los principios establecidos por la Uni\u00f3n Europea\u201d, subraya Adsuara.<\/p>\n\n\n\n<p>En cuanto a la cuant\u00eda m\u00e1xima que podr\u00e1 recibir cada municipio beneficiado ser\u00e1 de 7.500 euros para las localidades menores de 5.000 habitantes; de 10.000 euros para las de menos de 10.000 habitantes; y de 15.000 euros para los que tengan menos de 20.000 habitantes.<\/p>\n\n\n\n<p>En el a\u00f1o 2024, se vieron beneficiados un total de 97 municipios de la provincia, adem\u00e1s de 11 mancomunidades (este a\u00f1o s\u00f3lo optan los municipios porque el a\u00f1o pasado se atendieron todas las solicitudes presentadas por \u00e9stas).<\/p>\n","protected":false},"excerpt":{"rendered":"<div class=\"mh-excerpt\">El \u00e1rea de Fondos Europeos que dirige el diputado Juan Ram\u00f3n Adsuara publica la convocatoria de las subvenciones a las que optan aquellas localidades que no fueron beneficiadas en 2024. Adsuara afirma que \u201cde este <a class=\"mh-excerpt-more\" href=\"https:\/\/www.tucomarca.com\/wordpress\/segunda\/la-diputacio-destina-735-000-euros-para-que-los-municipios-de-menos-de-20-000-habitantes-elaboren-su-plan-de-agenda-urbana\/\" title=\"La Diputaci\u00f3 destina 735.000 euros para que los municipios de menos de 20.000 habitantes elaboren su Plan de Agenda Urbana\u00a0\">[+] <\/a><\/div>\n","protected":false},"author":12,"featured_media":270743,"comment_status":"open","ping_status":"open","sticky":false,"template":"","format":"standard","meta":{"footnotes":""},"categories":[128,8,72,142,3,45],"tags":[3677,1807,21352,22742,16561],"class_list":{"0":"post-270740","1":"post","2":"type-post","3":"status-publish","4":"format-standard","5":"has-post-thumbnail","7":"category-infraestructuras","8":"category-la-comarca","9":"category-sin-categorizar","10":"category-politica-la-comarca","11":"category-seccion","12":"category-ventana","13":"tag-diputacio-de-valencia","14":"tag-fondos-europeos","15":"tag-juan-ramon-adsuara-2","16":"tag-plan-de-agenda-urbana","17":"tag-vicente-mompo"},"_links":{"self":[{"href":"https:\/\/www.tucomarca.com\/wordpress\/segunda\/wp-json\/wp\/v2\/posts\/270740","targetHints":{"allow":["GET"]}}],"collection":[{"href":"https:\/\/www.tucomarca.com\/wordpress\/segunda\/wp-json\/wp\/v2\/posts"}],"about":[{"href":"https:\/\/www.tucomarca.com\/wordpress\/segunda\/wp-json\/wp\/v2\/types\/post"}],"author":[{"embeddable":true,"href":"https:\/\/www.tucomarca.com\/wordpress\/segunda\/wp-json\/wp\/v2\/users\/12"}],"replies":[{"embeddable":true,"href":"https:\/\/www.tucomarca.com\/wordpress\/segunda\/wp-json\/wp\/v2\/comments?post=270740"}],"version-history":[{"count":0,"href":"https:\/\/www.tucomarca.com\/wordpress\/segunda\/wp-json\/wp\/v2\/posts\/270740\/revisions"}],"wp:featuredmedia":[{"embeddable":true,"href":"https:\/\/www.tucomarca.com\/wordpress\/segunda\/wp-json\/wp\/v2\/media\/270743"}],"wp:attachment":[{"href":"https:\/\/www.tucomarca.com\/wordpress\/segunda\/wp-json\/wp\/v2\/media?parent=270740"}],"wp:term":[{"taxonomy":"category","embeddable":true,"href":"https:\/\/www.tucomarca.com\/wordpress\/segunda\/wp-json\/wp\/v2\/categories?post=270740"},{"taxonomy":"post_tag","embeddable":true,"href":"https:\/\/www.tucomarca.com\/wordpress\/segunda\/wp-json\/wp\/v2\/tags?post=270740"}],"curies":[{"name":"wp","href":"https:\/\/api.w.org\/{rel}","templated":true}]}}