{"id":271205,"date":"2025-07-02T10:00:00","date_gmt":"2025-07-02T08:00:00","guid":{"rendered":"https:\/\/www.tucomarca.com\/wordpress\/segunda\/?p=271205"},"modified":"2025-07-02T12:20:34","modified_gmt":"2025-07-02T10:20:34","slug":"silvia-calvet-reelegida-secretaria-general-del-pspv-psoe-de-pedralba","status":"publish","type":"post","link":"https:\/\/www.tucomarca.com\/wordpress\/segunda\/silvia-calvet-reelegida-secretaria-general-del-pspv-psoe-de-pedralba\/","title":{"rendered":"Silvia Calvet, reelegida Secretaria General del PSPV-PSOE de Pedralba\u00a0"},"content":{"rendered":"\n<h3 class=\"wp-block-heading\">Silvia Calvet apuesta \u00abpor un partido abierto a simpatizantes que quieran aportar y colaborar con el proyecto socialista para Pedralba\u00bb.<\/h3>\n\n\n\n<p>Silvia Calvet ha sido reelegida Secretaria General del PSPV-PSOE de Pedralba tras la asamblea extraordinaria que celebraron los socialistas de la localidad el pasado lunes 30 de junio.<\/p>\n\n\n\n<p>De esta forma, revalida su condici\u00f3n en el partido de la localidad tras haber logrado en 2021 situarse como Secretaria General con el 100 % de los votos de la militancia socialista de Pedralba que particip\u00f3 en la consulta.<\/p>\n\n\n\n<p>Repetir\u00e1n en esta nueva andadura junto a Silvia Calvet en la Ejecutiva muchos compa\u00f1eros socialistas que en estos cuatro a\u00f1os han trabajado junto a ella para conseguir recuperar la alcald\u00eda el pasa mayo del 2023. <strong>Su mano derecha y alcalde de Pedralba, Andoni Le\u00f3n, repetir\u00e1 como secretario de organizaci\u00f3n del PSPV-PSOE de Pedralba.<\/strong><\/p>\n\n\n\n<p>Calvet apuesta por \u00ab<strong>abrir el partido a simpatizantes y vecinas y vecinos que quieran aportar y colaborar con el proyecto socialista\u00bb.<\/strong> Para eso indica que se van a crear grupos de trabajo por \u00e1reas en las que se va a integrar a vecinas y vecinos, gente involucrada en el tejido asociativo municipal que, sin ser militantes del PSOE de Pedralba, han manifestado su voluntad de querer enriquecer el proyecto socialista para revalidar un gobierno progresista en mayo de 2027.<\/p>\n\n\n\n<p>Silvia Calvet, tras la asamblea, afirm\u00f3 que<strong> \u201ccon esta renovaci\u00f3n de la direcci\u00f3n del PSOE de Pedralba arrancamos los motores para trabajar y que en 2027 Andoni Le\u00f3n vuelva a ser el alcalde que necesita Pedralba y para ello nos ponemos en marcha para lograr una mayor\u00eda progresista\u201d.<\/strong><\/p>\n","protected":false},"excerpt":{"rendered":"<div class=\"mh-excerpt\">Silvia Calvet apuesta \u00abpor un partido abierto a simpatizantes que quieran aportar y colaborar con el proyecto socialista para Pedralba\u00bb. Silvia Calvet ha sido reelegida Secretaria General del PSPV-PSOE de Pedralba tras la asamblea extraordinaria <a class=\"mh-excerpt-more\" href=\"https:\/\/www.tucomarca.com\/wordpress\/segunda\/silvia-calvet-reelegida-secretaria-general-del-pspv-psoe-de-pedralba\/\" title=\"Silvia Calvet, reelegida Secretaria General del PSPV-PSOE de Pedralba\u00a0\">[+] <\/a><\/div>\n","protected":false},"author":12,"featured_media":271207,"comment_status":"open","ping_status":"open","sticky":false,"template":"","format":"standard","meta":{"footnotes":""},"categories":[128,8,59,196,142,3],"tags":[3912,10400,22756],"class_list":{"0":"post-271205","1":"post","2":"type-post","3":"status-publish","4":"format-standard","5":"has-post-thumbnail","7":"category-infraestructuras","8":"category-la-comarca","9":"category-los-serranos","10":"category-pedralba","11":"category-politica-la-comarca","12":"category-seccion","13":"tag-la-serrania","14":"tag-los-serranos","15":"tag-pspv-psoe-pedralba"},"_links":{"self":[{"href":"https:\/\/www.tucomarca.com\/wordpress\/segunda\/wp-json\/wp\/v2\/posts\/271205","targetHints":{"allow":["GET"]}}],"collection":[{"href":"https:\/\/www.tucomarca.com\/wordpress\/segunda\/wp-json\/wp\/v2\/posts"}],"about":[{"href":"https:\/\/www.tucomarca.com\/wordpress\/segunda\/wp-json\/wp\/v2\/types\/post"}],"author":[{"embeddable":true,"href":"https:\/\/www.tucomarca.com\/wordpress\/segunda\/wp-json\/wp\/v2\/users\/12"}],"replies":[{"embeddable":true,"href":"https:\/\/www.tucomarca.com\/wordpress\/segunda\/wp-json\/wp\/v2\/comments?post=271205"}],"version-history":[{"count":0,"href":"https:\/\/www.tucomarca.com\/wordpress\/segunda\/wp-json\/wp\/v2\/posts\/271205\/revisions"}],"wp:featuredmedia":[{"embeddable":true,"href":"https:\/\/www.tucomarca.com\/wordpress\/segunda\/wp-json\/wp\/v2\/media\/271207"}],"wp:attachment":[{"href":"https:\/\/www.tucomarca.com\/wordpress\/segunda\/wp-json\/wp\/v2\/media?parent=271205"}],"wp:term":[{"taxonomy":"category","embeddable":true,"href":"https:\/\/www.tucomarca.com\/wordpress\/segunda\/wp-json\/wp\/v2\/categories?post=271205"},{"taxonomy":"post_tag","embeddable":true,"href":"https:\/\/www.tucomarca.com\/wordpress\/segunda\/wp-json\/wp\/v2\/tags?post=271205"}],"curies":[{"name":"wp","href":"https:\/\/api.w.org\/{rel}","templated":true}]}}