{"id":271247,"date":"2025-07-02T12:00:00","date_gmt":"2025-07-02T10:00:00","guid":{"rendered":"https:\/\/www.tucomarca.com\/wordpress\/segunda\/?p=271247"},"modified":"2025-07-02T14:08:34","modified_gmt":"2025-07-02T12:08:34","slug":"el-partido-popular-de-requena-exige-al-gobierno-del-psoe-y-prya-que-ponga-fin-a-la-plaga-de-pulgas-en-el-barrio-penas","status":"publish","type":"post","link":"https:\/\/www.tucomarca.com\/wordpress\/segunda\/el-partido-popular-de-requena-exige-al-gobierno-del-psoe-y-prya-que-ponga-fin-a-la-plaga-de-pulgas-en-el-barrio-penas\/","title":{"rendered":"El Partido Popular de Requena exige al gobierno del PSOE y PRYA que ponga fin a la plaga de pulgas en el barrio Pe\u00f1as\u00a0"},"content":{"rendered":"\n<p>El Partido Popular pide al gobierno del PSOE y\u00a0 Partido de Requena y Aldeas (PRYA) que act\u00fae de inmediato y solucione \u201cel grave problema de plagas de pulgas que afecta principalmente al barrio Pe\u00f1as. La situaci\u00f3n, que se ha ido agravando en los \u00faltimos meses, representa una amenaza para la salud y el bienestar de los vecinos, y requiere una intervenci\u00f3n r\u00e1pida y efectiva\u201d, manifiestan.<\/p>\n\n\n\n<p>\u201cLas calles Libertad, Tienda, la cuesta de la calle Jerez y el conocido estrecho de Garc\u00eda Gonz\u00e1lez son algunos de los puntos donde la problem\u00e1tica se hace m\u00e1s evidente. Los residentes de estas zonas han denunciado en varias ocasiones la presencia masiva de pulgas, que no solo generan incomodidad y molestias, sino que tambi\u00e9n pueden derivar en problemas sanitarios m\u00e1s graves si no se toman medidas a tiempo\u201d, a\u00f1aden los populares de Requena.\u00a0<\/p>\n\n\n\n<p>\u201cEste problema de \u00edndole sanitaria ha generado preocupaci\u00f3n entre los vecinos, quienes temen que la situaci\u00f3n pueda empeorar si no se act\u00faa con prontitud\u201d, destacan las fuentes. Informa, <strong>Luis Ib\u00e1\u00f1ez.<\/strong><\/p>\n","protected":false},"excerpt":{"rendered":"<div class=\"mh-excerpt\">El Partido Popular pide al gobierno del PSOE y\u00a0 Partido de Requena y Aldeas (PRYA) que act\u00fae de inmediato y solucione \u201cel grave problema de plagas de pulgas que afecta principalmente al barrio Pe\u00f1as. La <a class=\"mh-excerpt-more\" href=\"https:\/\/www.tucomarca.com\/wordpress\/segunda\/el-partido-popular-de-requena-exige-al-gobierno-del-psoe-y-prya-que-ponga-fin-a-la-plaga-de-pulgas-en-el-barrio-penas\/\" title=\"El Partido Popular de Requena exige al gobierno del PSOE y PRYA que ponga fin a la plaga de pulgas en el barrio Pe\u00f1as\u00a0\">[+] <\/a><\/div>\n","protected":false},"author":12,"featured_media":219857,"comment_status":"open","ping_status":"open","sticky":false,"template":"","format":"standard","meta":{"footnotes":""},"categories":[119,128,8,117,142,28,27,3,116],"tags":[22761,16654,10388,10387],"class_list":{"0":"post-271247","1":"post","2":"type-post","3":"status-publish","4":"format-standard","5":"has-post-thumbnail","7":"category-sanidad-la-comarca","8":"category-infraestructuras","9":"category-la-comarca","10":"category-medio-ambiente-la-comarca","11":"category-politica-la-comarca","12":"category-requena","13":"category-requena-utiel","14":"category-seccion","15":"category-sucesos-la-comarca","16":"tag-plaga-de-pulgas","17":"tag-pp-de-requena","18":"tag-requena","19":"tag-requena-utiel"},"_links":{"self":[{"href":"https:\/\/www.tucomarca.com\/wordpress\/segunda\/wp-json\/wp\/v2\/posts\/271247","targetHints":{"allow":["GET"]}}],"collection":[{"href":"https:\/\/www.tucomarca.com\/wordpress\/segunda\/wp-json\/wp\/v2\/posts"}],"about":[{"href":"https:\/\/www.tucomarca.com\/wordpress\/segunda\/wp-json\/wp\/v2\/types\/post"}],"author":[{"embeddable":true,"href":"https:\/\/www.tucomarca.com\/wordpress\/segunda\/wp-json\/wp\/v2\/users\/12"}],"replies":[{"embeddable":true,"href":"https:\/\/www.tucomarca.com\/wordpress\/segunda\/wp-json\/wp\/v2\/comments?post=271247"}],"version-history":[{"count":0,"href":"https:\/\/www.tucomarca.com\/wordpress\/segunda\/wp-json\/wp\/v2\/posts\/271247\/revisions"}],"wp:featuredmedia":[{"embeddable":true,"href":"https:\/\/www.tucomarca.com\/wordpress\/segunda\/wp-json\/wp\/v2\/media\/219857"}],"wp:attachment":[{"href":"https:\/\/www.tucomarca.com\/wordpress\/segunda\/wp-json\/wp\/v2\/media?parent=271247"}],"wp:term":[{"taxonomy":"category","embeddable":true,"href":"https:\/\/www.tucomarca.com\/wordpress\/segunda\/wp-json\/wp\/v2\/categories?post=271247"},{"taxonomy":"post_tag","embeddable":true,"href":"https:\/\/www.tucomarca.com\/wordpress\/segunda\/wp-json\/wp\/v2\/tags?post=271247"}],"curies":[{"name":"wp","href":"https:\/\/api.w.org\/{rel}","templated":true}]}}