{"id":271322,"date":"2025-07-03T09:00:00","date_gmt":"2025-07-03T07:00:00","guid":{"rendered":"https:\/\/www.tucomarca.com\/wordpress\/segunda\/?p=271322"},"modified":"2025-07-03T13:15:07","modified_gmt":"2025-07-03T11:15:07","slug":"el-palacio-de-la-musica-de-bunol-acoge-este-viernes-el-pase-unico-del-documental-vidas-irrenovables-una-critica-al-modelo-energetico-actual","status":"publish","type":"post","link":"https:\/\/www.tucomarca.com\/wordpress\/segunda\/el-palacio-de-la-musica-de-bunol-acoge-este-viernes-el-pase-unico-del-documental-vidas-irrenovables-una-critica-al-modelo-energetico-actual\/","title":{"rendered":"El Palacio de la M\u00fasica de Bu\u00f1ol acoge este viernes el pase \u00fanico del documental \u201cVidas irrenovables\u201d, una cr\u00edtica al modelo energ\u00e9tico actual"},"content":{"rendered":"\n<p>La Asociaci\u00f3n Ecovecinal <strong>Salvemos Farraj\u00f3n<\/strong> ha organizado la proyecci\u00f3n del documental <strong>\u201cVidas irrenovables\u201d<\/strong>, dirigido por <strong>Francisco Vaquero<\/strong>, el pr\u00f3ximo <strong>viernes 4 de julio a las 19,30 horas<\/strong> en el <strong>Cine Palacio de Bu\u00f1ol<\/strong>. La entrada ser\u00e1 libre hasta completar aforo y cuenta con la colaboraci\u00f3n del Ayuntamiento de Bu\u00f1ol.<\/p>\n\n\n<div class=\"wp-block-image\">\n<figure class=\"alignleft size-large is-resized\"><img loading=\"lazy\" decoding=\"async\" width=\"723\" height=\"1024\" src=\"https:\/\/www.tucomarca.com\/wordpress\/segunda\/wp-content\/uploads\/2025\/07\/DocuFarrajon-723x1024.jpg\" alt=\"\" class=\"wp-image-271327\" style=\"width:419px;height:auto\" srcset=\"https:\/\/www.tucomarca.com\/wordpress\/segunda\/wp-content\/uploads\/2025\/07\/DocuFarrajon-723x1024.jpg 723w, https:\/\/www.tucomarca.com\/wordpress\/segunda\/wp-content\/uploads\/2025\/07\/DocuFarrajon-212x300.jpg 212w, https:\/\/www.tucomarca.com\/wordpress\/segunda\/wp-content\/uploads\/2025\/07\/DocuFarrajon-768x1087.jpg 768w, https:\/\/www.tucomarca.com\/wordpress\/segunda\/wp-content\/uploads\/2025\/07\/DocuFarrajon.jpg 886w\" sizes=\"auto, (max-width: 723px) 100vw, 723px\" \/><\/figure>\n<\/div>\n\n\n<p>El documental, que est\u00e1 siendo proyectado por numerosos rincones de la Espa\u00f1a rural, aborda las graves afecciones medioambientales y socioecon\u00f3micas provocadas por la implantaci\u00f3n masiva de macroproyectos de energ\u00edas renovables, y pone en duda el concepto de \u201ctransici\u00f3n energ\u00e9tica\u201d promovido por gobiernos y grandes empresas del sector.<\/p>\n\n\n\n<p>A trav\u00e9s de testimonios directos y ejemplos reales, la cinta denuncia lo que considera una nueva burbuja especulativa bajo la apariencia de lucha contra el cambio clim\u00e1tico, visibilizando sus consecuencias sobre el territorio, la biodiversidad y la vida en los entornos rurales.<\/p>\n\n\n\n<p>Desde la asociaci\u00f3n se hace un llamamiento a toda la ciudadan\u00eda de Bu\u00f1ol y su comarca para asistir a este pase \u00fanico del documental, con el objetivo de informarse, reflexionar y organizar la resistencia frente a proyectos que amenazan el equilibrio de sus territorios.<\/p>\n","protected":false},"excerpt":{"rendered":"<div class=\"mh-excerpt\">La Asociaci\u00f3n Ecovecinal Salvemos Farraj\u00f3n ha organizado la proyecci\u00f3n del documental \u201cVidas irrenovables\u201d, dirigido por Francisco Vaquero, el pr\u00f3ximo viernes 4 de julio a las 19,30 horas en el Cine Palacio de Bu\u00f1ol. La entrada <a class=\"mh-excerpt-more\" href=\"https:\/\/www.tucomarca.com\/wordpress\/segunda\/el-palacio-de-la-musica-de-bunol-acoge-este-viernes-el-pase-unico-del-documental-vidas-irrenovables-una-critica-al-modelo-energetico-actual\/\" title=\"El Palacio de la M\u00fasica de Bu\u00f1ol acoge este viernes el pase \u00fanico del documental \u201cVidas irrenovables\u201d, una cr\u00edtica al modelo energ\u00e9tico actual\">[+] <\/a><\/div>\n","protected":false},"author":12,"featured_media":271327,"comment_status":"open","ping_status":"open","sticky":false,"template":"","format":"standard","meta":{"footnotes":""},"categories":[4,18,128,8,10,117,3],"tags":[22771,10385,5952],"class_list":{"0":"post-271322","1":"post","2":"type-post","3":"status-publish","4":"format-standard","5":"has-post-thumbnail","7":"category-agenda","8":"category-bunol","9":"category-infraestructuras","10":"category-la-comarca","11":"category-la-hoya","12":"category-medio-ambiente-la-comarca","13":"category-seccion","14":"tag-asociacion-vecinal-salvemos-farrajon","15":"tag-bunol","16":"tag-la-hoya-de-bunol-chiva"},"_links":{"self":[{"href":"https:\/\/www.tucomarca.com\/wordpress\/segunda\/wp-json\/wp\/v2\/posts\/271322","targetHints":{"allow":["GET"]}}],"collection":[{"href":"https:\/\/www.tucomarca.com\/wordpress\/segunda\/wp-json\/wp\/v2\/posts"}],"about":[{"href":"https:\/\/www.tucomarca.com\/wordpress\/segunda\/wp-json\/wp\/v2\/types\/post"}],"author":[{"embeddable":true,"href":"https:\/\/www.tucomarca.com\/wordpress\/segunda\/wp-json\/wp\/v2\/users\/12"}],"replies":[{"embeddable":true,"href":"https:\/\/www.tucomarca.com\/wordpress\/segunda\/wp-json\/wp\/v2\/comments?post=271322"}],"version-history":[{"count":0,"href":"https:\/\/www.tucomarca.com\/wordpress\/segunda\/wp-json\/wp\/v2\/posts\/271322\/revisions"}],"wp:featuredmedia":[{"embeddable":true,"href":"https:\/\/www.tucomarca.com\/wordpress\/segunda\/wp-json\/wp\/v2\/media\/271327"}],"wp:attachment":[{"href":"https:\/\/www.tucomarca.com\/wordpress\/segunda\/wp-json\/wp\/v2\/media?parent=271322"}],"wp:term":[{"taxonomy":"category","embeddable":true,"href":"https:\/\/www.tucomarca.com\/wordpress\/segunda\/wp-json\/wp\/v2\/categories?post=271322"},{"taxonomy":"post_tag","embeddable":true,"href":"https:\/\/www.tucomarca.com\/wordpress\/segunda\/wp-json\/wp\/v2\/tags?post=271322"}],"curies":[{"name":"wp","href":"https:\/\/api.w.org\/{rel}","templated":true}]}}