{"id":271413,"date":"2025-07-03T12:05:00","date_gmt":"2025-07-03T10:05:00","guid":{"rendered":"https:\/\/www.tucomarca.com\/wordpress\/segunda\/?p=271413"},"modified":"2025-07-03T18:55:23","modified_gmt":"2025-07-03T16:55:23","slug":"la-diputacio-promueve-la-ganaderia-extensiva-como-forma-de-recuperar-los-montes-y-luchar-contra-la-despoblacion","status":"publish","type":"post","link":"https:\/\/www.tucomarca.com\/wordpress\/segunda\/la-diputacio-promueve-la-ganaderia-extensiva-como-forma-de-recuperar-los-montes-y-luchar-contra-la-despoblacion\/","title":{"rendered":"La Diputaci\u00f3 promueve la ganader\u00eda extensiva como forma de recuperar los montes y luchar contra la despoblaci\u00f3n"},"content":{"rendered":"\n<h3 class=\"wp-block-heading\">El diputado de Desarrollo Rural, Avelino Mascarell, ha abierto la \u2018Jornada para la Promoci\u00f3n de la Ganader\u00eda Extensiva en la Reserva de la Biosfera Valle del Cabriel\u2019, que se ha celebrado en Venta del Moro.<\/h3>\n\n\n\n<h3 class=\"wp-block-heading\">Durante el encuentro, se han analizado las acciones que, gracias a la ayuda de la Diputaci\u00f3n, se han puesto en marcha para impulsar esta actividad tradicional en los municipios de la zona.<\/h3>\n\n\n\n<p>La Diputaci\u00f3 de Val\u00e8ncia contin\u00faa dando pasos en su apuesta por fomentar las actividades tradicionales del mundo rural como forma de proteger nuestros montes y atraer poblaci\u00f3n a las zonas del interior de la provincia, a trav\u00e9s de una gesti\u00f3n forestal sostenible. Siguiendo esa l\u00ednea, este jueves se ha celebrado en el municipio de Venta del Moro la \u2018Jornada para la Promoci\u00f3n de la Ganader\u00eda Extensiva en la Reserva de la Biosfera Valle del Cabriel\u2019, donde se han presentado algunas de las acciones que, con ayuda de la Diputaci\u00f3n, se est\u00e1n poniendo en marcha para promover la ganader\u00eda extensiva en los pueblos valencianos de la zona.<\/p>\n\n\n\n<p>El diputado de Desarrollo Rural de la corporaci\u00f3n provincial, Avelino Mascarell, ha sido el encargado de abrir un encuentro en el que han participado el gerente de la Asociaci\u00f3n Reserva de la Biosfera Valle del Cabriel, Miguel \u00c1ngel Rubio, y el alcalde de Venta del Moro, Francisco L\u00f3pez Yepes, adem\u00e1s de t\u00e9cnicos especializados de entidades como el Grupo de Acci\u00f3n Local RURABLE, o la Asociaci\u00f3n de Municipios Forestales AMUFOR.<\/p>\n\n\n\n<p>\u201cLa p\u00e9rdida de poblaci\u00f3n en nuestros pueblos ha tenido como consecuencia la actual situaci\u00f3n de los montes, que refleja a\u00f1os de abandono y de p\u00e9rdida de la actividad tradicional, que es lo que daba equilibrio a nuestros ecosistemas. Si no recuperamos la ganader\u00eda extensiva y el aprovechamiento sostenible, seguiremos aumentando el riesgo ambiental y perdiendo oportunidades de desarrollo. La gente joven se marcha porque no encuentra alternativas viables, y somos las administraciones las que tenemos que actuar como contrapeso que genere empleo, servicios y dignidad en el mundo rural\u201d, ha advertido Avelino Mascarell.<\/p>\n\n\n\n<p>Para ayudar a mitigar esta situaci\u00f3n, el \u00e1rea de Medio Ambiente de la Diputaci\u00f3n viene trabajando en distintas iniciativas a trav\u00e9s, por un lado, del departamento de Desarrollo Territorial Sostenible, que impulsa el aprovechamiento de la carne de caza como un recurso local de calidad, apoya la mejora de la ganader\u00eda extensiva o colabora en los planes de formaci\u00f3n para nuevos emprendedores rurales. Por otro lado, el servicio de Medio Ambiente ha puesto en marcha un novedoso departamento de Bioindustria, que permitir\u00e1 transformar los recursos de nuestros montes en productos de alto valor a\u00f1adido.<\/p>\n\n\n\n<p>\u201cLo que estamos haciendo es impulsar diferentes proyectos que retengan y atraigan poblaci\u00f3n, que dignifiquen oficios tradicionales y que aseguren que nuestros montes sigan siendo fuente de vida y no un riesgo permanente. Esto es fundamental porque las explotaciones agr\u00edcolas, ganaderas y forestales, adem\u00e1s de producir riqueza, mantienen vivo un patrimonio ambiental y cultural irreemplazable\u201d, ha a\u00f1adido Mascarell.<\/p>\n\n\n\n<p><strong>Acciones presentadas<\/strong><\/p>\n\n\n\n<p>A lo largo de la jornada, se han podido conocer las acciones que se est\u00e1n desarrollando gracias a las ayudas aportadas por la Diputaci\u00f3 de Val\u00e8ncia para promover estas actividades en la zona del Valle del Cabriel, en la l\u00ednea del proyecto Silva Aqua, que ha detallado el gerente de AMUFOR (Asociaci\u00f3n de Municipios Forestales de la Comunitat Valenciana), Javier Mart\u00ednez.<\/p>\n\n\n\n<p>La iniciativa consiste en aplicar acciones de gesti\u00f3n forestal sostenible en puntos de agua que aproveche el ganado ovino-caprino extensivo, con el objetivo de incrementar rentas y empleo rural, as\u00ed como mejorar la resiliencia de Reservas de la Biosfera como la del Valle del Cabriel.<\/p>\n\n\n\n<p>En esta misma l\u00ednea, uno de los t\u00e9cnicos de la Asociaci\u00f3n Reserva de la Biosfera Valle del Cabriel, Jos\u00e9 Antonio L\u00f3pez, ha explicado el proyecto sobre Gesti\u00f3n forestal sostenible para la promoci\u00f3n de la ganader\u00eda extensiva. El fin \u00faltimo de esta acci\u00f3n es el impulso de la socioeconom\u00eda local y la mejora de la resiliencia en la Reserva de la Biosfera Valle del Cabriel. Por \u00faltimo, Jos\u00e9 Luis Abell\u00e1n, de la empresa \u2018Quesos la Rueda\u2019, ha contado su propia experiencia de \u00e9xito en su compa\u00f1\u00eda familiar, gracias a la puesta en valor de la ganader\u00eda extensiva.<\/p>\n\n\n\n<figure class=\"wp-block-image size-large\"><img loading=\"lazy\" decoding=\"async\" width=\"1024\" height=\"582\" src=\"https:\/\/www.tucomarca.com\/wordpress\/segunda\/wp-content\/uploads\/2025\/07\/Dipu_VentaDelMoro1-1024x582.jpg\" alt=\"\" class=\"wp-image-271418\" srcset=\"https:\/\/www.tucomarca.com\/wordpress\/segunda\/wp-content\/uploads\/2025\/07\/Dipu_VentaDelMoro1-1024x582.jpg 1024w, https:\/\/www.tucomarca.com\/wordpress\/segunda\/wp-content\/uploads\/2025\/07\/Dipu_VentaDelMoro1-300x171.jpg 300w, https:\/\/www.tucomarca.com\/wordpress\/segunda\/wp-content\/uploads\/2025\/07\/Dipu_VentaDelMoro1-768x437.jpg 768w, https:\/\/www.tucomarca.com\/wordpress\/segunda\/wp-content\/uploads\/2025\/07\/Dipu_VentaDelMoro1.jpg 1316w\" sizes=\"auto, (max-width: 1024px) 100vw, 1024px\" \/><\/figure>\n","protected":false},"excerpt":{"rendered":"<div class=\"mh-excerpt\">El diputado de Desarrollo Rural, Avelino Mascarell, ha abierto la \u2018Jornada para la Promoci\u00f3n de la Ganader\u00eda Extensiva en la Reserva de la Biosfera Valle del Cabriel\u2019, que se ha celebrado en Venta del Moro. <a class=\"mh-excerpt-more\" href=\"https:\/\/www.tucomarca.com\/wordpress\/segunda\/la-diputacio-promueve-la-ganaderia-extensiva-como-forma-de-recuperar-los-montes-y-luchar-contra-la-despoblacion\/\" title=\"La Diputaci\u00f3 promueve la ganader\u00eda extensiva como forma de recuperar los montes y luchar contra la despoblaci\u00f3n\">[+] <\/a><\/div>\n","protected":false},"author":13,"featured_media":271420,"comment_status":"open","ping_status":"open","sticky":false,"template":"","format":"standard","meta":{"footnotes":""},"categories":[169,128,8,72,117,142,27,3,234,45],"tags":[85,490,20938,10454],"class_list":{"0":"post-271413","1":"post","2":"type-post","3":"status-publish","4":"format-standard","5":"has-post-thumbnail","7":"category-agricultura-la-comarca","8":"category-infraestructuras","9":"category-la-comarca","10":"category-sin-categorizar","11":"category-medio-ambiente-la-comarca","12":"category-politica-la-comarca","13":"category-requena-utiel","14":"category-seccion","15":"category-venta-del-moro","16":"category-ventana","17":"tag-agricultura","18":"tag-ganaderia","19":"tag-la-diputacio-de-valencia","20":"tag-venta-del-moro"},"_links":{"self":[{"href":"https:\/\/www.tucomarca.com\/wordpress\/segunda\/wp-json\/wp\/v2\/posts\/271413","targetHints":{"allow":["GET"]}}],"collection":[{"href":"https:\/\/www.tucomarca.com\/wordpress\/segunda\/wp-json\/wp\/v2\/posts"}],"about":[{"href":"https:\/\/www.tucomarca.com\/wordpress\/segunda\/wp-json\/wp\/v2\/types\/post"}],"author":[{"embeddable":true,"href":"https:\/\/www.tucomarca.com\/wordpress\/segunda\/wp-json\/wp\/v2\/users\/13"}],"replies":[{"embeddable":true,"href":"https:\/\/www.tucomarca.com\/wordpress\/segunda\/wp-json\/wp\/v2\/comments?post=271413"}],"version-history":[{"count":0,"href":"https:\/\/www.tucomarca.com\/wordpress\/segunda\/wp-json\/wp\/v2\/posts\/271413\/revisions"}],"wp:featuredmedia":[{"embeddable":true,"href":"https:\/\/www.tucomarca.com\/wordpress\/segunda\/wp-json\/wp\/v2\/media\/271420"}],"wp:attachment":[{"href":"https:\/\/www.tucomarca.com\/wordpress\/segunda\/wp-json\/wp\/v2\/media?parent=271413"}],"wp:term":[{"taxonomy":"category","embeddable":true,"href":"https:\/\/www.tucomarca.com\/wordpress\/segunda\/wp-json\/wp\/v2\/categories?post=271413"},{"taxonomy":"post_tag","embeddable":true,"href":"https:\/\/www.tucomarca.com\/wordpress\/segunda\/wp-json\/wp\/v2\/tags?post=271413"}],"curies":[{"name":"wp","href":"https:\/\/api.w.org\/{rel}","templated":true}]}}