{"id":271545,"date":"2025-07-06T18:00:00","date_gmt":"2025-07-06T16:00:00","guid":{"rendered":"https:\/\/www.tucomarca.com\/wordpress\/segunda\/?p=271545"},"modified":"2025-07-07T10:40:58","modified_gmt":"2025-07-07T08:40:58","slug":"se-producen-dos-conatos-de-incendio-en-cortes-de-pallas-y-yatova-a-causa-de-la-caida-de-rayos","status":"publish","type":"post","link":"https:\/\/www.tucomarca.com\/wordpress\/segunda\/se-producen-dos-conatos-de-incendio-en-cortes-de-pallas-y-yatova-a-causa-de-la-caida-de-rayos\/","title":{"rendered":"Se producen dos conatos de incendio en Cortes de Pall\u00e1s y Y\u00e1tova a causa de la ca\u00edda de rayos"},"content":{"rendered":"\n<p>El Centro de Coordinaci\u00f3n de Emergencias 112 ha informado este domingo, <strong>6 de julio<\/strong>, de <strong>dos conatos de incendio forestal<\/strong> en los t\u00e9rminos municipales de <strong>Cortes de Pall\u00e1s<\/strong> y <strong>Y\u00e1tova<\/strong>, provocados por la actividad el\u00e9ctrica de las tormentas registradas en la zona durante la madrugada del s\u00e1bado al domingo.<\/p>\n\n\n\n<p>Ambos focos fueron detectados a tiempo gracias a la red de vigilancia forestal activa durante todo el verano y a la colaboraci\u00f3n ciudadana. Los equipos de extinci\u00f3n se movilizaron r\u00e1pidamente, evitando que los incendios se propagaran o tuvieran mayor alcance.<\/p>\n\n\n\n<p>Gracias a la r\u00e1pida intervenci\u00f3n de los <strong>medios de emergencia<\/strong>, se consigui\u00f3 <strong>controlar los conatos<\/strong> en una fase inicial, sin que se registraran da\u00f1os personales ni materiales de importancia.<\/p>\n\n\n\n<p>Desde la Conselleria de Medio Ambiente, Infraestructuras y Territorio se recuerda la importancia de <strong>extremar las precauciones en jornadas de tormenta seca<\/strong> y mantener la alerta ante cualquier signo de fuego en zonas forestales, especialmente en un verano de alto riesgo por las condiciones clim\u00e1ticas.<\/p>\n","protected":false},"excerpt":{"rendered":"<div class=\"mh-excerpt\">El Centro de Coordinaci\u00f3n de Emergencias 112 ha informado este domingo, 6 de julio, de dos conatos de incendio forestal en los t\u00e9rminos municipales de Cortes de Pall\u00e1s y Y\u00e1tova, provocados por la actividad el\u00e9ctrica <a class=\"mh-excerpt-more\" href=\"https:\/\/www.tucomarca.com\/wordpress\/segunda\/se-producen-dos-conatos-de-incendio-en-cortes-de-pallas-y-yatova-a-causa-de-la-caida-de-rayos\/\" title=\"Se producen dos conatos de incendio en Cortes de Pall\u00e1s y Y\u00e1tova a causa de la ca\u00edda de rayos\">[+] <\/a><\/div>\n","protected":false},"author":12,"featured_media":189521,"comment_status":"open","ping_status":"open","sticky":false,"template":"","format":"standard","meta":{"footnotes":""},"categories":[38,40,128,8,10,117,3,116,45,11],"tags":[10540,10392,5952,22789,10380],"class_list":{"0":"post-271545","1":"post","2":"type-post","3":"status-publish","4":"format-standard","5":"has-post-thumbnail","7":"category-ayora-cofrentes","8":"category-cortes-de-pallas","9":"category-infraestructuras","10":"category-la-comarca","11":"category-la-hoya","12":"category-medio-ambiente-la-comarca","13":"category-seccion","14":"category-sucesos-la-comarca","15":"category-ventana","16":"category-yatova","17":"tag-ayora-cofrentes","18":"tag-cortes-de-pallas","19":"tag-la-hoya-de-bunol-chiva","20":"tag-tormenta-electrica","21":"tag-yatova"},"_links":{"self":[{"href":"https:\/\/www.tucomarca.com\/wordpress\/segunda\/wp-json\/wp\/v2\/posts\/271545","targetHints":{"allow":["GET"]}}],"collection":[{"href":"https:\/\/www.tucomarca.com\/wordpress\/segunda\/wp-json\/wp\/v2\/posts"}],"about":[{"href":"https:\/\/www.tucomarca.com\/wordpress\/segunda\/wp-json\/wp\/v2\/types\/post"}],"author":[{"embeddable":true,"href":"https:\/\/www.tucomarca.com\/wordpress\/segunda\/wp-json\/wp\/v2\/users\/12"}],"replies":[{"embeddable":true,"href":"https:\/\/www.tucomarca.com\/wordpress\/segunda\/wp-json\/wp\/v2\/comments?post=271545"}],"version-history":[{"count":0,"href":"https:\/\/www.tucomarca.com\/wordpress\/segunda\/wp-json\/wp\/v2\/posts\/271545\/revisions"}],"wp:featuredmedia":[{"embeddable":true,"href":"https:\/\/www.tucomarca.com\/wordpress\/segunda\/wp-json\/wp\/v2\/media\/189521"}],"wp:attachment":[{"href":"https:\/\/www.tucomarca.com\/wordpress\/segunda\/wp-json\/wp\/v2\/media?parent=271545"}],"wp:term":[{"taxonomy":"category","embeddable":true,"href":"https:\/\/www.tucomarca.com\/wordpress\/segunda\/wp-json\/wp\/v2\/categories?post=271545"},{"taxonomy":"post_tag","embeddable":true,"href":"https:\/\/www.tucomarca.com\/wordpress\/segunda\/wp-json\/wp\/v2\/tags?post=271545"}],"curies":[{"name":"wp","href":"https:\/\/api.w.org\/{rel}","templated":true}]}}