{"id":271590,"date":"2025-07-07T09:00:00","date_gmt":"2025-07-07T07:00:00","guid":{"rendered":"https:\/\/www.tucomarca.com\/wordpress\/segunda\/?p=271590"},"modified":"2025-07-07T18:04:46","modified_gmt":"2025-07-07T16:04:46","slug":"familias-valientes-cierra-su-ciclo-de-charlas-con-una-ponencia-sobre-alimentacion-y-salud-mental","status":"publish","type":"post","link":"https:\/\/www.tucomarca.com\/wordpress\/segunda\/familias-valientes-cierra-su-ciclo-de-charlas-con-una-ponencia-sobre-alimentacion-y-salud-mental\/","title":{"rendered":"\u00abFamilias Valientes\u00bb cierra su ciclo de charlas con una ponencia sobre alimentaci\u00f3n y salud mental"},"content":{"rendered":"<div class=\"wp-block-image\">\n<figure class=\"alignleft size-large is-resized\"><img loading=\"lazy\" decoding=\"async\" width=\"1024\" height=\"1024\" src=\"https:\/\/www.tucomarca.com\/wordpress\/segunda\/wp-content\/uploads\/2025\/07\/FamiliasValientes-1024x1024.jpg\" alt=\"\" class=\"wp-image-271592\" style=\"width:414px;height:auto\" srcset=\"https:\/\/www.tucomarca.com\/wordpress\/segunda\/wp-content\/uploads\/2025\/07\/FamiliasValientes-1024x1024.jpg 1024w, https:\/\/www.tucomarca.com\/wordpress\/segunda\/wp-content\/uploads\/2025\/07\/FamiliasValientes-300x300.jpg 300w, https:\/\/www.tucomarca.com\/wordpress\/segunda\/wp-content\/uploads\/2025\/07\/FamiliasValientes-290x290.jpg 290w, https:\/\/www.tucomarca.com\/wordpress\/segunda\/wp-content\/uploads\/2025\/07\/FamiliasValientes-768x768.jpg 768w, https:\/\/www.tucomarca.com\/wordpress\/segunda\/wp-content\/uploads\/2025\/07\/FamiliasValientes.jpg 1080w\" sizes=\"auto, (max-width: 1024px) 100vw, 1024px\" \/><\/figure>\n<\/div>\n\n\n<p>La <strong>Asociaci\u00f3n Familias Valientes<\/strong> pone fin a su ronda de charlas con la \u00faltima sesi\u00f3n titulada <strong>\u201cAlimentaci\u00f3n y salud mental: c\u00f3mo influye lo que comemos\u201d<\/strong>.<\/p>\n\n\n\n<p>La conferencia se celebrar\u00e1 este lunes a las 19,00 horas en la Sala Polivalente de Macastre y estar\u00e1 a cargo de Andr\u00e9s Berzosa Gil, nutricionista y farmac\u00e9utico.<\/p>\n\n\n\n<p>Este cierre pone el broche final a un ciclo informativo centrado en el bienestar familiar y personal, abordado desde distintas perspectivas a lo largo de los \u00faltimos meses.<\/p>\n","protected":false},"excerpt":{"rendered":"<div class=\"mh-excerpt\">La Asociaci\u00f3n Familias Valientes pone fin a su ronda de charlas con la \u00faltima sesi\u00f3n titulada \u201cAlimentaci\u00f3n y salud mental: c\u00f3mo influye lo que comemos\u201d. La conferencia se celebrar\u00e1 este lunes a las 19,00 horas <a class=\"mh-excerpt-more\" href=\"https:\/\/www.tucomarca.com\/wordpress\/segunda\/familias-valientes-cierra-su-ciclo-de-charlas-con-una-ponencia-sobre-alimentacion-y-salud-mental\/\" title=\"\u00abFamilias Valientes\u00bb cierra su ciclo de charlas con una ponencia sobre alimentaci\u00f3n y salud mental\">[+] <\/a><\/div>\n","protected":false},"author":12,"featured_media":271592,"comment_status":"open","ping_status":"open","sticky":false,"template":"","format":"standard","meta":{"footnotes":""},"categories":[4,119,8,10,13,3],"tags":[21877,5952,10382],"class_list":{"0":"post-271590","1":"post","2":"type-post","3":"status-publish","4":"format-standard","5":"has-post-thumbnail","7":"category-agenda","8":"category-sanidad-la-comarca","9":"category-la-comarca","10":"category-la-hoya","11":"category-macastre","12":"category-seccion","13":"tag-asociacion-familias-valientes","14":"tag-la-hoya-de-bunol-chiva","15":"tag-macastre"},"_links":{"self":[{"href":"https:\/\/www.tucomarca.com\/wordpress\/segunda\/wp-json\/wp\/v2\/posts\/271590","targetHints":{"allow":["GET"]}}],"collection":[{"href":"https:\/\/www.tucomarca.com\/wordpress\/segunda\/wp-json\/wp\/v2\/posts"}],"about":[{"href":"https:\/\/www.tucomarca.com\/wordpress\/segunda\/wp-json\/wp\/v2\/types\/post"}],"author":[{"embeddable":true,"href":"https:\/\/www.tucomarca.com\/wordpress\/segunda\/wp-json\/wp\/v2\/users\/12"}],"replies":[{"embeddable":true,"href":"https:\/\/www.tucomarca.com\/wordpress\/segunda\/wp-json\/wp\/v2\/comments?post=271590"}],"version-history":[{"count":0,"href":"https:\/\/www.tucomarca.com\/wordpress\/segunda\/wp-json\/wp\/v2\/posts\/271590\/revisions"}],"wp:featuredmedia":[{"embeddable":true,"href":"https:\/\/www.tucomarca.com\/wordpress\/segunda\/wp-json\/wp\/v2\/media\/271592"}],"wp:attachment":[{"href":"https:\/\/www.tucomarca.com\/wordpress\/segunda\/wp-json\/wp\/v2\/media?parent=271590"}],"wp:term":[{"taxonomy":"category","embeddable":true,"href":"https:\/\/www.tucomarca.com\/wordpress\/segunda\/wp-json\/wp\/v2\/categories?post=271590"},{"taxonomy":"post_tag","embeddable":true,"href":"https:\/\/www.tucomarca.com\/wordpress\/segunda\/wp-json\/wp\/v2\/tags?post=271590"}],"curies":[{"name":"wp","href":"https:\/\/api.w.org\/{rel}","templated":true}]}}