{"id":2716,"date":"2012-05-31T17:04:34","date_gmt":"2012-05-31T15:04:34","guid":{"rendered":"http:\/\/www.tucomarca.com\/wordpress\/segunda\/?p=2716"},"modified":"2012-05-31T19:51:28","modified_gmt":"2012-05-31T17:51:28","slug":"el-hospital-de-manises-conciencia-a-los-fumadores-contra-el-tabaquismo","status":"publish","type":"post","link":"https:\/\/www.tucomarca.com\/wordpress\/segunda\/el-hospital-de-manises-conciencia-a-los-fumadores-contra-el-tabaquismo\/","title":{"rendered":"El Hospital de Manises conciencia a los fumadores contra el tabaquismo"},"content":{"rendered":"<figure id=\"attachment_2717\" aria-describedby=\"caption-attachment-2717\" style=\"width: 300px\" class=\"wp-caption alignleft\"><a rel=\"attachment wp-att-2717\" href=\"https:\/\/www.tucomarca.com\/wordpress\/segunda\/?attachment_id=2717\"><img loading=\"lazy\" decoding=\"async\" class=\"size-medium wp-image-2717\" src=\"https:\/\/www.tucomarca.com\/wordpress\/segunda\/wp-content\/uploads\/2012\/05\/Foto-003-300x200.jpg\" alt=\"Pruebas realizadas en Bu\u00f1ol este jueves. tc.c\" width=\"300\" height=\"200\" srcset=\"https:\/\/www.tucomarca.com\/wordpress\/segunda\/wp-content\/uploads\/2012\/05\/Foto-003-300x200.jpg 300w, https:\/\/www.tucomarca.com\/wordpress\/segunda\/wp-content\/uploads\/2012\/05\/Foto-003-1024x685.jpg 1024w\" sizes=\"auto, (max-width: 300px) 100vw, 300px\" \/><\/a><figcaption id=\"caption-attachment-2717\" class=\"wp-caption-text\">Pruebas realizadas en Bu\u00f1ol este jueves. tc.c<\/figcaption><\/figure>\n<p>Cada a\u00f1o el tabaco mata a cerca de 6 millones de personas y contin\u00faa siendo la principal causa mundial de muerte evitable. De hecho, seg\u00fan los datos recogidos por la encuesta elaborada por Salud P\u00fablica en 2011, en la que participaron el Hospital de Manises y el centro de salud del Barrio del Cristo, entre otros, alrededor del 50% de los fumadores admite que su m\u00e9dico les ha aconsejado dejar de fumar. A pesar de ello, la sensibilizaci\u00f3n ante el riesgo contin\u00faa siendo baja, ya que solo un 1% asegura tener intenci\u00f3n de hacerlo.<br \/>\nEn la actualidad, seg\u00fan los datos recogidos en la encuesta, un 40% de los valencianos se declara fumador, con una media de consumo de 14 cigarrillos diarios. Datos que seg\u00fan indica Pedro Cordero, Neum\u00f3logo del Hospital de Manises, reflejan la poca concienciaci\u00f3n de las personas acerca del riesgo que corren y del da\u00f1o que el tabaco les est\u00e1 ocasionando, por m\u00ednimo que sea su consumo. Aparte de las enfermedades respiratorias y cardiocirculatorias como anginas de pecho o infartos, el tabaco tambi\u00e9n est\u00e1 detr\u00e1s de los tumores de lengua, labio, faringe, es\u00f3fago, vejiga, ri\u00f1\u00f3n o p\u00e1ncreas\u201d.<br \/>\nContin\u00faa siendo preocupante la media de a\u00f1os de consumo prolongado que se sit\u00faa alrededor de los 22. \u201cMuchas de las personas que comenzaron a fumar hace 20 o 30 a\u00f1os est\u00e1n desarrollando ahora enfermedades relacionadas con el h\u00e1bito y no siguen sin ver relaci\u00f3n entre la patolog\u00eda y el consumo, de ah\u00ed la negativa a abandonarlo\u201d afirma el doctor Cordero.<br \/>\nPor ello, El Hospital de Manises ha puesto en marcha una la campa\u00f1a de sensibilizaci\u00f3n contra el consumo de tabaco que se ha desarrollado especialmente en el centro de salud de Bu\u00f1ol. Con motivo del Mundial Contra el Tabaco hoy se ha celebrado una jornada inspirada en el mundo del deporte en la cual se ha intentado concienciar a los ciudadanos, mediante tarjetas verdes, amarillas o rojas, sobre los riesgos que produce este h\u00e1bito y alertar a aquellos fumadores que todav\u00eda no se han planteado abandonar el tabaquismo.<br \/>\nA lo largo de la jornada, m\u00e1s de un centenar de ciudadanos han sido evaluados por el personal sanitario del centro a trav\u00e9s de una sencilla prueba realizada con un coox\u00edmetro. As\u00ed, a trav\u00e9s de mediciones del mon\u00f3xido de carbono del aire expirado se ha podido determinar el riesgo que el h\u00e1bito tab\u00e1quico tiene para la salud de cada persona y, a cada uno de los evaluados, se les ha sacado su correspondiente tarjeta verde, amarilla o roja en funci\u00f3n del riesgo detectado. \u201cLa mayor\u00eda de fumadores no consideran una necesidad dejar de fumar y muchos solo acuden a la consulta para pedir ayuda una vez que han desarrollado una enfermedad relacionada con el tabaco\u201d detalla el neum\u00f3logo.<\/p>\n<p>&nbsp;<\/p>\n","protected":false},"excerpt":{"rendered":"<div class=\"mh-excerpt\">Cada a\u00f1o el tabaco mata a cerca de 6 millones de personas y contin\u00faa siendo la principal causa mundial de muerte evitable. De hecho, seg\u00fan los datos recogidos por la encuesta elaborada por Salud P\u00fablica <a class=\"mh-excerpt-more\" href=\"https:\/\/www.tucomarca.com\/wordpress\/segunda\/el-hospital-de-manises-conciencia-a-los-fumadores-contra-el-tabaquismo\/\" title=\"El Hospital de Manises conciencia a los fumadores contra el tabaquismo\">[+] <\/a><\/div>\n","protected":false},"author":2,"featured_media":2717,"comment_status":"open","ping_status":"open","sticky":false,"template":"","format":"standard","meta":{"footnotes":""},"categories":[119,8,10,3,45],"tags":[259],"class_list":{"0":"post-2716","1":"post","2":"type-post","3":"status-publish","4":"format-standard","5":"has-post-thumbnail","7":"category-sanidad-la-comarca","8":"category-la-comarca","9":"category-la-hoya","10":"category-seccion","11":"category-ventana","12":"tag-tabaquismo"},"_links":{"self":[{"href":"https:\/\/www.tucomarca.com\/wordpress\/segunda\/wp-json\/wp\/v2\/posts\/2716","targetHints":{"allow":["GET"]}}],"collection":[{"href":"https:\/\/www.tucomarca.com\/wordpress\/segunda\/wp-json\/wp\/v2\/posts"}],"about":[{"href":"https:\/\/www.tucomarca.com\/wordpress\/segunda\/wp-json\/wp\/v2\/types\/post"}],"author":[{"embeddable":true,"href":"https:\/\/www.tucomarca.com\/wordpress\/segunda\/wp-json\/wp\/v2\/users\/2"}],"replies":[{"embeddable":true,"href":"https:\/\/www.tucomarca.com\/wordpress\/segunda\/wp-json\/wp\/v2\/comments?post=2716"}],"version-history":[{"count":0,"href":"https:\/\/www.tucomarca.com\/wordpress\/segunda\/wp-json\/wp\/v2\/posts\/2716\/revisions"}],"wp:featuredmedia":[{"embeddable":true,"href":"https:\/\/www.tucomarca.com\/wordpress\/segunda\/wp-json\/wp\/v2\/media\/2717"}],"wp:attachment":[{"href":"https:\/\/www.tucomarca.com\/wordpress\/segunda\/wp-json\/wp\/v2\/media?parent=2716"}],"wp:term":[{"taxonomy":"category","embeddable":true,"href":"https:\/\/www.tucomarca.com\/wordpress\/segunda\/wp-json\/wp\/v2\/categories?post=2716"},{"taxonomy":"post_tag","embeddable":true,"href":"https:\/\/www.tucomarca.com\/wordpress\/segunda\/wp-json\/wp\/v2\/tags?post=2716"}],"curies":[{"name":"wp","href":"https:\/\/api.w.org\/{rel}","templated":true}]}}