{"id":272047,"date":"2025-07-11T10:30:00","date_gmt":"2025-07-11T08:30:00","guid":{"rendered":"https:\/\/www.tucomarca.com\/wordpress\/segunda\/?p=272047"},"modified":"2025-07-11T19:28:46","modified_gmt":"2025-07-11T17:28:46","slug":"la-diputacio-pone-en-marcha-un-plan-para-modernizar-los-trinquets-y-garantizar-el-futuro-de-la-pilota","status":"publish","type":"post","link":"https:\/\/www.tucomarca.com\/wordpress\/segunda\/la-diputacio-pone-en-marcha-un-plan-para-modernizar-los-trinquets-y-garantizar-el-futuro-de-la-pilota\/","title":{"rendered":"La Diputaci\u00f3 pone en marcha un plan para modernizar los trinquets y garantizar el futuro de la pilota"},"content":{"rendered":"\n<h3 class=\"wp-block-heading\">El presidente, Vicent Momp\u00f3, acompa\u00f1ado por las vicepresidentas Nat\u00e0lia Enguix y Reme Mazzolari, ha presentado en El Genov\u00e9s un plan con ocho millones de euros de inversi\u00f3n que pretende \u201cdignificar las instalaciones para que las nuevas generaciones conozcan y practiquen nuestro deporte\u201d.<\/h3>\n\n\n\n<h3 class=\"wp-block-heading\">El plan arranca con actuaciones para rehabilitar y modernizar trinquets y calles de Massamagrell, Guadassuar, Carlet, Simat de la Valldigna, Llosa de Ranes, Ontinyent, L\u2019Eliana, Canals, Xeraco, B\u00e9tera y El Genov\u00e9s.<\/h3>\n\n\n\n<p>\u201cDicen que cuando un pueblo olvida lo que fue corre el riesgo de dejar de ser, y que para saber hacia d\u00f3nde va debe recordar de d\u00f3nde viene\u201d, ha reflexionado el presidente de la Diputaci\u00f3n, Vicent Momp\u00f3, en la presentaci\u00f3n del Plan de Trinquets de la corporaci\u00f3n que ha tenido lugar en El Genov\u00e9s. All\u00ed, en un pueblo que es cuna de grandes pilotaris, ha expuesto Momp\u00f3 su plan para recuperar esos \u201cespacios que forman parte de nuestro ADN, que no solo se construyen de piedra, cal y madera, sino de emociones, recuerdos compartidos y valores transmitidos de padres a hijos\u201d. Un Plan de Trinquets con ocho millones de euros para dignificar \u201cesos lugares donde se respira valencian\u00eda e identidad\u201d.<\/p>\n\n\n\n<p>Acompa\u00f1ado por las vicepresidentas Nat\u00e0lia Enguix y Reme Mazzolari, el presidente de la Federaci\u00f3n de Pilota Valenciana, Vicent Molines, y el alcalde de El Genov\u00e9s, Pablo Vilar, el m\u00e1ximo responsable provincial ha presentado en sociedad un programa que tiene como objetivo \u201crecuperar, dignificar y proyectar todo lo que representa el deporte aut\u00f3ctono, porque la pilota no es solo una disciplina deportiva; tambi\u00e9n es cultura, lengua e historia\u201d. En opini\u00f3n de Momp\u00f3, \u201ctenemos el deber de garantizar, como responsables p\u00fablicos, que haya trinquets abiertos, vivos y en las mejores condiciones para que los ni\u00f1os y las ni\u00f1as practiquen la pilota so\u00f1ando con llegar a ser Tonet IV, Genov\u00e9s I, Vict\u00f2ria de Val\u00e8ncia o Ana de Beniparrell\u201d.<\/p>\n\n\n\n<p>El presidente Momp\u00f3 ha destacado que el plan es \u201cfruto del trabajo realizado durante meses junto a la Federaci\u00f3n de Pilota Valenciana\u201d, a cuyos responsables ha agradecido la implicaci\u00f3n y la convicci\u00f3n compartida de que \u201cno se puede construir futuro sin memoria\u201d. El Plan de Trinquets de la Diputaci\u00f3n arrancar\u00e1 con actuaciones en espacios de la pilota de seis comarcas, desde B\u00e9tera a Simat de la Valldigna, pasando por L\u2019Eliana, Massamagrell, Carlet, Guadassuar, Canals, El Genov\u00e9s, La Llosa de Ranes, Ontinyent y Xeraco. Otros proyectos y otros municipios se ir\u00e1n sumando en los pr\u00f3ximos meses.<\/p>\n\n\n\n<p><strong>Impulso de la pilota<\/strong><\/p>\n\n\n\n<p>El presidente de la Federaci\u00f3n de Pilota Valenciana, Vicent Molines, ha agradecido la apuesta decidida de la Diputaci\u00f3n por el impulso de la pilota, que esta vez ha ido m\u00e1s all\u00e1 de la colaboraci\u00f3n econ\u00f3mica con la Federaci\u00f3n para contribuir a la conservaci\u00f3n del deporte aut\u00f3ctono. En un acto que ha contado con la presencia de ni\u00f1os y ni\u00f1as de la Escuela de Pilota de El Genov\u00e9s, as\u00ed como una amplia representaci\u00f3n de diputados y diputadas provinciales y miembros de la corporaci\u00f3n local, Molines ha repasado los detalles del trabajo conjunto con la Diputaci\u00f3n para poner en marcha un ambicioso Plan de Trinquets.<\/p>\n\n\n\n<p>Entre los criterios que han servido para establecer las prioridades y los proyectos aprobados, \u00abse han tenido en cuenta cuestiones como la adquisici\u00f3n de las instalaciones por parte de los ayuntamientos; el volumen de actividad y las horas que emplea cada escuela y cada club de pilota; las modalidades practicadas; la actividad profesional que acoge cada trinquet, que se considera habitual con m\u00e1s de 30 partidas profesionales al a\u00f1o; y la tradici\u00f3n de la pilota en esa poblaci\u00f3n, que est\u00e1 relacionada tambi\u00e9n con el volumen de jugadores y jugadoras y de cu\u00e1ntos son profesionales\u00bb.<\/p>\n\n\n\n<p>En funci\u00f3n de estos criterios, se han establecido tres tipolog\u00edas de trinquets o espacios de la pilota. Los considerados de prioridad uno podr\u00e1n recibir una subvenci\u00f3n de hasta 400.000 euros; los de prioridad dos podr\u00e1n alcanzar los 300.000 euros; y los de prioridad tres pueden recibir hasta 200.000 euros para financiar sus proyectos. Todos los clubes federados de la provincia recibieron un cuestionario en marzo de 2024 para disponer de una visi\u00f3n global sobre la que poder actuar y tomar decisiones.<\/p>\n\n\n\n<p><strong>Proyectos ya aprobados<\/strong><\/p>\n\n\n\n<p>La vicepresidenta segunda y responsable de Proyectos T\u00e9cnicos, Reme Mazzolari, se ha encargado de detallar los cinco proyectos que ya han sido aprobados por la Diputaci\u00f3n y que han iniciado ya el proceso para poner en marcha su ejecuci\u00f3n. En general, seg\u00fan ha explicado Mazzolari, las actuaciones subvencionables se dividen en cinco categor\u00edas: las mejoras estructurales y de seguridad, basadas en el refuerzo de gradas, muros y pilares, la reparaci\u00f3n de cubiertas y la restauraci\u00f3n de las pistas de juego; la accesibilidad e inclusi\u00f3n de los espacios, en cuestiones como rampas, elevadores, aseos y se\u00f1alizaci\u00f3n para personas con discapacidad visual y auditiva; eficiencia energ\u00e9tica y sostenibilidad, con iluminaci\u00f3n led, paneles solares, aislamiento t\u00e9rmico y ventilaci\u00f3n eficiente; la modernizaci\u00f3n y tecnolog\u00eda, con marcadores electr\u00f3nicos, sistemas de retransmisi\u00f3n, megafon\u00eda y plataformas digitales; y actuaciones en espacios anexos como vestuarios, salas de reuniones y zonas de calentamiento.<\/p>\n\n\n\n<p>Massamagrell, en l\u2019Horta Nord, reformar\u00e1 el trinquet del T\u00edo Pena e instalar\u00e1 una cubierta ligera transl\u00facida, con una subvenci\u00f3n de 387.000 euros enmarcada en el Plan de Trinquets de la Diputaci\u00f3n. Guadassuar, en la Ribera Alta, realizar\u00e1 obras de acondicionamiento de su trinquet con una aportaci\u00f3n provincial de 400.000 euros. Y sin abandonar la comarca, Carlet rehabilitar\u00e1 integralmente su templo de la pilota con otra aportaci\u00f3n de 400.000 euros.<\/p>\n\n\n\n<p>Tambi\u00e9n cuentan con luz verde de la Diputaci\u00f3n los proyectos presentados por Simat de la Valldigna, en la Safor, que dispondr\u00e1 de 400.000 euros para restaurar \u00edntegramente su trinquet municipal; y por El Genov\u00e9s, que actuar\u00e1 en la cubierta transl\u00facida del trinquet, la impermeabilizaci\u00f3n y la salida de emergencia posterior, con una ayuda de 175.000 euros incluida igualmente en el plan provincial, una de las grandes novedades de la legislatura junto con el Plan de Recuperaci\u00f3n de Patrimonio Valenciano, dotado con cerca de 12 millones de euros y coordinado&nbsp; por la vicepresidenta primera, Nat\u00e0lia Enguix.<\/p>\n\n\n\n<p>Vicent Momp\u00f3 tiene muy claro \u201cde d\u00f3nde viene y hacia d\u00f3nde se dirige la Diputaci\u00f3n, que es seguir siendo la casa de las valencianas y los valencianos, la instituci\u00f3n formada por gente municipalista que defiende lo nuestro. Y lo nuestro es el trinquet, la pilota, una cultura muy viva que se resiste a ser silenciada y caer en el olvido\u201d. El alcalde de El Genov\u00e9s, por su parte, ha agradecido la elecci\u00f3n de su pueblo como punto de partida del proyecto impulsado por la Diputaci\u00f3n en colaboraci\u00f3n con la Federaci\u00f3n de Pilota: \u201ces un orgullo que se anuncie esta apuesta por nuestro deporte y su futuro en esta tierra, que es tierra de pilotaris\u201d, ha rematado Pablo Vilar.<\/p>\n\n\n\n<figure class=\"wp-block-gallery has-nested-images columns-1 is-cropped wp-block-gallery-1 is-layout-flex wp-block-gallery-is-layout-flex\">\n<figure class=\"wp-block-image size-large\"><img loading=\"lazy\" decoding=\"async\" width=\"1024\" height=\"665\" data-id=\"272052\" src=\"https:\/\/www.tucomarca.com\/wordpress\/segunda\/wp-content\/uploads\/2025\/07\/Dipu_PresentacionPlanTrinquets2-1024x665.jpg\" alt=\"\" class=\"wp-image-272052\" srcset=\"https:\/\/www.tucomarca.com\/wordpress\/segunda\/wp-content\/uploads\/2025\/07\/Dipu_PresentacionPlanTrinquets2-1024x665.jpg 1024w, https:\/\/www.tucomarca.com\/wordpress\/segunda\/wp-content\/uploads\/2025\/07\/Dipu_PresentacionPlanTrinquets2-300x195.jpg 300w, https:\/\/www.tucomarca.com\/wordpress\/segunda\/wp-content\/uploads\/2025\/07\/Dipu_PresentacionPlanTrinquets2-768x499.jpg 768w, https:\/\/www.tucomarca.com\/wordpress\/segunda\/wp-content\/uploads\/2025\/07\/Dipu_PresentacionPlanTrinquets2-1536x998.jpg 1536w, https:\/\/www.tucomarca.com\/wordpress\/segunda\/wp-content\/uploads\/2025\/07\/Dipu_PresentacionPlanTrinquets2-2048x1331.jpg 2048w\" sizes=\"auto, (max-width: 1024px) 100vw, 1024px\" \/><\/figure>\n\n\n\n<figure class=\"wp-block-image size-large\"><img loading=\"lazy\" decoding=\"async\" width=\"1024\" height=\"665\" data-id=\"272054\" src=\"https:\/\/www.tucomarca.com\/wordpress\/segunda\/wp-content\/uploads\/2025\/07\/Dipu_PresentacionPlanTrinquets3-1024x665.jpg\" alt=\"\" class=\"wp-image-272054\" srcset=\"https:\/\/www.tucomarca.com\/wordpress\/segunda\/wp-content\/uploads\/2025\/07\/Dipu_PresentacionPlanTrinquets3-1024x665.jpg 1024w, https:\/\/www.tucomarca.com\/wordpress\/segunda\/wp-content\/uploads\/2025\/07\/Dipu_PresentacionPlanTrinquets3-300x195.jpg 300w, https:\/\/www.tucomarca.com\/wordpress\/segunda\/wp-content\/uploads\/2025\/07\/Dipu_PresentacionPlanTrinquets3-768x499.jpg 768w, https:\/\/www.tucomarca.com\/wordpress\/segunda\/wp-content\/uploads\/2025\/07\/Dipu_PresentacionPlanTrinquets3-1536x998.jpg 1536w, https:\/\/www.tucomarca.com\/wordpress\/segunda\/wp-content\/uploads\/2025\/07\/Dipu_PresentacionPlanTrinquets3-2048x1331.jpg 2048w\" sizes=\"auto, (max-width: 1024px) 100vw, 1024px\" \/><\/figure>\n<\/figure>\n","protected":false},"excerpt":{"rendered":"<div class=\"mh-excerpt\">El presidente, Vicent Momp\u00f3, acompa\u00f1ado por las vicepresidentas Nat\u00e0lia Enguix y Reme Mazzolari, ha presentado en El Genov\u00e9s un plan con ocho millones de euros de inversi\u00f3n que pretende \u201cdignificar las instalaciones para que las <a class=\"mh-excerpt-more\" href=\"https:\/\/www.tucomarca.com\/wordpress\/segunda\/la-diputacio-pone-en-marcha-un-plan-para-modernizar-los-trinquets-y-garantizar-el-futuro-de-la-pilota\/\" title=\"La Diputaci\u00f3 pone en marcha un plan para modernizar los trinquets y garantizar el futuro de la pilota\">[+] <\/a><\/div>\n","protected":false},"author":13,"featured_media":272050,"comment_status":"open","ping_status":"open","sticky":false,"template":"","format":"gallery","meta":{"footnotes":""},"categories":[51,46,249,291,6,143,177,70,8,72,42,199,3,45],"tags":[10398,10395,10458,10462,10419,10433,11094,2142,20938,3640],"class_list":{"0":"post-272047","1":"post","2":"type-post","3":"status-publish","4":"format-gallery","5":"has-post-thumbnail","7":"category-betera","8":"category-camp-de-turia","9":"category-canals","10":"category-carlet","11":"category-deportes","12":"category-guadassuar","13":"category-leliana","14":"category-la-canal-de-navarres","15":"category-la-comarca","16":"category-sin-categorizar","17":"category-la-ribera","18":"category-polideportivo","19":"category-seccion","20":"category-ventana","21":"tag-betera","22":"tag-camp-de-turia","23":"tag-canals","24":"tag-carlet","25":"tag-guadassuar","26":"tag-leliana","27":"tag-la-canal-de-navarres","28":"tag-la-comunitat","29":"tag-la-diputacio-de-valencia","30":"tag-la-ribera-alta","31":"post_format-post-format-gallery"},"_links":{"self":[{"href":"https:\/\/www.tucomarca.com\/wordpress\/segunda\/wp-json\/wp\/v2\/posts\/272047","targetHints":{"allow":["GET"]}}],"collection":[{"href":"https:\/\/www.tucomarca.com\/wordpress\/segunda\/wp-json\/wp\/v2\/posts"}],"about":[{"href":"https:\/\/www.tucomarca.com\/wordpress\/segunda\/wp-json\/wp\/v2\/types\/post"}],"author":[{"embeddable":true,"href":"https:\/\/www.tucomarca.com\/wordpress\/segunda\/wp-json\/wp\/v2\/users\/13"}],"replies":[{"embeddable":true,"href":"https:\/\/www.tucomarca.com\/wordpress\/segunda\/wp-json\/wp\/v2\/comments?post=272047"}],"version-history":[{"count":0,"href":"https:\/\/www.tucomarca.com\/wordpress\/segunda\/wp-json\/wp\/v2\/posts\/272047\/revisions"}],"wp:featuredmedia":[{"embeddable":true,"href":"https:\/\/www.tucomarca.com\/wordpress\/segunda\/wp-json\/wp\/v2\/media\/272050"}],"wp:attachment":[{"href":"https:\/\/www.tucomarca.com\/wordpress\/segunda\/wp-json\/wp\/v2\/media?parent=272047"}],"wp:term":[{"taxonomy":"category","embeddable":true,"href":"https:\/\/www.tucomarca.com\/wordpress\/segunda\/wp-json\/wp\/v2\/categories?post=272047"},{"taxonomy":"post_tag","embeddable":true,"href":"https:\/\/www.tucomarca.com\/wordpress\/segunda\/wp-json\/wp\/v2\/tags?post=272047"}],"curies":[{"name":"wp","href":"https:\/\/api.w.org\/{rel}","templated":true}]}}