{"id":272062,"date":"2025-07-14T10:00:00","date_gmt":"2025-07-14T08:00:00","guid":{"rendered":"https:\/\/www.tucomarca.com\/wordpress\/segunda\/?p=272062"},"modified":"2025-07-14T12:20:24","modified_gmt":"2025-07-14T10:20:24","slug":"la-banda-juvenil-de-la-sm-la-artistica-se-alza-con-su-primer-premio-nacional-en-viii-certamen-nacional-de-bandas-de-musica-azuaga-musica-y-cine","status":"publish","type":"post","link":"https:\/\/www.tucomarca.com\/wordpress\/segunda\/la-banda-juvenil-de-la-sm-la-artistica-se-alza-con-su-primer-premio-nacional-en-viii-certamen-nacional-de-bandas-de-musica-azuaga-musica-y-cine\/","title":{"rendered":"La Banda Juvenil de la SM La Art\u00edstica se alza con su primer premio nacional en VIII Certamen Nacional de Bandas de M\u00fasica \u201cAzuaga, M\u00fasica y Cine\u201d"},"content":{"rendered":"\n<p>La Banda Juvenil de la Sociedad Musical La Art\u00edstica se ha alzardo con el Primer Premio en el VIII Certamen Nacional de Bandas de M\u00fasica \u201cAzuaga, M\u00fasica y Cine\u201d, celebrado en la localidad extreme\u00f1a.<\/p>\n\n\n\n<p>Este importante reconocimiento pone de relieve no solo la calidad interpretativa de la formaci\u00f3n, sino tambi\u00e9n el esfuerzo, la dedicaci\u00f3n y la pasi\u00f3n que sus j\u00f3venes m\u00fasicos demuestran d\u00eda a d\u00eda. Bajo la direcci\u00f3n de David Tar\u00edn D\u00edaz, la banda logr\u00f3 emocionar y destacar entre agrupaciones llegadas de todo el pa\u00eds.<\/p>\n\n\n\n<p>A su llegada a Bu\u00f1ol, la Banda Juvenil fue recibida en un ambiente de aut\u00e9ntica celebraci\u00f3n: traca, champ\u00e1n y, por supuesto, m\u00fasica. En un pasacalle desde el Teatro Montecarlo hasta Rosales, los m\u00fasicos fueron aclamados por vecinos y miembros de los Feos, que, tras seguir el certamen desde la distancia, no quisieron perderse la oportunidad de festejar el triunfo junto a ellos.<\/p>\n\n\n\n<p>Con este premio se pone en valor este proyecto educativo y art\u00edstico, que lleva con orgullo el nombre de Bu\u00f1ol y de \u00abLa Art\u00edstica\u00bb all\u00e1 donde suena, demostrando talento, compromiso y una enorme proyecci\u00f3n de futuro.<\/p>\n\n\n\n<figure class=\"wp-block-image size-large\"><img loading=\"lazy\" decoding=\"async\" width=\"1024\" height=\"768\" src=\"https:\/\/www.tucomarca.com\/wordpress\/segunda\/wp-content\/uploads\/2025\/07\/JuvenilFeosAzuafga2-1024x768.jpg\" alt=\"\" class=\"wp-image-272064\" srcset=\"https:\/\/www.tucomarca.com\/wordpress\/segunda\/wp-content\/uploads\/2025\/07\/JuvenilFeosAzuafga2-1024x768.jpg 1024w, https:\/\/www.tucomarca.com\/wordpress\/segunda\/wp-content\/uploads\/2025\/07\/JuvenilFeosAzuafga2-300x225.jpg 300w, https:\/\/www.tucomarca.com\/wordpress\/segunda\/wp-content\/uploads\/2025\/07\/JuvenilFeosAzuafga2-768x576.jpg 768w, https:\/\/www.tucomarca.com\/wordpress\/segunda\/wp-content\/uploads\/2025\/07\/JuvenilFeosAzuafga2-678x509.jpg 678w, https:\/\/www.tucomarca.com\/wordpress\/segunda\/wp-content\/uploads\/2025\/07\/JuvenilFeosAzuafga2-326x245.jpg 326w, https:\/\/www.tucomarca.com\/wordpress\/segunda\/wp-content\/uploads\/2025\/07\/JuvenilFeosAzuafga2-80x60.jpg 80w, https:\/\/www.tucomarca.com\/wordpress\/segunda\/wp-content\/uploads\/2025\/07\/JuvenilFeosAzuafga2.jpg 1181w\" sizes=\"auto, (max-width: 1024px) 100vw, 1024px\" \/><\/figure>\n","protected":false},"excerpt":{"rendered":"<div class=\"mh-excerpt\">La Banda Juvenil de la Sociedad Musical La Art\u00edstica se ha alzardo con el Primer Premio en el VIII Certamen Nacional de Bandas de M\u00fasica \u201cAzuaga, M\u00fasica y Cine\u201d, celebrado en la localidad extreme\u00f1a. Este <a class=\"mh-excerpt-more\" href=\"https:\/\/www.tucomarca.com\/wordpress\/segunda\/la-banda-juvenil-de-la-sm-la-artistica-se-alza-con-su-primer-premio-nacional-en-viii-certamen-nacional-de-bandas-de-musica-azuaga-musica-y-cine\/\" title=\"La Banda Juvenil de la SM La Art\u00edstica se alza con su primer premio nacional en VIII Certamen Nacional de Bandas de M\u00fasica \u201cAzuaga, M\u00fasica y Cine\u201d\">[+] <\/a><\/div>\n","protected":false},"author":12,"featured_media":272068,"comment_status":"open","ping_status":"open","sticky":false,"template":"","format":"image","meta":{"footnotes":""},"categories":[18,66,8,10,7,3],"tags":[22804,10385,5952,10559],"class_list":{"0":"post-272062","1":"post","2":"type-post","3":"status-publish","4":"format-image","5":"has-post-thumbnail","7":"category-bunol","8":"category-musica","9":"category-la-comarca","10":"category-la-hoya","11":"category-ocio-y-cultura","12":"category-seccion","13":"tag-banda-juvenil-sm-la-artistica","14":"tag-bunol","15":"tag-la-hoya-de-bunol-chiva","16":"tag-sm-la-artistica-de-bunol","17":"post_format-post-format-image"},"_links":{"self":[{"href":"https:\/\/www.tucomarca.com\/wordpress\/segunda\/wp-json\/wp\/v2\/posts\/272062","targetHints":{"allow":["GET"]}}],"collection":[{"href":"https:\/\/www.tucomarca.com\/wordpress\/segunda\/wp-json\/wp\/v2\/posts"}],"about":[{"href":"https:\/\/www.tucomarca.com\/wordpress\/segunda\/wp-json\/wp\/v2\/types\/post"}],"author":[{"embeddable":true,"href":"https:\/\/www.tucomarca.com\/wordpress\/segunda\/wp-json\/wp\/v2\/users\/12"}],"replies":[{"embeddable":true,"href":"https:\/\/www.tucomarca.com\/wordpress\/segunda\/wp-json\/wp\/v2\/comments?post=272062"}],"version-history":[{"count":0,"href":"https:\/\/www.tucomarca.com\/wordpress\/segunda\/wp-json\/wp\/v2\/posts\/272062\/revisions"}],"wp:featuredmedia":[{"embeddable":true,"href":"https:\/\/www.tucomarca.com\/wordpress\/segunda\/wp-json\/wp\/v2\/media\/272068"}],"wp:attachment":[{"href":"https:\/\/www.tucomarca.com\/wordpress\/segunda\/wp-json\/wp\/v2\/media?parent=272062"}],"wp:term":[{"taxonomy":"category","embeddable":true,"href":"https:\/\/www.tucomarca.com\/wordpress\/segunda\/wp-json\/wp\/v2\/categories?post=272062"},{"taxonomy":"post_tag","embeddable":true,"href":"https:\/\/www.tucomarca.com\/wordpress\/segunda\/wp-json\/wp\/v2\/tags?post=272062"}],"curies":[{"name":"wp","href":"https:\/\/api.w.org\/{rel}","templated":true}]}}