{"id":272424,"date":"2025-07-15T12:15:00","date_gmt":"2025-07-15T10:15:00","guid":{"rendered":"https:\/\/www.tucomarca.com\/wordpress\/segunda\/?p=272424"},"modified":"2025-07-15T14:29:47","modified_gmt":"2025-07-15T12:29:47","slug":"el-ayuntamiento-de-benaguasil-impulsa-la-semana-deportiva-con-actividades-para-todos-los-vecinos","status":"publish","type":"post","link":"https:\/\/www.tucomarca.com\/wordpress\/segunda\/el-ayuntamiento-de-benaguasil-impulsa-la-semana-deportiva-con-actividades-para-todos-los-vecinos\/","title":{"rendered":"El Ayuntamiento de Benaguasil impulsa la semana deportiva con actividades para todos los vecinos"},"content":{"rendered":"\n<h3 class=\"wp-block-heading\">Se desarrollar\u00e1n en el Polideportivo Municipal.<\/h3>\n\n\n\n<p>El Ayuntamiento de Benaguasil, a trav\u00e9s de la concejal\u00eda de Deportes ha organizado del 21 al 26 de julio una nueva edici\u00f3n de la semana deportiva para fomentar la participaci\u00f3n ciudadana en el deporte y promover un estilo de vida saludable.<\/p>\n\n\n\n<p>As\u00ed ofertar\u00e1 distintas actividades deportivas, entre las que se incluye F\u00fatbol 7, B\u00e1squet, Tenis, Frontenis, P\u00e1del o Nataci\u00f3n.<\/p>\n\n\n\n<p>Se trata de un programa de competiciones y torneos de numerosas y variadas modalidades deportivas abierto a todos los vecinos, que se llevar\u00e1 a cabo en las instalaciones del Polideportivo Municipal.<\/p>\n\n\n\n<p>El concejal de Deportes, Rub\u00e9n Araque, ha se\u00f1alado que \u201cun a\u00f1o m\u00e1s hemos organizado este evento para impulsar la pr\u00e1ctica del deporte en la poblaci\u00f3n y dar a conocer las instalaciones y las actividades que tenemos durante todo el a\u00f1o, por lo que animo a la ciudadan\u00eda a participar en la semana deportiva y a disfrutar de la actividad f\u00edsica\u201d.<\/p>\n\n\n\n<p>Las personas que quieran participar pueden inscribirse en la recepci\u00f3n del Centro deportivo Hidrotermal.<\/p>\n\n\n\n<figure class=\"wp-block-image size-large\"><img loading=\"lazy\" decoding=\"async\" width=\"683\" height=\"1024\" src=\"https:\/\/www.tucomarca.com\/wordpress\/segunda\/wp-content\/uploads\/2025\/07\/Benaguasil_CartelSemanaDeportiva-683x1024.jpg\" alt=\"\" class=\"wp-image-272425\" srcset=\"https:\/\/www.tucomarca.com\/wordpress\/segunda\/wp-content\/uploads\/2025\/07\/Benaguasil_CartelSemanaDeportiva-683x1024.jpg 683w, https:\/\/www.tucomarca.com\/wordpress\/segunda\/wp-content\/uploads\/2025\/07\/Benaguasil_CartelSemanaDeportiva-200x300.jpg 200w, https:\/\/www.tucomarca.com\/wordpress\/segunda\/wp-content\/uploads\/2025\/07\/Benaguasil_CartelSemanaDeportiva-768x1152.jpg 768w, https:\/\/www.tucomarca.com\/wordpress\/segunda\/wp-content\/uploads\/2025\/07\/Benaguasil_CartelSemanaDeportiva.jpg 1024w\" sizes=\"auto, (max-width: 683px) 100vw, 683px\" \/><\/figure>\n","protected":false},"excerpt":{"rendered":"<div class=\"mh-excerpt\">Se desarrollar\u00e1n en el Polideportivo Municipal. El Ayuntamiento de Benaguasil, a trav\u00e9s de la concejal\u00eda de Deportes ha organizado del 21 al 26 de julio una nueva edici\u00f3n de la semana deportiva para fomentar la <a class=\"mh-excerpt-more\" href=\"https:\/\/www.tucomarca.com\/wordpress\/segunda\/el-ayuntamiento-de-benaguasil-impulsa-la-semana-deportiva-con-actividades-para-todos-los-vecinos\/\" title=\"El Ayuntamiento de Benaguasil impulsa la semana deportiva con actividades para todos los vecinos\">[+] <\/a><\/div>\n","protected":false},"author":13,"featured_media":272425,"comment_status":"open","ping_status":"open","sticky":false,"template":"","format":"standard","meta":{"footnotes":""},"categories":[4,172,46,6,8,199,3],"tags":[10429,10395,10379,15855],"class_list":{"0":"post-272424","1":"post","2":"type-post","3":"status-publish","4":"format-standard","5":"has-post-thumbnail","7":"category-agenda","8":"category-benaguasil","9":"category-camp-de-turia","10":"category-deportes","11":"category-la-comarca","12":"category-polideportivo","13":"category-seccion","14":"tag-benaguasil","15":"tag-camp-de-turia","16":"tag-deportes","17":"tag-ocio-y-cultura"},"_links":{"self":[{"href":"https:\/\/www.tucomarca.com\/wordpress\/segunda\/wp-json\/wp\/v2\/posts\/272424","targetHints":{"allow":["GET"]}}],"collection":[{"href":"https:\/\/www.tucomarca.com\/wordpress\/segunda\/wp-json\/wp\/v2\/posts"}],"about":[{"href":"https:\/\/www.tucomarca.com\/wordpress\/segunda\/wp-json\/wp\/v2\/types\/post"}],"author":[{"embeddable":true,"href":"https:\/\/www.tucomarca.com\/wordpress\/segunda\/wp-json\/wp\/v2\/users\/13"}],"replies":[{"embeddable":true,"href":"https:\/\/www.tucomarca.com\/wordpress\/segunda\/wp-json\/wp\/v2\/comments?post=272424"}],"version-history":[{"count":0,"href":"https:\/\/www.tucomarca.com\/wordpress\/segunda\/wp-json\/wp\/v2\/posts\/272424\/revisions"}],"wp:featuredmedia":[{"embeddable":true,"href":"https:\/\/www.tucomarca.com\/wordpress\/segunda\/wp-json\/wp\/v2\/media\/272425"}],"wp:attachment":[{"href":"https:\/\/www.tucomarca.com\/wordpress\/segunda\/wp-json\/wp\/v2\/media?parent=272424"}],"wp:term":[{"taxonomy":"category","embeddable":true,"href":"https:\/\/www.tucomarca.com\/wordpress\/segunda\/wp-json\/wp\/v2\/categories?post=272424"},{"taxonomy":"post_tag","embeddable":true,"href":"https:\/\/www.tucomarca.com\/wordpress\/segunda\/wp-json\/wp\/v2\/tags?post=272424"}],"curies":[{"name":"wp","href":"https:\/\/api.w.org\/{rel}","templated":true}]}}