{"id":2726,"date":"2012-05-31T17:36:44","date_gmt":"2012-05-31T15:36:44","guid":{"rendered":"http:\/\/www.tucomarca.com\/wordpress\/segunda\/?p=2726"},"modified":"2012-05-31T17:36:45","modified_gmt":"2012-05-31T15:36:45","slug":"el-entrenador-del-cd-cheste-carlos-luque-prefiere-esperar-a-conocer-el-nuevo-proyecto-deportivo-antes-de-decidir-su-futuro","status":"publish","type":"post","link":"https:\/\/www.tucomarca.com\/wordpress\/segunda\/el-entrenador-del-cd-cheste-carlos-luque-prefiere-esperar-a-conocer-el-nuevo-proyecto-deportivo-antes-de-decidir-su-futuro\/","title":{"rendered":"El entrenador del CD Cheste, Carlos Luque, prefiere esperar a conocer el nuevo proyecto deportivo antes de decidir su futuro"},"content":{"rendered":"<figure id=\"attachment_2727\" aria-describedby=\"caption-attachment-2727\" style=\"width: 300px\" class=\"wp-caption alignleft\"><a rel=\"attachment wp-att-2727\" href=\"https:\/\/www.tucomarca.com\/wordpress\/segunda\/?attachment_id=2727\"><img loading=\"lazy\" decoding=\"async\" class=\"size-medium wp-image-2727\" src=\"https:\/\/www.tucomarca.com\/wordpress\/segunda\/wp-content\/uploads\/2012\/05\/402045_219538614804433_1341450178_n-300x225.jpg\" alt=\"Carlos Luque, m\u00edster del CD Cheste. tc.c\" width=\"300\" height=\"225\" srcset=\"https:\/\/www.tucomarca.com\/wordpress\/segunda\/wp-content\/uploads\/2012\/05\/402045_219538614804433_1341450178_n-300x225.jpg 300w, https:\/\/www.tucomarca.com\/wordpress\/segunda\/wp-content\/uploads\/2012\/05\/402045_219538614804433_1341450178_n.jpg 500w\" sizes=\"auto, (max-width: 300px) 100vw, 300px\" \/><\/a><figcaption id=\"caption-attachment-2727\" class=\"wp-caption-text\">Carlos Luque, m\u00edster del CD Cheste. tc.c<\/figcaption><\/figure>\n<p>Como ya adelant\u00f3 este semanario en su edici\u00f3n impresa, el t\u00e9cnico del CD Cheste, Carlos Luque, no se pronunciar\u00e1 sobre su continuidad hasta la renovaci\u00f3n de la junta directiva, \u201ccon la que habr\u00e1 que sentarse a hablar sobre su proyecto y su propuesta\u201d. A la espera de que estas conversaciones acontezcan, Luque no quiere decidirse ni en un sentido ni en otro, aunque reconoce estar muy a gusto en la entidad en la que ha conseguido el ascenso a Regional Preferente y consolidar al equipo en lo m\u00e1s alto de la categor\u00eda.<\/p>\n","protected":false},"excerpt":{"rendered":"<div class=\"mh-excerpt\">Como ya adelant\u00f3 este semanario en su edici\u00f3n impresa, el t\u00e9cnico del CD Cheste, Carlos Luque, no se pronunciar\u00e1 sobre su continuidad hasta la renovaci\u00f3n de la junta directiva, \u201ccon la que habr\u00e1 que sentarse <a class=\"mh-excerpt-more\" href=\"https:\/\/www.tucomarca.com\/wordpress\/segunda\/el-entrenador-del-cd-cheste-carlos-luque-prefiere-esperar-a-conocer-el-nuevo-proyecto-deportivo-antes-de-decidir-su-futuro\/\" title=\"El entrenador del CD Cheste, Carlos Luque, prefiere esperar a conocer el nuevo proyecto deportivo antes de decidir su futuro\">[+] <\/a><\/div>\n","protected":false},"author":2,"featured_media":2727,"comment_status":"open","ping_status":"open","sticky":false,"template":"","format":"standard","meta":{"footnotes":""},"categories":[50,17,6,10,3],"tags":[261],"class_list":{"0":"post-2726","1":"post","2":"type-post","3":"status-publish","4":"format-standard","5":"has-post-thumbnail","7":"category-futbol-deportes","8":"category-cheste","9":"category-deportes","10":"category-la-hoya","11":"category-seccion","12":"tag-luque"},"_links":{"self":[{"href":"https:\/\/www.tucomarca.com\/wordpress\/segunda\/wp-json\/wp\/v2\/posts\/2726","targetHints":{"allow":["GET"]}}],"collection":[{"href":"https:\/\/www.tucomarca.com\/wordpress\/segunda\/wp-json\/wp\/v2\/posts"}],"about":[{"href":"https:\/\/www.tucomarca.com\/wordpress\/segunda\/wp-json\/wp\/v2\/types\/post"}],"author":[{"embeddable":true,"href":"https:\/\/www.tucomarca.com\/wordpress\/segunda\/wp-json\/wp\/v2\/users\/2"}],"replies":[{"embeddable":true,"href":"https:\/\/www.tucomarca.com\/wordpress\/segunda\/wp-json\/wp\/v2\/comments?post=2726"}],"version-history":[{"count":0,"href":"https:\/\/www.tucomarca.com\/wordpress\/segunda\/wp-json\/wp\/v2\/posts\/2726\/revisions"}],"wp:featuredmedia":[{"embeddable":true,"href":"https:\/\/www.tucomarca.com\/wordpress\/segunda\/wp-json\/wp\/v2\/media\/2727"}],"wp:attachment":[{"href":"https:\/\/www.tucomarca.com\/wordpress\/segunda\/wp-json\/wp\/v2\/media?parent=2726"}],"wp:term":[{"taxonomy":"category","embeddable":true,"href":"https:\/\/www.tucomarca.com\/wordpress\/segunda\/wp-json\/wp\/v2\/categories?post=2726"},{"taxonomy":"post_tag","embeddable":true,"href":"https:\/\/www.tucomarca.com\/wordpress\/segunda\/wp-json\/wp\/v2\/tags?post=2726"}],"curies":[{"name":"wp","href":"https:\/\/api.w.org\/{rel}","templated":true}]}}