{"id":272777,"date":"2025-07-18T10:15:00","date_gmt":"2025-07-18T08:15:00","guid":{"rendered":"https:\/\/www.tucomarca.com\/wordpress\/segunda\/?p=272777"},"modified":"2025-07-18T20:03:17","modified_gmt":"2025-07-18T18:03:17","slug":"los-bomberos-extinguen-un-incendio-de-vegetacion-declarado-este-jueves-en-chera","status":"publish","type":"post","link":"https:\/\/www.tucomarca.com\/wordpress\/segunda\/los-bomberos-extinguen-un-incendio-de-vegetacion-declarado-este-jueves-en-chera\/","title":{"rendered":"Los bomberos extinguen un incendio de vegetaci\u00f3n declarado este jueves en Chera"},"content":{"rendered":"\n<p>Durante la tarde de este jueves se ha declarado un incendio de vegetaci\u00f3n en el t\u00e9rmino municipal de Chera, que moviliz\u00f3 un importante operativo de emergencias compuesto por tres medios a\u00e9reos, una unidad de Bomberos Forestales con autobomba, una dotaci\u00f3n y una brigada BRIFO del Consorcio Provincial de Bomberos, as\u00ed como un coordinador y un t\u00e9cnico forestal.<\/p>\n\n\n\n<p>A las 16:30 horas, los bomberos confirmaron que el incendio ya se encontraba controlado, y poco despu\u00e9s, a las 19:20 h, se notific\u00f3 su extinci\u00f3n definitiva, seg\u00fan fuentes del Consorcio Provincial de Bomberos de Valencia.<\/p>\n\n\n\n<p>Desde la Conselleria de Medi Ambient se aclar\u00f3 que el fuego no ha afectado a terreno forestal, lo que ha facilitado las labores de extinci\u00f3n y ha evitado da\u00f1os mayores en la zona.<\/p>\n","protected":false},"excerpt":{"rendered":"<div class=\"mh-excerpt\">Durante la tarde de este jueves se ha declarado un incendio de vegetaci\u00f3n en el t\u00e9rmino municipal de Chera, que moviliz\u00f3 un importante operativo de emergencias compuesto por tres medios a\u00e9reos, una unidad de Bomberos <a class=\"mh-excerpt-more\" href=\"https:\/\/www.tucomarca.com\/wordpress\/segunda\/los-bomberos-extinguen-un-incendio-de-vegetacion-declarado-este-jueves-en-chera\/\" title=\"Los bomberos extinguen un incendio de vegetaci\u00f3n declarado este jueves en Chera\">[+] <\/a><\/div>\n","protected":false},"author":12,"featured_media":160154,"comment_status":"open","ping_status":"open","sticky":false,"template":"","format":"standard","meta":{"footnotes":""},"categories":[186,128,8,59,117,3,116,45],"tags":[17924,10415,12830,3912,10400],"class_list":{"0":"post-272777","1":"post","2":"type-post","3":"status-publish","4":"format-standard","5":"has-post-thumbnail","7":"category-chera-los-serranos","8":"category-infraestructuras","9":"category-la-comarca","10":"category-los-serranos","11":"category-medio-ambiente-la-comarca","12":"category-seccion","13":"category-sucesos-la-comarca","14":"category-ventana","15":"tag-bomberos-forestales-de-la-generalitat","16":"tag-chera","17":"tag-consorcio-provincial-de-bomberos-de-valencia","18":"tag-la-serrania","19":"tag-los-serranos"},"_links":{"self":[{"href":"https:\/\/www.tucomarca.com\/wordpress\/segunda\/wp-json\/wp\/v2\/posts\/272777","targetHints":{"allow":["GET"]}}],"collection":[{"href":"https:\/\/www.tucomarca.com\/wordpress\/segunda\/wp-json\/wp\/v2\/posts"}],"about":[{"href":"https:\/\/www.tucomarca.com\/wordpress\/segunda\/wp-json\/wp\/v2\/types\/post"}],"author":[{"embeddable":true,"href":"https:\/\/www.tucomarca.com\/wordpress\/segunda\/wp-json\/wp\/v2\/users\/12"}],"replies":[{"embeddable":true,"href":"https:\/\/www.tucomarca.com\/wordpress\/segunda\/wp-json\/wp\/v2\/comments?post=272777"}],"version-history":[{"count":0,"href":"https:\/\/www.tucomarca.com\/wordpress\/segunda\/wp-json\/wp\/v2\/posts\/272777\/revisions"}],"wp:featuredmedia":[{"embeddable":true,"href":"https:\/\/www.tucomarca.com\/wordpress\/segunda\/wp-json\/wp\/v2\/media\/160154"}],"wp:attachment":[{"href":"https:\/\/www.tucomarca.com\/wordpress\/segunda\/wp-json\/wp\/v2\/media?parent=272777"}],"wp:term":[{"taxonomy":"category","embeddable":true,"href":"https:\/\/www.tucomarca.com\/wordpress\/segunda\/wp-json\/wp\/v2\/categories?post=272777"},{"taxonomy":"post_tag","embeddable":true,"href":"https:\/\/www.tucomarca.com\/wordpress\/segunda\/wp-json\/wp\/v2\/tags?post=272777"}],"curies":[{"name":"wp","href":"https:\/\/api.w.org\/{rel}","templated":true}]}}