{"id":272826,"date":"2025-07-18T10:00:00","date_gmt":"2025-07-18T08:00:00","guid":{"rendered":"https:\/\/www.tucomarca.com\/wordpress\/segunda\/?p=272826"},"modified":"2025-07-18T19:27:35","modified_gmt":"2025-07-18T17:27:35","slug":"el-hospital-de-manises-inicia-manikids-un-plan-de-humanizacion-para-los-mas-pequenos-con-el-lema-humanizar-para-sanar","status":"publish","type":"post","link":"https:\/\/www.tucomarca.com\/wordpress\/segunda\/el-hospital-de-manises-inicia-manikids-un-plan-de-humanizacion-para-los-mas-pequenos-con-el-lema-humanizar-para-sanar\/","title":{"rendered":"El Hospital de Manises inicia \u2018ManiKids\u2019, un plan de humanizaci\u00f3n para los m\u00e1s peque\u00f1os con el lema \u2018Humanizar para sanar\u2019"},"content":{"rendered":"\n<h3 class=\"wp-block-heading\">El plan incluye tres \u00e1reas de mejora -confort, alimentaci\u00f3n y entretenimiento-, tras escuchar la voz de ni\u00f1os y adolescentes ingresados.<\/h3>\n\n\n\n<h3 class=\"wp-block-heading\">Se han introducido ya mejoras en los men\u00fas para los peque\u00f1os ingresados.<\/h3>\n\n\n\n<p>El Departamento de Salud de Manises ha activado un Plan de Humanizaci\u00f3n del Servicio de Pediatr\u00eda, denominado \u2018ManiKids\u2019, bajo el lema \u2018Humanizar para sanar\u2019 con el objetivo de mejorar la experiencia hospitalaria de ni\u00f1os y adolescentes ingresados y de sus familiares.<\/p>\n\n\n\n<p>El Plan se fundamenta en un cuestionario innovador que recoge, por primera vez, la necesidades y expectativas expresadas directamente por ni\u00f1os y adolescentes hospitalizados. &nbsp;En este sentido, identifica claramente tres \u00e1reas clave: alimentaci\u00f3n, confort y entretenimiento.<\/p>\n\n\n\n<p>La primera fase se ha centrado en el \u00e1rea de alimentaci\u00f3n, en la que destacan medidas como la ampliaci\u00f3n y adaptaci\u00f3n de los men\u00fas infantiles a las edades y necesidades nutricionales, la eliminaci\u00f3n de alimentos industriales y azucarados o la mayor variedad de fruta fresca y pescado.<\/p>\n\n\n\n<p>En los pr\u00f3ximos meses el proyecto continuar\u00e1 desplegando nuevas iniciativas como la futura ludoteca, un espacio para celebrar actividades para los m\u00e1s peque\u00f1os ingresados. De este modo se reafirma el compromiso del departamento con el bienestar de sus pacientes m\u00e1s j\u00f3venes y sus familias.<\/p>\n\n\n\n<p><strong>\u2018ManiKids\u2019, atenci\u00f3n pedi\u00e1trica basada en valor<\/strong><\/p>\n\n\n\n<p>El Plan ManiKids se alinea con el Plan Estrat\u00e9gico 2025-2027 del Departamento, en el \u00e1rea de \u2018Atenci\u00f3n basada en el valor\u2019, y representa una apuesta clara por una atenci\u00f3n m\u00e1s humana y centrada en las necesidades reales de la infancia hospitalizada.<\/p>\n\n\n\n<p>Seg\u00fan la doctora Beatriz G\u00f3mez, gerente del departamento de salud, \u201ccuidar con sensibilidad a los m\u00e1s peque\u00f1os y escuchar activamente sus necesidades es clave para avanzar en una atenci\u00f3n pedi\u00e1trica de mayor calidad. Conseguir la mejor salud es el prop\u00f3sito compartido por todos los profesionales del departamento\u201d.<\/p>\n\n\n\n<p>Este departamento da cobertura y asistencia sanitaria, tanto ambulatoria como domiciliaria a m\u00e1s de 216.000 personas de 14 localidades a trav\u00e9s del Hospital de Manises, 9 centros de salud, 11 consultorios auxiliares, 2 centros de especialidades, 1 centro de salud integrado, el Hospital de Agudos de Manises y el Hospital de Cr\u00f3nicos de Mislata.<\/p>\n","protected":false},"excerpt":{"rendered":"<div class=\"mh-excerpt\">El plan incluye tres \u00e1reas de mejora -confort, alimentaci\u00f3n y entretenimiento-, tras escuchar la voz de ni\u00f1os y adolescentes ingresados. Se han introducido ya mejoras en los men\u00fas para los peque\u00f1os ingresados. El Departamento de <a class=\"mh-excerpt-more\" href=\"https:\/\/www.tucomarca.com\/wordpress\/segunda\/el-hospital-de-manises-inicia-manikids-un-plan-de-humanizacion-para-los-mas-pequenos-con-el-lema-humanizar-para-sanar\/\" title=\"El Hospital de Manises inicia \u2018ManiKids\u2019, un plan de humanizaci\u00f3n para los m\u00e1s peque\u00f1os con el lema \u2018Humanizar para sanar\u2019\">[+] <\/a><\/div>\n","protected":false},"author":12,"featured_media":272835,"comment_status":"open","ping_status":"open","sticky":false,"template":"","format":"standard","meta":{"footnotes":""},"categories":[19,18,46,119,17,16,14,128,8,10,178,13,182,3,11],"tags":[11478,136,22817],"class_list":{"0":"post-272826","1":"post","2":"type-post","3":"status-publish","4":"format-standard","5":"has-post-thumbnail","7":"category-alborache","8":"category-bunol","9":"category-camp-de-turia","10":"category-sanidad-la-comarca","11":"category-cheste","12":"category-chiva","13":"category-godelleta","14":"category-infraestructuras","15":"category-la-comarca","16":"category-la-hoya","17":"category-loriguilla","18":"category-macastre","19":"category-riba-roja","20":"category-seccion","21":"category-yatova","22":"tag-departamento-de-salud-de-manises","23":"tag-hospital-de-manises","24":"tag-manikids"},"_links":{"self":[{"href":"https:\/\/www.tucomarca.com\/wordpress\/segunda\/wp-json\/wp\/v2\/posts\/272826","targetHints":{"allow":["GET"]}}],"collection":[{"href":"https:\/\/www.tucomarca.com\/wordpress\/segunda\/wp-json\/wp\/v2\/posts"}],"about":[{"href":"https:\/\/www.tucomarca.com\/wordpress\/segunda\/wp-json\/wp\/v2\/types\/post"}],"author":[{"embeddable":true,"href":"https:\/\/www.tucomarca.com\/wordpress\/segunda\/wp-json\/wp\/v2\/users\/12"}],"replies":[{"embeddable":true,"href":"https:\/\/www.tucomarca.com\/wordpress\/segunda\/wp-json\/wp\/v2\/comments?post=272826"}],"version-history":[{"count":0,"href":"https:\/\/www.tucomarca.com\/wordpress\/segunda\/wp-json\/wp\/v2\/posts\/272826\/revisions"}],"wp:featuredmedia":[{"embeddable":true,"href":"https:\/\/www.tucomarca.com\/wordpress\/segunda\/wp-json\/wp\/v2\/media\/272835"}],"wp:attachment":[{"href":"https:\/\/www.tucomarca.com\/wordpress\/segunda\/wp-json\/wp\/v2\/media?parent=272826"}],"wp:term":[{"taxonomy":"category","embeddable":true,"href":"https:\/\/www.tucomarca.com\/wordpress\/segunda\/wp-json\/wp\/v2\/categories?post=272826"},{"taxonomy":"post_tag","embeddable":true,"href":"https:\/\/www.tucomarca.com\/wordpress\/segunda\/wp-json\/wp\/v2\/tags?post=272826"}],"curies":[{"name":"wp","href":"https:\/\/api.w.org\/{rel}","templated":true}]}}