{"id":273104,"date":"2025-07-22T10:55:00","date_gmt":"2025-07-22T08:55:00","guid":{"rendered":"https:\/\/www.tucomarca.com\/wordpress\/segunda\/?p=273104"},"modified":"2025-07-22T18:32:46","modified_gmt":"2025-07-22T16:32:46","slug":"natalia-enguix-la-diputacio-ha-hecho-lo-que-debia-escuchar-a-las-victimas-de-la-dana-para-transformar-su-voz-en-decisiones-reales","status":"publish","type":"post","link":"https:\/\/www.tucomarca.com\/wordpress\/segunda\/natalia-enguix-la-diputacio-ha-hecho-lo-que-debia-escuchar-a-las-victimas-de-la-dana-para-transformar-su-voz-en-decisiones-reales\/","title":{"rendered":"Natalia Enguix: \u201cLa Diputaci\u00f3 ha hecho lo que deb\u00eda: escuchar a las v\u00edctimas de la DANA para transformar su voz en decisiones reales\u201d"},"content":{"rendered":"\n<h3 class=\"wp-block-heading\">La vicepresidenta Natalia Enguix se comprometi\u00f3 en Bruselas a las asociaciones de v\u00edctimas que ser\u00edan escuchadas en la comisi\u00f3n de la Diputaci\u00f3n.<\/h3>\n\n\n\n<h3 class=\"wp-block-heading\">Una de las representantes de la asociaci\u00f3n de v\u00edctimas mortales Dana 29 d\u2019octubre de Catarroja da las gracias al grupo pol\u00edtico Ens Uneix \u201cpor esta iniciativa\u201d.<\/h3>\n\n\n\n<p>La Diputaci\u00f3 de Val\u00e8ncia ha celebrado este martes una sesi\u00f3n hist\u00f3rica en el marco de la comisi\u00f3n de estudio sobre la DANA. Por primera vez, las v\u00edctimas del temporal del 29 de octubre de 2023 han intervenido directamente en sede institucional, en una jornada monogr\u00e1fica dedicada a escuchar sus testimonios y aportaciones. Una sesi\u00f3n marcada por la emoci\u00f3n, el respeto y la voluntad de aprender de lo ocurrido para mejorar la respuesta p\u00fablica ante futuras emergencias.<\/p>\n\n\n\n<p>Durante la comisi\u00f3n se han escuchado de forma directa los testimonios de quienes vivieron la cat\u00e1strofe en primera persona, con intervenciones claras, serenas y profundamente humanas. Las asociaciones presentes han denunciado carencias en los sistemas de alerta, descoordinaci\u00f3n institucional, retirada prematura de medios y falta de atenci\u00f3n psicol\u00f3gica tras el desastre. Asimismo, tambi\u00e9n, han compartido propuestas para evitar que algo as\u00ed se repita.<\/p>\n\n\n\n<p>Durante la comisi\u00f3n, una de las representantes de la Associaci\u00f3 de V\u00edctimes Mortals Dana 29 d\u2019octubre de Catarroja, Rosa Alv\u00e1rez, ha agradecido al grupo pol\u00edtico Ens Uneix -al que pertenece la vicepresidenta Natalia Enguix- la iniciativa para que las v\u00edctimas pudieran participar en la comisi\u00f3n. La asociaci\u00f3n record\u00f3 que ese v\u00ednculo comenz\u00f3 en el viaje en avi\u00f3n a Bruselas, donde se gest\u00f3 la oportunidad de dar voz a las v\u00edctimas en las instituciones.<\/p>\n\n\n\n<p>En este sentido, Enguix, que ha tomado la palabra tras haber escuchado todos los testimonios de las asociaciones y ayuntamientos, ha destacado durante su intervenci\u00f3n la importancia de haber hecho realidad aquella promesa: \u201cLo dijimos en Bruselas, y hoy ha ocurrido. Las v\u00edctimas han sido escuchadas aqu\u00ed, en su casa. Esto no es un gesto: es una forma de entender la pol\u00edtica\u201d. Para la vicepresidenta, escuchar a las asociaciones era imprescindible para que la comisi\u00f3n tuviera sentido porque \u201cning\u00fan informe t\u00e9cnico ni an\u00e1lisis institucional puede estar completo sin la voz de quienes han sufrido la DANA\u201d.<\/p>\n\n\n\n<p>Por este motivo, tambi\u00e9n ha defendido que \u201cla Diputaci\u00f3n ha hecho lo que deb\u00eda: abrir sus puertas, escuchar a quienes m\u00e1s tienen que decir, alejada del partidismo y para transformar su voz en decisiones reales\u201d. Y ha a\u00f1adido que \u201cescucharos es reconocer vuestro sufrimiento, pero tambi\u00e9n es aprender de vosotros. Vosotros ten\u00e9is la clave para detectar lo que fall\u00f3. Ahora nos toca actuar en consecuencia\u201d, remarcaba.<\/p>\n\n\n\n<p>Durante la sesi\u00f3n, varios ayuntamientos han coincidido en se\u00f1alar que la reconstrucci\u00f3n no debe limitarse a las infraestructuras, sino que debe atender tambi\u00e9n la dimensi\u00f3n emocional y humana. \u201cEl dolor no desaparece con obras. Tambi\u00e9n hay que reconstruir la vida, la dignidad y la confianza de las personas\u201d, ha se\u00f1alado Enguix, en l\u00ednea con lo expresado por los representantes municipales.<\/p>\n\n\n\n<p>La vicepresidenta ha agradecido adem\u00e1s el trabajo conjunto de todos los grupos pol\u00edticos de la corporaci\u00f3n, que aprobaron por unanimidad la participaci\u00f3n de las v\u00edctimas en la comisi\u00f3n. \u201cCuando dejamos de lado los intereses partidistas y ponemos a las personas en el centro, somos capaces de dar respuestas valientes y \u00fatiles. Hoy la Diputaci\u00f3n se ha engrandecido, porque ha estado a la altura del momento que viv\u00edamos\u201d, ha subrayado. En este sentido, Enguix ha reivindicado la utilidad real de este espacio de escucha, y ha pedido que todo lo recogido en esta sesi\u00f3n forme parte del trabajo final de la comisi\u00f3n y de las decisiones pol\u00edticas futuras.<\/p>\n\n\n\n<p>En su intervenci\u00f3n, la vicepresidenta ha insistido en la necesidad de una respuesta coordinada entre administraciones ante emergencias de esta magnitud como tambi\u00e9n ha planteado el representante de la asociaci\u00f3n de vecinos de Benet\u00fasser porque \u201cning\u00fan ayuntamiento puede hacer frente solo a una cat\u00e1strofe como la DANA. Necesitamos actuar juntos: Diputaci\u00f3n, Generalitat, Gobierno de Espa\u00f1a, ayuntamientos, cuerpos de emergencia y ciudadan\u00eda. Solo desde esa unidad podemos garantizar una respuesta eficaz y humana\u201d, remarcaba la vicepresidenta.<\/p>\n\n\n\n<p>Por \u00faltimo, Enguix ha hecho un repaso de las actuaciones impulsadas desde la instituci\u00f3n tras la cat\u00e1strofe, en su calidad de presidenta de Egevasa. Ha explicado que, aunque solo ocho municipios afectados ten\u00edan la gesti\u00f3n del agua con esta empresa p\u00fablica, \u201cdesde el primer momento entendimos que ten\u00edamos que estar al lado de todos\u201d. As\u00ed, se distribuy\u00f3 agua potable embotellada y en cubas a m\u00e1s de 100 municipios, se repararon con urgencia estaciones de bombeo, redes de abastecimiento y 75 depuradoras, de las cuales solo restan por completar las tres m\u00e1s afectadas: Sot de Chera, Gestalgar y Godelleta.<\/p>\n\n\n\n<p>Finalmente, Enguix ha indicado que \u201cel 29 de octubre vivimos una tragedia sin precedentes. Desde entonces, hemos intentado estar al lado de los municipios y de las personas afectadas. Pero hoy hemos dado un paso m\u00e1s. Hoy hemos escuchado a quienes m\u00e1s lo necesitaban, con verdad, con respeto y con voluntad de transformar el dolor en acci\u00f3n, memoria y reparaci\u00f3n\u201d, ha concluido.<\/p>\n","protected":false},"excerpt":{"rendered":"<div class=\"mh-excerpt\">La vicepresidenta Natalia Enguix se comprometi\u00f3 en Bruselas a las asociaciones de v\u00edctimas que ser\u00edan escuchadas en la comisi\u00f3n de la Diputaci\u00f3n. Una de las representantes de la asociaci\u00f3n de v\u00edctimas mortales Dana 29 d\u2019octubre <a class=\"mh-excerpt-more\" href=\"https:\/\/www.tucomarca.com\/wordpress\/segunda\/natalia-enguix-la-diputacio-ha-hecho-lo-que-debia-escuchar-a-las-victimas-de-la-dana-para-transformar-su-voz-en-decisiones-reales\/\" title=\"Natalia Enguix: \u201cLa Diputaci\u00f3 ha hecho lo que deb\u00eda: escuchar a las v\u00edctimas de la DANA para transformar su voz en decisiones reales\u201d\">[+] <\/a><\/div>\n","protected":false},"author":12,"featured_media":273106,"comment_status":"open","ping_status":"open","sticky":false,"template":"","format":"standard","meta":{"footnotes":""},"categories":[21465,193,14,128,8,72,10,59,117,142,3,197,116,45],"tags":[12831,3677,20185,20401,22382],"class_list":{"0":"post-273104","1":"post","2":"type-post","3":"status-publish","4":"format-standard","5":"has-post-thumbnail","7":"category-dana","8":"category-gestalgar","9":"category-godelleta","10":"category-infraestructuras","11":"category-la-comarca","12":"category-sin-categorizar","13":"category-la-hoya","14":"category-los-serranos","15":"category-medio-ambiente-la-comarca","16":"category-politica-la-comarca","17":"category-seccion","18":"category-sot-de-chera","19":"category-sucesos-la-comarca","20":"category-ventana","21":"tag-dana-2","22":"tag-diputacio-de-valencia","23":"tag-ens-uneix","24":"tag-natalia-enguix-2","25":"tag-victimas-de-la-dana"},"_links":{"self":[{"href":"https:\/\/www.tucomarca.com\/wordpress\/segunda\/wp-json\/wp\/v2\/posts\/273104","targetHints":{"allow":["GET"]}}],"collection":[{"href":"https:\/\/www.tucomarca.com\/wordpress\/segunda\/wp-json\/wp\/v2\/posts"}],"about":[{"href":"https:\/\/www.tucomarca.com\/wordpress\/segunda\/wp-json\/wp\/v2\/types\/post"}],"author":[{"embeddable":true,"href":"https:\/\/www.tucomarca.com\/wordpress\/segunda\/wp-json\/wp\/v2\/users\/12"}],"replies":[{"embeddable":true,"href":"https:\/\/www.tucomarca.com\/wordpress\/segunda\/wp-json\/wp\/v2\/comments?post=273104"}],"version-history":[{"count":0,"href":"https:\/\/www.tucomarca.com\/wordpress\/segunda\/wp-json\/wp\/v2\/posts\/273104\/revisions"}],"wp:featuredmedia":[{"embeddable":true,"href":"https:\/\/www.tucomarca.com\/wordpress\/segunda\/wp-json\/wp\/v2\/media\/273106"}],"wp:attachment":[{"href":"https:\/\/www.tucomarca.com\/wordpress\/segunda\/wp-json\/wp\/v2\/media?parent=273104"}],"wp:term":[{"taxonomy":"category","embeddable":true,"href":"https:\/\/www.tucomarca.com\/wordpress\/segunda\/wp-json\/wp\/v2\/categories?post=273104"},{"taxonomy":"post_tag","embeddable":true,"href":"https:\/\/www.tucomarca.com\/wordpress\/segunda\/wp-json\/wp\/v2\/tags?post=273104"}],"curies":[{"name":"wp","href":"https:\/\/api.w.org\/{rel}","templated":true}]}}