{"id":273111,"date":"2025-07-22T11:30:00","date_gmt":"2025-07-22T09:30:00","guid":{"rendered":"https:\/\/www.tucomarca.com\/wordpress\/segunda\/?p=273111"},"modified":"2025-07-22T18:34:00","modified_gmt":"2025-07-22T16:34:00","slug":"la-unio-pide-al-miteco-una-compensacion-justa-para-los-agricultores-afectados-tras-la-dana-por-el-cambio-de-sus-parcelas-a-dominio-publico-hidraulico","status":"publish","type":"post","link":"https:\/\/www.tucomarca.com\/wordpress\/segunda\/la-unio-pide-al-miteco-una-compensacion-justa-para-los-agricultores-afectados-tras-la-dana-por-el-cambio-de-sus-parcelas-a-dominio-publico-hidraulico\/","title":{"rendered":"La Uni\u00f3 pide al MITECO una compensaci\u00f3n justa para los agricultores afectados tras la DANA por el cambio de sus parcelas a Dominio P\u00fablico Hidr\u00e1ulico"},"content":{"rendered":"\n<h3 class=\"wp-block-heading\">Carles Peris dice que \u201cno se pueden menoscabar los derechos leg\u00edtimos de quienes han desarrollado una actividad agraria l\u00edcita y necesaria para el equilibrio rural y ambiental del territorio\u201d.<\/h3>\n\n\n\n<p>La Uni\u00f3 Llauradora ha solicitado al Ministerio para la Transici\u00f3n Ecol\u00f3gica y el Reto Demogr\u00e1fico (MITECO) que resuelva los problemas ocasionados a los agricultores afectados por el cambio de calificaci\u00f3n de parcelas agr\u00edcolas al Dominio P\u00fablico Hidr\u00e1ulico tras la dana 2024 en la Comunitat Valenciana.<br>La organizaci\u00f3n traslada que numerosas parcelas con actividad agraria consolidada, algunas con derechos reconocidos dentro de la PAC y otras incluso con autorizaciones de riego, van a ser incorporadas a la nueva delimitaci\u00f3n de DPH como resultado de la alteraci\u00f3n f\u00edsica de cauces y barrancos tras el evento clim\u00e1tico, lo que les causa un enorme impacto econ\u00f3mico y jur\u00eddico.<br>Ante esta situaci\u00f3n, demanda al Ministerio una compensaci\u00f3n econ\u00f3mica justa y proporcional que tenga en cuenta el valor patrimonial del suelo, la p\u00e9rdida de capacidad productiva y el perjuicio econ\u00f3mico generado.<br>Tambi\u00e9n solicita la conservaci\u00f3n de derechos agrarios para su reactivaci\u00f3n futura, es decir, que los derechos de ayuda directa de la PAC vinculados a superficies hoy desaparecidas o inutilizables se mantengan a nombre del agricultor o ganadero afectado, pudiendo ser activados sobre otras superficies agrarias que adquiera o arriende en el futuro. Y para el caso de parcelas con derechos de plantaci\u00f3n de vi\u00f1edo, que dichos derechos se conserven igualmente en propiedad del agricultor afectado, sin p\u00e9rdida de validez, y se habilite su activaci\u00f3n sobre otras superficies vit\u00edcolas.<br>En relaci\u00f3n con el riego, le pide que se respeten los derechos preexistentes, permitiendo su traspaso a nuevas parcelas de sustituci\u00f3n. Para los casos en que existiera autorizaci\u00f3n de uso de pozo individual que se facilite una nueva autorizaci\u00f3n equivalente para el uso en la nueva ubicaci\u00f3n.<br>La Uni\u00f3 tambi\u00e9n reclama mayor claridad administrativa y jur\u00eddica. En este sentido, insta al Ministerio dirigido por Sara Agaasen que se garantice la incorporaci\u00f3n actualizada de las nuevas delimitaciones del DPH al visor SIGPAC, de forma que los agricultores puedan conocer de forma sencilla y transparente la situaci\u00f3n legal de sus parcelas. Tambi\u00e9n que se asegure la informaci\u00f3n previa individualizada y la posibilidad de consulta y alegaci\u00f3n.<br>Para Carles Peris, secretario general de La Uni\u00f3 \u201cLa situaci\u00f3n generada por la DANA ha ocasionado una modificaci\u00f3n f\u00edsica de la red h\u00eddrica que debe ser abordada con criterios de equidad, proporcionalidad y colaboraci\u00f3n institucional, sin menoscabar los derechos leg\u00edtimos de quienes, durante d\u00e9cadas, han desarrollado una actividad agraria l\u00edcita y necesaria para el equilibrio rural y ambiental del territorio\u201d.<br>La Uni\u00f3 ya hab\u00eda trasladado todas estas peticiones en la reuni\u00f3n mantenida el pasado 27 de junio con el presidente de la Confederaci\u00f3n Hidrogr\u00e1fica del J\u00facar y la comisar\u00eda de Aguas.<\/p>\n\n\n\n<figure class=\"wp-block-image size-large\"><img loading=\"lazy\" decoding=\"async\" width=\"1024\" height=\"769\" src=\"https:\/\/www.tucomarca.com\/wordpress\/segunda\/wp-content\/uploads\/2025\/07\/UnioDana1-1024x769.jpeg\" alt=\"\" class=\"wp-image-273114\" srcset=\"https:\/\/www.tucomarca.com\/wordpress\/segunda\/wp-content\/uploads\/2025\/07\/UnioDana1-1024x769.jpeg 1024w, https:\/\/www.tucomarca.com\/wordpress\/segunda\/wp-content\/uploads\/2025\/07\/UnioDana1-300x225.jpeg 300w, https:\/\/www.tucomarca.com\/wordpress\/segunda\/wp-content\/uploads\/2025\/07\/UnioDana1-768x576.jpeg 768w, https:\/\/www.tucomarca.com\/wordpress\/segunda\/wp-content\/uploads\/2025\/07\/UnioDana1-1536x1153.jpeg 1536w, https:\/\/www.tucomarca.com\/wordpress\/segunda\/wp-content\/uploads\/2025\/07\/UnioDana1-678x509.jpeg 678w, https:\/\/www.tucomarca.com\/wordpress\/segunda\/wp-content\/uploads\/2025\/07\/UnioDana1-326x245.jpeg 326w, https:\/\/www.tucomarca.com\/wordpress\/segunda\/wp-content\/uploads\/2025\/07\/UnioDana1-80x60.jpeg 80w, https:\/\/www.tucomarca.com\/wordpress\/segunda\/wp-content\/uploads\/2025\/07\/UnioDana1.jpeg 1600w\" sizes=\"auto, (max-width: 1024px) 100vw, 1024px\" \/><\/figure>\n","protected":false},"excerpt":{"rendered":"<div class=\"mh-excerpt\">Carles Peris dice que \u201cno se pueden menoscabar los derechos leg\u00edtimos de quienes han desarrollado una actividad agraria l\u00edcita y necesaria para el equilibrio rural y ambiental del territorio\u201d. La Uni\u00f3 Llauradora ha solicitado al <a class=\"mh-excerpt-more\" href=\"https:\/\/www.tucomarca.com\/wordpress\/segunda\/la-unio-pide-al-miteco-una-compensacion-justa-para-los-agricultores-afectados-tras-la-dana-por-el-cambio-de-sus-parcelas-a-dominio-publico-hidraulico\/\" title=\"La Uni\u00f3 pide al MITECO una compensaci\u00f3n justa para los agricultores afectados tras la DANA por el cambio de sus parcelas a Dominio P\u00fablico Hidr\u00e1ulico\">[+] <\/a><\/div>\n","protected":false},"author":12,"featured_media":273116,"comment_status":"open","ping_status":"open","sticky":false,"template":"","format":"standard","meta":{"footnotes":""},"categories":[21465,128,8,72,117,142,3,116,45],"tags":[12831,18020,18021],"class_list":{"0":"post-273111","1":"post","2":"type-post","3":"status-publish","4":"format-standard","5":"has-post-thumbnail","7":"category-dana","8":"category-infraestructuras","9":"category-la-comarca","10":"category-sin-categorizar","11":"category-medio-ambiente-la-comarca","12":"category-politica-la-comarca","13":"category-seccion","14":"category-sucesos-la-comarca","15":"category-ventana","16":"tag-dana-2","17":"tag-la-unio-llauradora","18":"tag-miteco"},"_links":{"self":[{"href":"https:\/\/www.tucomarca.com\/wordpress\/segunda\/wp-json\/wp\/v2\/posts\/273111","targetHints":{"allow":["GET"]}}],"collection":[{"href":"https:\/\/www.tucomarca.com\/wordpress\/segunda\/wp-json\/wp\/v2\/posts"}],"about":[{"href":"https:\/\/www.tucomarca.com\/wordpress\/segunda\/wp-json\/wp\/v2\/types\/post"}],"author":[{"embeddable":true,"href":"https:\/\/www.tucomarca.com\/wordpress\/segunda\/wp-json\/wp\/v2\/users\/12"}],"replies":[{"embeddable":true,"href":"https:\/\/www.tucomarca.com\/wordpress\/segunda\/wp-json\/wp\/v2\/comments?post=273111"}],"version-history":[{"count":0,"href":"https:\/\/www.tucomarca.com\/wordpress\/segunda\/wp-json\/wp\/v2\/posts\/273111\/revisions"}],"wp:featuredmedia":[{"embeddable":true,"href":"https:\/\/www.tucomarca.com\/wordpress\/segunda\/wp-json\/wp\/v2\/media\/273116"}],"wp:attachment":[{"href":"https:\/\/www.tucomarca.com\/wordpress\/segunda\/wp-json\/wp\/v2\/media?parent=273111"}],"wp:term":[{"taxonomy":"category","embeddable":true,"href":"https:\/\/www.tucomarca.com\/wordpress\/segunda\/wp-json\/wp\/v2\/categories?post=273111"},{"taxonomy":"post_tag","embeddable":true,"href":"https:\/\/www.tucomarca.com\/wordpress\/segunda\/wp-json\/wp\/v2\/tags?post=273111"}],"curies":[{"name":"wp","href":"https:\/\/api.w.org\/{rel}","templated":true}]}}