{"id":273134,"date":"2025-07-22T12:55:00","date_gmt":"2025-07-22T10:55:00","guid":{"rendered":"https:\/\/www.tucomarca.com\/wordpress\/segunda\/?p=273134"},"modified":"2025-07-22T18:57:47","modified_gmt":"2025-07-22T16:57:47","slug":"la-diputacio-de-valencia-presenta-en-la-mancomunidad-hoya-de-bunol-chiva-la-plataforma-conecta-valencia","status":"publish","type":"post","link":"https:\/\/www.tucomarca.com\/wordpress\/segunda\/la-diputacio-de-valencia-presenta-en-la-mancomunidad-hoya-de-bunol-chiva-la-plataforma-conecta-valencia\/","title":{"rendered":"La Diputaci\u00f3 de Val\u00e8ncia presenta en la Mancomunidad Hoya de Bu\u00f1ol Chiva la plataforma \u00abConecta Valencia\u00bb"},"content":{"rendered":"\n<h3 class=\"wp-block-heading\">Una herramienta inteligente de gesti\u00f3n y consulta de datos abierta a la ciudadan\u00eda.<\/h3>\n\n\n\n<p>La Diputaci\u00f3n de Valencia ha presentado hoy, en la sede de la Mancomunidad Hoya de Bu\u00f1ol Chiva, su plataforma&nbsp;<em>Conecta Valencia<\/em>, una soluci\u00f3n tecnol\u00f3gica que permite el acceso directo a datos en tiempo real recogidos por una amplia red de sensores distribuidos por toda la provincia.<\/p>\n\n\n\n<p>Desarrollada por la C\u00e1tedra de Territorios Inteligentes y Sostenibles de la Universitat de Val\u00e8ncia, vinculada al Instituto de Investigaci\u00f3n de esta instituci\u00f3n,&nbsp;<em>Conecta Valencia<\/em>&nbsp;ofrece informaci\u00f3n sobre aspectos relacionados con la movilidad, la calidad del aire, el ruido ambiental, la meteorolog\u00eda (temperatura, presi\u00f3n atmosf\u00e9rica, entre otros), el consumo de agua o el uso de aparcamientos.<\/p>\n\n\n\n<p>El objetivo de esta plataforma es doble: por un lado, facilitar la difusi\u00f3n de herramientas digitales accesibles y \u00fatiles tanto para administraciones p\u00fablicas como para la ciudadan\u00eda; y por otro, facilitar datos que permitan la toma de decisiones &nbsp;<\/p>\n\n\n\n<p><em>Conecta Valencia<\/em>&nbsp;presenta sus datos en dos niveles: uno p\u00fablico, abierto a cualquier persona interesada, y otro privado, destinado a gestores municipales o entidades con funciones espec\u00edficas. Conecta Valencia ofrece un volumen importante de informaci\u00f3n \u00fatil.<\/p>\n\n\n\n<p>Para&nbsp; Toni D\u00edaz, presidente de la Mancomunidad Hoya de Bu\u00f1ol Chiva, contar con esta herramienta supone dar un paso adelante en el acceso a informaci\u00f3n y en tiempo real, mejorando capacidad de adoptar decisiones apoyadas y contrastadas por datos.<\/p>\n\n\n\n<p>Esta iniciativa se enmarca en la apuesta de la Diputaci\u00f3n de Valencia por un territorio inteligente, conectado y sostenible, que aprovecha la tecnolog\u00eda para mejorar la calidad de vida de las personas y la eficiencia en la gesti\u00f3n p\u00fablica.<\/p>\n","protected":false},"excerpt":{"rendered":"<div class=\"mh-excerpt\">Una herramienta inteligente de gesti\u00f3n y consulta de datos abierta a la ciudadan\u00eda. La Diputaci\u00f3n de Valencia ha presentado hoy, en la sede de la Mancomunidad Hoya de Bu\u00f1ol Chiva, su plataforma&nbsp;Conecta Valencia, una soluci\u00f3n <a class=\"mh-excerpt-more\" href=\"https:\/\/www.tucomarca.com\/wordpress\/segunda\/la-diputacio-de-valencia-presenta-en-la-mancomunidad-hoya-de-bunol-chiva-la-plataforma-conecta-valencia\/\" title=\"La Diputaci\u00f3 de Val\u00e8ncia presenta en la Mancomunidad Hoya de Bu\u00f1ol Chiva la plataforma \u00abConecta Valencia\u00bb\">[+] <\/a><\/div>\n","protected":false},"author":13,"featured_media":273135,"comment_status":"open","ping_status":"open","sticky":false,"template":"","format":"standard","meta":{"footnotes":""},"categories":[128,8,10,142,3,11],"tags":[20938,5952,10780],"class_list":{"0":"post-273134","1":"post","2":"type-post","3":"status-publish","4":"format-standard","5":"has-post-thumbnail","7":"category-infraestructuras","8":"category-la-comarca","9":"category-la-hoya","10":"category-politica-la-comarca","11":"category-seccion","12":"category-yatova","13":"tag-la-diputacio-de-valencia","14":"tag-la-hoya-de-bunol-chiva","15":"tag-mancomunidad-hoya-de-bunol-chiva"},"_links":{"self":[{"href":"https:\/\/www.tucomarca.com\/wordpress\/segunda\/wp-json\/wp\/v2\/posts\/273134","targetHints":{"allow":["GET"]}}],"collection":[{"href":"https:\/\/www.tucomarca.com\/wordpress\/segunda\/wp-json\/wp\/v2\/posts"}],"about":[{"href":"https:\/\/www.tucomarca.com\/wordpress\/segunda\/wp-json\/wp\/v2\/types\/post"}],"author":[{"embeddable":true,"href":"https:\/\/www.tucomarca.com\/wordpress\/segunda\/wp-json\/wp\/v2\/users\/13"}],"replies":[{"embeddable":true,"href":"https:\/\/www.tucomarca.com\/wordpress\/segunda\/wp-json\/wp\/v2\/comments?post=273134"}],"version-history":[{"count":0,"href":"https:\/\/www.tucomarca.com\/wordpress\/segunda\/wp-json\/wp\/v2\/posts\/273134\/revisions"}],"wp:featuredmedia":[{"embeddable":true,"href":"https:\/\/www.tucomarca.com\/wordpress\/segunda\/wp-json\/wp\/v2\/media\/273135"}],"wp:attachment":[{"href":"https:\/\/www.tucomarca.com\/wordpress\/segunda\/wp-json\/wp\/v2\/media?parent=273134"}],"wp:term":[{"taxonomy":"category","embeddable":true,"href":"https:\/\/www.tucomarca.com\/wordpress\/segunda\/wp-json\/wp\/v2\/categories?post=273134"},{"taxonomy":"post_tag","embeddable":true,"href":"https:\/\/www.tucomarca.com\/wordpress\/segunda\/wp-json\/wp\/v2\/tags?post=273134"}],"curies":[{"name":"wp","href":"https:\/\/api.w.org\/{rel}","templated":true}]}}