{"id":273191,"date":"2025-07-23T08:00:00","date_gmt":"2025-07-23T06:00:00","guid":{"rendered":"https:\/\/www.tucomarca.com\/wordpress\/segunda\/?p=273191"},"modified":"2025-07-23T11:20:22","modified_gmt":"2025-07-23T09:20:22","slug":"el-circo-valenciano-toma-las-calles-las-plazas-y-la-playa-en-la-42-edicion-de-sagunt-a-escena","status":"publish","type":"post","link":"https:\/\/www.tucomarca.com\/wordpress\/segunda\/el-circo-valenciano-toma-las-calles-las-plazas-y-la-playa-en-la-42-edicion-de-sagunt-a-escena\/","title":{"rendered":"El circo valenciano toma las calles, las plazas y la playa en la 42 edici\u00f3n de Sagunt a Escena"},"content":{"rendered":"\n<h3 class=\"wp-block-heading\">El Off Rom\u00e0 vuelve a ser la apuesta del festival por acercar las artes esc\u00e9nicas al espacio p\u00fablico y a todos los p\u00fablicos.<\/h3>\n\n\n\n<h3 class=\"wp-block-heading\">El pantal\u00e1n de Puerto de Sagunto se incorpora como nuevo escenario con la representaci\u00f3n de \u2018Pilots\u2019 de La Finestra Nou Circ.<\/h3>\n\n\n\n<p>El festival Sagunt a Escena, organizado por la Conselleria de Educaci\u00f3n, Cultura, Universidades y Empleo a trav\u00e9s del Institut Valenci\u00e0 de Cultura (IVC), contin\u00faa con su vocaci\u00f3n de extender su programaci\u00f3n m\u00e1s all\u00e1 del Teatre Rom\u00e0 a trav\u00e9s de Off Rom\u00e0, la secci\u00f3n paralela dedicada al teatro de calle, el teatro gestual, la m\u00fasica y el circo.&nbsp;<\/p>\n\n\n\n<p>Este a\u00f1o, el circo adquiere especial protagonismo con cuatro espect\u00e1culos de compa\u00f1\u00edas valencianas, todos ellos gratuitos, que convertir\u00e1n Sagunt y Port de Sagunt en un gran escenario al aire libre.&nbsp;<\/p>\n\n\n\n<p>\u201cCon una clara orientaci\u00f3n popular, Off Rom\u00e0 pretende acercar las propuestas al entorno cotidiano de la ciudadan\u00eda, haciendo de plazas, calles y espacios singulares puntos de encuentro con el circo contempor\u00e1neo. En este caso, todas las propuestas que se presentan son de origen valenciano, convirtiendo as\u00ed Sagunt a Escena en otra plataforma de IVC Artes Esc\u00e9nicas de apoyo y visibilizaci\u00f3n de nuestra creaci\u00f3n\u201d, ha destacado la directora del festival, Mar\u00eda Jos\u00e9 Mora.&nbsp;<\/p>\n\n\n\n<p>El recorrido circense comienza el 2 de agosto en un nuevo emplazamiento dentro de Off Rom\u00e0, el Pantal\u00e1n de Puerto de Sagunto, con el espect\u00e1culo \u2018Pilots\u2019 de La Finestra Nou Circ, una carrera de bicicletas exc\u00e9ntricas protagonizada por una troupe de payasos.&nbsp;<\/p>\n\n\n\n<p>Se trata de un espect\u00e1culo itinerante que combina acrobacias, malabares y participaci\u00f3n del p\u00fablico con un tono humor\u00edstico y festivo. La pieza ha sido galardonada con el Premio FETEN 2025 al mejor espect\u00e1culo itinerante, premio que consolida el trabajo de esta compa\u00f1\u00eda dentro del panorama estatal.<br>El 7 de agosto, en la Glorieta, ser\u00e1 el turno de \u2018Eiren\u00ea, bajo la carpa del cielo\u2019 de La Troupe Malab\u00f3, una met\u00e1fora po\u00e9tica sobre la paz en tiempos de guerra contada a trav\u00e9s del lenguaje del circo, la m\u00fasica y el humor. La pieza, dirigida por Marisa Ib\u00e1\u00f1ez y Sergio Chaves, sit\u00faa a sus personajes en un contexto b\u00e9lico desde el que siguen luchando por llevar el arte a los dem\u00e1s, bajo una gran carpa simb\u00f3lica que representa al cielo como refugio y esperanza.<\/p>\n\n\n\n<p><strong>Humor para abordar la muerte y el paso del tiempo&nbsp;<\/strong><\/p>\n\n\n\n<p>Le seguir\u00e1, el 9 de agosto en el Centro C\u00edvico, \u00a1\u2018Vitae\u2019 de XA! Teatre, un espect\u00e1culo de teatro-circo dirigido por Jordi Collado que reflexiona sobre el paso del tiempo a trav\u00e9s del cuerpo, el gesto y el humor visual. Una creaci\u00f3n vitalista que recuerda al espectador la fugacidad de la vida con sensibilidad y humor.<\/p>\n\n\n\n<p>Finalmente, el 14 de agosto en la plaza Antiga Moreria, el Off Rom\u00e0 cerrar\u00e1 su apuesta circense con \u2018B.O.B.A.S.\u2019 de la compa\u00f1\u00eda Jimena Cavalletti, una hilarante comedia musical en clave de circo que fue reconocida tanto con el Premio al Mejor Espect\u00e1culo de Calle en FET\u00c9N 2024 como con el de Mejor Espect\u00e1culo en el festival Umore Azoka de Leioa por su \u00abextraordinario trabajo de clown con el que consiguen una obra irreverente, atrevida y provocadora, generando una gran implicaci\u00f3n y complicidad con el p\u00fablico\u00bb.<\/p>\n\n\n\n<p>Tres m\u00fasicas se preparan para un entierro, pero ni el cura ni el muerto aparecen. Durante la espera, la ceremonia se convierte en un divertido caos, con situaciones absurdas y desastrosas, siempre acompa\u00f1adas de ritmo, caja, bombo y platillo.<\/p>\n\n\n\n<p>\u201cCon esta programaci\u00f3n, Sagunt a Escena refuerza su compromiso con la creaci\u00f3n valenciana y con una forma de hacer teatro que rompe barreras, transforma el espacio p\u00fablico y acerca la emoci\u00f3n del directo a p\u00fablicos heterog\u00e9neos\u201d, describe Mora.&nbsp;<\/p>\n\n\n\n<p>Sagunt a Escena es un festival organizado por el Institut Valenci\u00e0 de Cultura con la colaboraci\u00f3n del Ayuntamiento de Sagunto y el \u00e1rea de teatros de la Diputaci\u00f3 de Val\u00e8ncia. En su 42 edici\u00f3n, se celebra del 31 de julio al 23 de agosto de 2024 en el Teatro Romano y otros espacios de Sagunto.<\/p>\n","protected":false},"excerpt":{"rendered":"<div class=\"mh-excerpt\">El Off Rom\u00e0 vuelve a ser la apuesta del festival por acercar las artes esc\u00e9nicas al espacio p\u00fablico y a todos los p\u00fablicos. El pantal\u00e1n de Puerto de Sagunto se incorpora como nuevo escenario con <a class=\"mh-excerpt-more\" href=\"https:\/\/www.tucomarca.com\/wordpress\/segunda\/el-circo-valenciano-toma-las-calles-las-plazas-y-la-playa-en-la-42-edicion-de-sagunt-a-escena\/\" title=\"El circo valenciano toma las calles, las plazas y la playa en la 42 edici\u00f3n de Sagunt a Escena\">[+] <\/a><\/div>\n","protected":false},"author":13,"featured_media":273193,"comment_status":"open","ping_status":"open","sticky":false,"template":"","format":"standard","meta":{"footnotes":""},"categories":[4,72,7,3,45],"tags":[13272,17757,2142,15855],"class_list":{"0":"post-273191","1":"post","2":"type-post","3":"status-publish","4":"format-standard","5":"has-post-thumbnail","7":"category-agenda","8":"category-sin-categorizar","9":"category-ocio-y-cultura","10":"category-seccion","11":"category-ventana","12":"tag-institut-valencia-de-cultura","13":"tag-ivc","14":"tag-la-comunitat","15":"tag-ocio-y-cultura"},"_links":{"self":[{"href":"https:\/\/www.tucomarca.com\/wordpress\/segunda\/wp-json\/wp\/v2\/posts\/273191","targetHints":{"allow":["GET"]}}],"collection":[{"href":"https:\/\/www.tucomarca.com\/wordpress\/segunda\/wp-json\/wp\/v2\/posts"}],"about":[{"href":"https:\/\/www.tucomarca.com\/wordpress\/segunda\/wp-json\/wp\/v2\/types\/post"}],"author":[{"embeddable":true,"href":"https:\/\/www.tucomarca.com\/wordpress\/segunda\/wp-json\/wp\/v2\/users\/13"}],"replies":[{"embeddable":true,"href":"https:\/\/www.tucomarca.com\/wordpress\/segunda\/wp-json\/wp\/v2\/comments?post=273191"}],"version-history":[{"count":0,"href":"https:\/\/www.tucomarca.com\/wordpress\/segunda\/wp-json\/wp\/v2\/posts\/273191\/revisions"}],"wp:featuredmedia":[{"embeddable":true,"href":"https:\/\/www.tucomarca.com\/wordpress\/segunda\/wp-json\/wp\/v2\/media\/273193"}],"wp:attachment":[{"href":"https:\/\/www.tucomarca.com\/wordpress\/segunda\/wp-json\/wp\/v2\/media?parent=273191"}],"wp:term":[{"taxonomy":"category","embeddable":true,"href":"https:\/\/www.tucomarca.com\/wordpress\/segunda\/wp-json\/wp\/v2\/categories?post=273191"},{"taxonomy":"post_tag","embeddable":true,"href":"https:\/\/www.tucomarca.com\/wordpress\/segunda\/wp-json\/wp\/v2\/tags?post=273191"}],"curies":[{"name":"wp","href":"https:\/\/api.w.org\/{rel}","templated":true}]}}