{"id":273291,"date":"2025-07-23T10:41:00","date_gmt":"2025-07-23T08:41:00","guid":{"rendered":"https:\/\/www.tucomarca.com\/wordpress\/segunda\/?p=273291"},"modified":"2025-07-23T19:54:59","modified_gmt":"2025-07-23T17:54:59","slug":"la-diputacio-destinara-206-millones-de-euros-a-los-municipios-afectados-por-la-dana-para-contratacion-de-personal-y-compra-de-mobiliario-urbano","status":"publish","type":"post","link":"https:\/\/www.tucomarca.com\/wordpress\/segunda\/la-diputacio-destinara-206-millones-de-euros-a-los-municipios-afectados-por-la-dana-para-contratacion-de-personal-y-compra-de-mobiliario-urbano\/","title":{"rendered":"La Diputaci\u00f3 destinar\u00e1 20,6 millones de euros a los municipios afectados por la DANA para contrataci\u00f3n de personal y compra de mobiliario urbano\u00a0"},"content":{"rendered":"\n<h3 class=\"wp-block-heading\">El pleno de la corporaci\u00f3n provincial ha dado luz verde a unas ayudas que otorgar\u00e1n 100.000 euros a cada ayuntamiento para contratar t\u00e9cnicos municipales y otros 100.000 para se\u00f1alizaci\u00f3n y suministros urbanos.<\/h3>\n\n\n\n<h3 class=\"wp-block-heading\">Durante la sesi\u00f3n tambi\u00e9n se ha aprobado la adhesi\u00f3n de la Diputaci\u00f3 a la l\u00ednea espec\u00edfica del Fondo de Cooperaci\u00f3n Municipal para municipios tur\u00edsticos de la Comunidad Valenciana en 2025, dotada con un presupuesto de 1,8 millones de euros.<\/h3>\n\n\n\n<p>La Diputaci\u00f3 de Val\u00e8ncia ha aprobado durante el pleno del mes de julio celebrado este mi\u00e9rcoles dos cr\u00e9ditos extraordinarios que incrementar\u00e1n hasta los 20,6 millones de euros las ayudas a los 103 ayuntamientos afectados por la DANA, destinadas tanto a la contrataci\u00f3n de personal y como a la adquisici\u00f3n de mobiliario urbano que no ha sido previamente subvencionado. De este modo, cada ayuntamiento recibir\u00e1 un total de 200.000 euros, 100.000 por cada concepto.<\/p>\n\n\n\n<p>La mayor\u00eda de los grupos pol\u00edticos de la corporaci\u00f3n provincial han aprobado una modificaci\u00f3n presupuestaria que, por un lado, incrementa en 4 millones de euros la partida de 6,3 millones de ayudas directas para que los ayuntamientos recogidos en el decreto de la Generalitat, en el que se incluyen 103 municipios de la provincia (28 municipios m\u00e1s que en el del Gobierno central), puedan contratar personal.&nbsp;<\/p>\n\n\n\n<p>Estas localidades contar\u00e1n, as\u00ed, con 100.000 euros (10,3 millones de euros en total) para incorporar a t\u00e9cnicos municipales con el objetivo final de contribuir a la recuperaci\u00f3n de las obras y servicios de competencia municipal afectados por la riada. \u201cLo que pretendemos con estas ayudas es reforzar la capacidad de los servicios t\u00e9cnicos de unos pueblos que se han visto desbordados, y que por s\u00ed solos no son capaces de gestionar y tramitar todos los expedientes&nbsp;necesarios para acometer las obras necesarias y poder volver cuanto antes a la normalidad\u201d, ha afirmado el diputado de Asistencia T\u00e9cnica a Municipios, Ricardo Gabald\u00f3n.<\/p>\n\n\n\n<p>Los profesionales contratados con el dinero de esta ayuda deber\u00e1n dedicarse a desarrollar trabajos que est\u00e9n directamente relacionados con: la recuperaci\u00f3n de infraestructuras y bienes de titularidad p\u00fablica da\u00f1ados por la dana; el estudio y planificaci\u00f3n de nuevas infraestructuras municipales resilientes; y\/o el refuerzo directo de los servicios t\u00e9cnicos municipales durante los periodos de gesti\u00f3n de la emergencia y recuperaci\u00f3n.<\/p>\n\n\n\n<p>Igualmente, se ha dado luz verde al aumento de 4 millones de euros de la l\u00ednea de ayudas, que ya estaba dotada con 6,3 millones de euros, destinada a la adquisici\u00f3n de mobiliario urbano. Se trata de otros 100.000 euros (10,3 millones en total) con los que podr\u00e1n contar cada localidad afectada por la dana, con el fin de renovar e incorporar se\u00f1alizaci\u00f3n y suministros que, hasta este momento, no estaban cubiertos por ninguna subvenci\u00f3n auton\u00f3mica ni estatal.<\/p>\n\n\n\n<p><strong>Modificaci\u00f3n RPT<\/strong><\/p>\n\n\n\n<p>El pleno de la Diputaci\u00f3 ha aprobado una modificaci\u00f3n de la Relaci\u00f3n de Puestos de Trabajo, concebida, en palabras de la diputada de Personal, Reme Mazzolari, \u201cpara homogeneizar y objetivizar una RPT que necesitaba una revisi\u00f3n a fondo\u201d y ha recordado que \u201cel propio informe del Control Financiero Permanente del \u00e1rea alerta de que su rigidez estaba originando un elevado consumo de recursos e importantes retrasos en los procesos de provisi\u00f3n de puestos\u201d.<\/p>\n\n\n\n<p>Mazzolari ha explicado que la modificaci\u00f3n aprobada supone la reestructuraci\u00f3n del servicio de Personal, que se redistribuye en tres departamentos: organizaci\u00f3n econ\u00f3mica; desarrollo del plan estrat\u00e9gico; y operatividad y gesti\u00f3n.&nbsp;<\/p>\n\n\n\n<p>Asimismo, se&nbsp; crea el \u00e1rea de Asuntos Taurinos y se refuerza el departamento de Gesti\u00f3n Tributaria, \u201cque supone un apoyo fundamental a los ayuntamientos en materia de recaudaci\u00f3n\u201d, ha concluido la vicepresidenta segunda, que ha recordado que \u201ccada vez son m\u00e1s las delegaciones tributarias por parte de diversos municipios, lo que incrementa notablemente la carga de trabajo, y no podemos permitirnos que el servicio se vea afectado\u201d.<\/p>\n\n\n\n<p><strong>Otras medidas aprobadas<\/strong><\/p>\n\n\n\n<p>Adem\u00e1s, la sesi\u00f3n plenaria de julio tambi\u00e9n ha aprobado, por unanimidad, la adhesi\u00f3n de la Diputaci\u00f3 de Val\u00e8ncia a la l\u00ednea espec\u00edfica del Fondo de Cooperaci\u00f3n Municipal para municipios tur\u00edsticos de la Comunidad Valenciana en 2025, dotada con un presupuesto de 1,8 millones de euros. Esta cantidad se distribuir\u00e1 entre los 19 municipios de la provincia de Valencia que tienen la consideraci\u00f3n de municipio tur\u00edstico, y que adem\u00e1s tienen menos de 100.000 habitantes.<\/p>\n\n\n\n<p>Adem\u00e1s, se ha aprobado una moci\u00f3n para el impulso del Plan Director del Barranco del Carraixet. Territorio Carraixet, de la Diputaci\u00f3 de Val\u00e8ncia, y una proposici\u00f3n que tiene como objetivo revalidar y actualizar la declaraci\u00f3n de emergencia clim\u00e1tica.&nbsp;<\/p>\n\n\n\n<p>Asimismo, ha salido adelante una moci\u00f3n para instar a la Confederaci\u00f3n Hidrogr\u00e1fica del J\u00facar a la limpieza y retirada de troncos en los embalses de Benag\u00e9ber y Forata, as\u00ed como la proposici\u00f3n de reforma de la Ley Electoral Valenciana.<\/p>\n\n\n\n<p>Por otro lado, el pleno ha aprobado una moci\u00f3n para instar al Consorcio Provincial de Bomberos a \u201cimplementar la dotaci\u00f3n presupuestaria para el cumplimiento del preacuerdo firmado en marzo de 2025, especialmente en lo relativo al aumento de efectivos operativos\u201d, adem\u00e1s de otros aspectos como el impulso de una auditor\u00eda externa sobre la entidad. En este caso, el Interventor de la corporaci\u00f3n ha aclarado que \u201ceso supondr\u00eda un sobrecoste de 9 millones de euros, por lo que no se podr\u00eda cumplir\u201d y el presidente del Consorcio, Avelino Mascarell ha anunciado que en la pr\u00f3xima Asamblea de la entidad, prevista para la semana pr\u00f3xima, se ampliar\u00e1 la plantilla con 19 plazas de nueva creaci\u00f3n.<\/p>\n\n\n\n<p>Tambi\u00e9n referente al Consorcio, el pleno ha sacado adelante una moci\u00f3n para la reprobaci\u00f3n de sus anteriores dirigentes Maria Josep Amig\u00f3 y Josep Bort, por su gesti\u00f3n al frente de la entidad; as\u00ed como a la diputada Dolors Gimeno, por \u201cdivulgaci\u00f3n de informaci\u00f3n falsa en el pleno, redes y medios que puede crear alarma social\u201d. Con anterioridad a estas votaciones, los diputados de los grupos pol\u00edticos PSPV-PSOE y Comprom\u00eds han abandonado el Sal\u00f3n de Plenos en se\u00f1al de protesta.<\/p>\n","protected":false},"excerpt":{"rendered":"<div class=\"mh-excerpt\">El pleno de la corporaci\u00f3n provincial ha dado luz verde a unas ayudas que otorgar\u00e1n 100.000 euros a cada ayuntamiento para contratar t\u00e9cnicos municipales y otros 100.000 para se\u00f1alizaci\u00f3n y suministros urbanos. Durante la sesi\u00f3n <a class=\"mh-excerpt-more\" href=\"https:\/\/www.tucomarca.com\/wordpress\/segunda\/la-diputacio-destinara-206-millones-de-euros-a-los-municipios-afectados-por-la-dana-para-contratacion-de-personal-y-compra-de-mobiliario-urbano\/\" title=\"La Diputaci\u00f3 destinar\u00e1 20,6 millones de euros a los municipios afectados por la DANA para contrataci\u00f3n de personal y compra de mobiliario urbano\u00a0\">[+] <\/a><\/div>\n","protected":false},"author":1,"featured_media":273292,"comment_status":"open","ping_status":"open","sticky":false,"template":"","format":"standard","meta":{"footnotes":""},"categories":[21465,128,8,72,117,142,3,116,45],"tags":[12831,3677,2142],"class_list":{"0":"post-273291","1":"post","2":"type-post","3":"status-publish","4":"format-standard","5":"has-post-thumbnail","7":"category-dana","8":"category-infraestructuras","9":"category-la-comarca","10":"category-sin-categorizar","11":"category-medio-ambiente-la-comarca","12":"category-politica-la-comarca","13":"category-seccion","14":"category-sucesos-la-comarca","15":"category-ventana","16":"tag-dana-2","17":"tag-diputacio-de-valencia","18":"tag-la-comunitat"},"_links":{"self":[{"href":"https:\/\/www.tucomarca.com\/wordpress\/segunda\/wp-json\/wp\/v2\/posts\/273291","targetHints":{"allow":["GET"]}}],"collection":[{"href":"https:\/\/www.tucomarca.com\/wordpress\/segunda\/wp-json\/wp\/v2\/posts"}],"about":[{"href":"https:\/\/www.tucomarca.com\/wordpress\/segunda\/wp-json\/wp\/v2\/types\/post"}],"author":[{"embeddable":true,"href":"https:\/\/www.tucomarca.com\/wordpress\/segunda\/wp-json\/wp\/v2\/users\/1"}],"replies":[{"embeddable":true,"href":"https:\/\/www.tucomarca.com\/wordpress\/segunda\/wp-json\/wp\/v2\/comments?post=273291"}],"version-history":[{"count":0,"href":"https:\/\/www.tucomarca.com\/wordpress\/segunda\/wp-json\/wp\/v2\/posts\/273291\/revisions"}],"wp:featuredmedia":[{"embeddable":true,"href":"https:\/\/www.tucomarca.com\/wordpress\/segunda\/wp-json\/wp\/v2\/media\/273292"}],"wp:attachment":[{"href":"https:\/\/www.tucomarca.com\/wordpress\/segunda\/wp-json\/wp\/v2\/media?parent=273291"}],"wp:term":[{"taxonomy":"category","embeddable":true,"href":"https:\/\/www.tucomarca.com\/wordpress\/segunda\/wp-json\/wp\/v2\/categories?post=273291"},{"taxonomy":"post_tag","embeddable":true,"href":"https:\/\/www.tucomarca.com\/wordpress\/segunda\/wp-json\/wp\/v2\/tags?post=273291"}],"curies":[{"name":"wp","href":"https:\/\/api.w.org\/{rel}","templated":true}]}}