{"id":273963,"date":"2025-07-31T10:30:00","date_gmt":"2025-07-31T08:30:00","guid":{"rendered":"https:\/\/www.tucomarca.com\/wordpress\/segunda\/?p=273963"},"modified":"2025-07-31T19:07:26","modified_gmt":"2025-07-31T17:07:26","slug":"la-diputacio-de-valencia-reurbanizara-el-tramo-de-la-n-iii-que-da-acceso-a-utiel-por-el-este-desde-la-a-3","status":"publish","type":"post","link":"https:\/\/www.tucomarca.com\/wordpress\/segunda\/la-diputacio-de-valencia-reurbanizara-el-tramo-de-la-n-iii-que-da-acceso-a-utiel-por-el-este-desde-la-a-3\/","title":{"rendered":"La Diputaci\u00f3 de Val\u00e8ncia reurbanizar\u00e1 el tramo de la N-III que da acceso a Utiel por el este desde la A-3"},"content":{"rendered":"\n<h3 class=\"wp-block-heading\">Este jueves por la ma\u00f1ana, la diputada de Carreteras, Reme Mazzolari, junto alcalde de Utiel, Ricardo Gabald\u00f3n, han presentado el proyecto y han visitado la zona en la que se acometer\u00e1n las obras.\u00a0<\/h3>\n\n\n\n<h3 class=\"wp-block-heading\">La Junta de Gobierno de la instituci\u00f3n provincial dio luz verde a una subvenci\u00f3n en especie de cerca de 3 millones de euros para ejecutar las obras y que el tramo, considerado Camino de Inter\u00e9s Territorial, pase a titularidad municipal.<\/h3>\n\n\n\n<h3 class=\"wp-block-heading\">La zona de actuaci\u00f3n, de 1,2 kil\u00f3metros de longitud, presenta un considerable tr\u00e1fico de veh\u00edculos pesados e industriales, as\u00ed como diferentes accesos directos a viviendas, naves industriales y estaciones de servicio.<\/h3>\n\n\n\n<p>La Diputaci\u00f3n de Val\u00e8ncia, a trav\u00e9s del \u00e1rea de Carreteras, acometer\u00e1 la reurbanizaci\u00f3n integral del acceso a Utiel por el este, en el tramo de la carretera N-III comprendido entre la glorieta de conexi\u00f3n con la A-3, a trav\u00e9s de la salida 278, y el n\u00facleo urbano del municipio.<\/p>\n\n\n\n<p>Esta ma\u00f1ana, la diputada de Carreteras, Reme Mazzolari, junto alcalde de Utiel, Ricardo Gabald\u00f3n, han presentado el proyecto y han visitado la zona en la que se acometer\u00e1n las obras.&nbsp;<\/p>\n\n\n\n<figure class=\"wp-block-image size-large\"><img loading=\"lazy\" decoding=\"async\" width=\"1024\" height=\"666\" src=\"https:\/\/www.tucomarca.com\/wordpress\/segunda\/wp-content\/uploads\/2025\/07\/DipuUtielaccesoEste1-1024x666.jpg\" alt=\"\" class=\"wp-image-273965\" srcset=\"https:\/\/www.tucomarca.com\/wordpress\/segunda\/wp-content\/uploads\/2025\/07\/DipuUtielaccesoEste1-1024x666.jpg 1024w, https:\/\/www.tucomarca.com\/wordpress\/segunda\/wp-content\/uploads\/2025\/07\/DipuUtielaccesoEste1-300x195.jpg 300w, https:\/\/www.tucomarca.com\/wordpress\/segunda\/wp-content\/uploads\/2025\/07\/DipuUtielaccesoEste1-768x499.jpg 768w, https:\/\/www.tucomarca.com\/wordpress\/segunda\/wp-content\/uploads\/2025\/07\/DipuUtielaccesoEste1.jpg 1181w\" sizes=\"auto, (max-width: 1024px) 100vw, 1024px\" \/><\/figure>\n\n\n\n<p>La Junta de Gobierno de la instituci\u00f3n provincial aprobaba recientemente una subvenci\u00f3n en especie al ayuntamiento de Utiel valorada en 2.911.974 euros, que permitir\u00e1 que la Diputaci\u00f3n de Valencia lleve a cabo la licitaci\u00f3n y ejecuci\u00f3n de las obras de mejora de la antigua carretera N-III, actualmente de titularidad municipal.&nbsp;<\/p>\n\n\n\n<p>Mazzorali ha explicado que \u00abse ha optado por esta f\u00f3rmula, que ya se ha empleado en otras intervenciones, porque ya cont\u00e1bamos con un proyecto constructivo elaborado originalmente por el Ayuntamiento que ha sido actualizado recientemente por la Diputaci\u00f3n de Valencia\u00bb. \u00abIniciar un nuevo expediente -aclara Mazzolari- habr\u00eda supuesto retrasar una actuaci\u00f3n que es prioritaria en materia de seguridad, ya que se trata de una v\u00eda que presenta mucho tr\u00e1fico de veh\u00edculos pesados e industriales, y da acceso tanto a viviendas como naves industriales, talleres y gasolineras\u00bb.<\/p>\n\n\n\n<p>La diputada y vicepresidenta segunda de la instituci\u00f3n provincial subraya adem\u00e1s que \u201ceste proyecto no solo mejora la seguridad, sino que transforma el acceso a Utiel, dot\u00e1ndolo de una imagen renovada, accesible y adaptada a las necesidades actuales\u201d.<\/p>\n\n\n\n<p>En la misma l\u00ednea se ha pronunciado el alcalde de Utiel, Ricardo Gabald\u00f3n, quien se ha mostrado muy satisfecho ya que \u00bb se hace realidad uno de los principales objetivos de nuestro equipo de gobierno. Con la reurbanizaci\u00f3n del acceso este a Utiel damos soluci\u00f3n a uno de los puntos conflictivos en las comunicaciones por carretera que cada d\u00eda utilizan centenares de veh\u00edculos, muchos de ellos camiones y furgonetas de reparto, y adem\u00e1s mejoraremos totalmente la imagen de la entrada a nuestro municipio, convirti\u00e9ndose en la carta de presentaci\u00f3n de los visitantes que llegan a Utiel\u201d.<\/p>\n\n\n\n<p><strong>Dos v\u00edas de servicio y una glorieta<\/strong><\/p>\n\n\n\n<p>Las obras, que tienen un plazo previsto de 10 meses, se llevar\u00e1n a cabo en un tramo de 1,2 kil\u00f3metros de la antigua N-III, concretamente entre los puntos kilom\u00e9tricos 263+200 y 264+450 de la carretera.&nbsp;<\/p>\n\n\n\n<p>El proyecto prev\u00e9 la construcci\u00f3n de viales a ambos lados de la carretera, con una anchura de 4 metros, zonas de aparcamiento de 2,2 metros y aceras accesibles de hasta 2,5 metros. Con estas v\u00edas laterales se busca organizar mejor el tr\u00e1fico de entrada y salida a las parcelas colindantes -muchas de ellas de uso residencial, industrial o comercial-, evitando los actuales accesos directos a la carretera principal que generan situaciones de riesgo.<\/p>\n\n\n\n<p>Uno de los elementos clave de la intervenci\u00f3n es la creaci\u00f3n de una glorieta que sustituir\u00e1 la intersecci\u00f3n existente en el acceso este a Utiel, una intersecci\u00f3n en curva, con visibilidad reducida y m\u00faltiples ramales, considerada punto conflictivo en t\u00e9rminos de seguridad vial.<\/p>\n\n\n\n<p>En el \u00e1mbito del drenaje, se actuar\u00e1 sobre las ramblas del Tuerto y del Oeste. Para esta \u00faltima se construir\u00e1 un marco de hormig\u00f3n armado de 170 metros de longitud que conectar\u00e1 el Camino La L\u00e1mpara con la obra de drenaje bajo la N-III, evitando acumulaciones de agua en episodios de lluvia intensa. Adem\u00e1s, se ampliar\u00e1 la obra de paso en la Rambla del Tuerto y se renovar\u00e1n colectores, cunetas y sumideros en todo el tramo de actuaci\u00f3n.<\/p>\n\n\n\n<p>La obra incluye tambi\u00e9n la instalaci\u00f3n de nuevo alumbrado con tecnolog\u00eda LED; mientras que en materia de accesibilidad, incluir\u00e1 pasos peatonales accesibles, vados adaptados, pavimentos antideslizantes y plazas reservadas para personas con movilidad reducida.<\/p>\n","protected":false},"excerpt":{"rendered":"<div class=\"mh-excerpt\">Este jueves por la ma\u00f1ana, la diputada de Carreteras, Reme Mazzolari, junto alcalde de Utiel, Ricardo Gabald\u00f3n, han presentado el proyecto y han visitado la zona en la que se acometer\u00e1n las obras.\u00a0 La Junta <a class=\"mh-excerpt-more\" href=\"https:\/\/www.tucomarca.com\/wordpress\/segunda\/la-diputacio-de-valencia-reurbanizara-el-tramo-de-la-n-iii-que-da-acceso-a-utiel-por-el-este-desde-la-a-3\/\" title=\"La Diputaci\u00f3 de Val\u00e8ncia reurbanizar\u00e1 el tramo de la N-III que da acceso a Utiel por el este desde la A-3\">[+] <\/a><\/div>\n","protected":false},"author":12,"featured_media":273967,"comment_status":"open","ping_status":"open","sticky":false,"template":"","format":"standard","meta":{"footnotes":""},"categories":[128,8,117,142,27,3,116,29,45],"tags":[14214,3677,18420,10387,10389],"class_list":{"0":"post-273963","1":"post","2":"type-post","3":"status-publish","4":"format-standard","5":"has-post-thumbnail","7":"category-infraestructuras","8":"category-la-comarca","9":"category-medio-ambiente-la-comarca","10":"category-politica-la-comarca","11":"category-requena-utiel","12":"category-seccion","13":"category-sucesos-la-comarca","14":"category-utiel","15":"category-ventana","16":"tag-acceso-utiel-este","17":"tag-diputacio-de-valencia","18":"tag-obras-de-reurbanizacion","19":"tag-requena-utiel","20":"tag-utiel"},"_links":{"self":[{"href":"https:\/\/www.tucomarca.com\/wordpress\/segunda\/wp-json\/wp\/v2\/posts\/273963","targetHints":{"allow":["GET"]}}],"collection":[{"href":"https:\/\/www.tucomarca.com\/wordpress\/segunda\/wp-json\/wp\/v2\/posts"}],"about":[{"href":"https:\/\/www.tucomarca.com\/wordpress\/segunda\/wp-json\/wp\/v2\/types\/post"}],"author":[{"embeddable":true,"href":"https:\/\/www.tucomarca.com\/wordpress\/segunda\/wp-json\/wp\/v2\/users\/12"}],"replies":[{"embeddable":true,"href":"https:\/\/www.tucomarca.com\/wordpress\/segunda\/wp-json\/wp\/v2\/comments?post=273963"}],"version-history":[{"count":0,"href":"https:\/\/www.tucomarca.com\/wordpress\/segunda\/wp-json\/wp\/v2\/posts\/273963\/revisions"}],"wp:featuredmedia":[{"embeddable":true,"href":"https:\/\/www.tucomarca.com\/wordpress\/segunda\/wp-json\/wp\/v2\/media\/273967"}],"wp:attachment":[{"href":"https:\/\/www.tucomarca.com\/wordpress\/segunda\/wp-json\/wp\/v2\/media?parent=273963"}],"wp:term":[{"taxonomy":"category","embeddable":true,"href":"https:\/\/www.tucomarca.com\/wordpress\/segunda\/wp-json\/wp\/v2\/categories?post=273963"},{"taxonomy":"post_tag","embeddable":true,"href":"https:\/\/www.tucomarca.com\/wordpress\/segunda\/wp-json\/wp\/v2\/tags?post=273963"}],"curies":[{"name":"wp","href":"https:\/\/api.w.org\/{rel}","templated":true}]}}