{"id":273996,"date":"2025-07-31T10:15:00","date_gmt":"2025-07-31T08:15:00","guid":{"rendered":"https:\/\/www.tucomarca.com\/wordpress\/segunda\/?p=273996"},"modified":"2025-07-31T19:46:53","modified_gmt":"2025-07-31T17:46:53","slug":"cheste-celebra-la-primera-junta-local-de-seguridad-del-gran-premio-de-motociclismo-2025","status":"publish","type":"post","link":"https:\/\/www.tucomarca.com\/wordpress\/segunda\/cheste-celebra-la-primera-junta-local-de-seguridad-del-gran-premio-de-motociclismo-2025\/","title":{"rendered":"Cheste celebra la primera Junta Local de Seguridad del Gran Premio de Motociclismo 2025"},"content":{"rendered":"\n<p>Esta ma\u00f1ana se ha reunido en el sal\u00f3n de plenos del Ayuntamiento de Cheste la Junta Local de Seguridad del Gran Premio de Motociclismo 2025, con el objetivo de abordar con antelaci\u00f3n cuestiones relativas a las infraestructuras y las comunicaciones relativas al evento, que tendr\u00e1 lugar el 14, 15 y 16 de noviembre en el Circuit Ricardo Tormo.<\/p>\n\n\n\n<p>El alcalde, Jos\u00e9 Morell, y las concejalas y concejales \u00d3scar Gald\u00f3n, M\u00aa \u00c1ngeles Llorente y Brenda Jim\u00e9nez, encargados de las \u00e1reas de Seguridad, Sanidad e Igualdad, respectivamente, recibieron al Subdelegado del Gobierno de Valencia, Jos\u00e9 Rodr\u00edguez Jurado; al director general de Emergencias, Vicente Zafra Le\u00f3n; a la directora de la Jefatura Provincial de Tr\u00e1fico, Pilar F\u00fanez Asensio; a la directora m\u00e9dica de Atenci\u00f3n Primaria del Hospital de Manises, M\u00aa Carmen Valdivieso Ma\u00f1as; y al director general del Circuit Ricardo Tormo, Nicol\u00e1s Collado Dom\u00ednguez.&nbsp; Tambi\u00e9n participaron en esta junta el Inspector jefe de la Polic\u00eda Local de Cheste, Daniel Gonz\u00e1lez Gallardo, y representantes de la Guardia Civil, de la Polic\u00eda Nacional y de Protecci\u00f3n Civil, as\u00ed como del Centro de Salud de Cheste, de Renfe y de la Autoridad de Transporte Metropolitano, de Infraestructuras viarias de la Generalitat y del \u00c1rea de Carreteras de Diputaci\u00f3n.<\/p>\n\n\n\n<p>\u201cEl motivo de realizar la Junta ahora, en agosto, cuando habitualmente se hace octubre, es por las circunstancias de la Dana, por la afecci\u00f3n tan grave que han tenido las infraestructuras de comunicaci\u00f3n de Cheste. Ante esta situaci\u00f3n era necesario que nos junt\u00e1ramos antes para establecer un plan de contingencia en el caso de que estas infraestructuras no estuvieran reparadas a tiempo, por eso hemos invitado excepcionalmente a responsables de Carreteras de Generalitat y Diputaci\u00f3n, adem\u00e1s de a Renfe y a la Autoridad de Transporte Metropolitano, para que todos estemos prevenidos de cu\u00e1l es el estado de las infraestructuras, de los posibles riesgos, y podamos planificar lo necesario para que el Mundial se desarrolle con normalidad\u201d, explicaba el alcalde. \u201cNos preocupa el tema del servicio de Cercan\u00edas, que seg\u00fan los datos comentados en juntas anteriores, llegaban a transportar al 10% de las personas que asisten al Circuito; es mucha gente que pasar\u00eda a usar el veh\u00edculo privado\u201d, apuntaba Morell.<\/p>\n\n\n\n<p><strong>Infraestructuras&nbsp;<\/strong><\/p>\n\n\n\n<p>Durante la Junta, el representante del \u00e1rea de Carreteras de la Generalitat confirm\u00f3 que las obras de reconstrucci\u00f3n del puente de la CV-50 siguen el plan establecido y se podr\u00e1 abrir al tr\u00e1fico durante la primera quincena de agosto. Por parte de Diputaci\u00f3n, se explic\u00f3 que la previsi\u00f3n es que el puente de la CV-378 se abra a mediados de octubre y, con respecto a la CV-383 &#8211; Loriguilla, se prev\u00e9 que est\u00e9 lista una alternativa al bad\u00e9n inundable para que este tramo pueda seguir abierto al tr\u00e1fico en caso de lluvia.<\/p>\n\n\n\n<p>Desde el Circuit, Nicol\u00e1s Collado se\u00f1al\u00f3 que ofertar\u00e1n autobuses con salida desde diferentes puntos de la Comunidad Valenciana que parar\u00e1n dentro del Circuito, que se calcula que utilizar\u00e1n entre 2.000 y 4.000 personas.<\/p>\n\n\n\n<p>En relaci\u00f3n a la posible apertura del Cercan\u00edas, desde Renfe se explic\u00f3 que est\u00e1n a expensas de Adif y que no hay una fecha prevista para que entre en funcionamiento, por lo que se emplaz\u00f3 a la nueva junta que se realizar\u00e1 en septiembre para analizar de nuevo la evoluci\u00f3n de la situaci\u00f3n.<\/p>\n\n\n\n<p>\u201cPoni\u00e9ndonos en el escenario de que no est\u00e9 disponible el tren, aunque los autobuses no pueden sustituir la capacidad de los trenes, entiendo que habr\u00e1 que ponerlos, y en ese caso debemos de estar todos coordinados para actuar en consecuencia\u201d, apuntaba el alcalde. Por su parte, la teniente alcalde M\u00aa \u00c1ngeles Llorente, incidi\u00f3 en los posibles problemas de tr\u00e1fico que podr\u00edan causar estos autobuses. \u201cLa autov\u00eda ya est\u00e1 muy saturada de tr\u00e1fico y cubrir el servicio de Cercan\u00edas con autobuses podr\u00eda colapsar el tr\u00e1fico, creo que hay que estudiar esto en global\u201d, apuntaba Llorente.<\/p>\n\n\n\n<p>En este sentido, desde la ATVM se manifest\u00f3 que coordinar\u00eda el tema de los autobuses con Renfe y se presentar\u00eda una planificaci\u00f3n de recursos en la pr\u00f3xima reuni\u00f3n, a principios de septiembre.&nbsp;<\/p>\n\n\n\n<p>Tanto el Subdelegado del Gobierno, como el Director General de Emergencias manifestaron su&nbsp; total disponibilidad para la colaboraci\u00f3n y coordinaci\u00f3n en la organizaci\u00f3n del Mundial. \u201cCon respecto al Cercan\u00edas, creo que no hay suficientes garant\u00edas a d\u00eda de hoy de que vaya entrar en funcionamiento para el Mundial, por lo que habr\u00eda que trabajar en alternativas desde ya y hacer cuantas reuniones previas de coordinaci\u00f3n sean necesarias para ver c\u00f3mo estamos y c\u00f3mo podemos afrontar con alternativas este evento\u201d, manifestaba el subdelegado.<\/p>\n\n\n\n<p>Por su parte, los representantes de las fuerzas y cuerpos de seguridad y del dispositivo sanitario se emplazaron a la pr\u00f3xima reuni\u00f3n para adaptar sus medios y actuaciones en funci\u00f3n de las novedades que se produzcan en cuanto a las comunicaciones.<\/p>\n\n\n\n<figure class=\"wp-block-image size-large\"><img loading=\"lazy\" decoding=\"async\" width=\"1024\" height=\"683\" src=\"https:\/\/www.tucomarca.com\/wordpress\/segunda\/wp-content\/uploads\/2025\/07\/Cheste_Junta-local-Moto-GP-13-1024x683.jpg\" alt=\"\" class=\"wp-image-274000\" srcset=\"https:\/\/www.tucomarca.com\/wordpress\/segunda\/wp-content\/uploads\/2025\/07\/Cheste_Junta-local-Moto-GP-13-1024x683.jpg 1024w, https:\/\/www.tucomarca.com\/wordpress\/segunda\/wp-content\/uploads\/2025\/07\/Cheste_Junta-local-Moto-GP-13-300x200.jpg 300w, https:\/\/www.tucomarca.com\/wordpress\/segunda\/wp-content\/uploads\/2025\/07\/Cheste_Junta-local-Moto-GP-13-768x512.jpg 768w, https:\/\/www.tucomarca.com\/wordpress\/segunda\/wp-content\/uploads\/2025\/07\/Cheste_Junta-local-Moto-GP-13-1536x1024.jpg 1536w, https:\/\/www.tucomarca.com\/wordpress\/segunda\/wp-content\/uploads\/2025\/07\/Cheste_Junta-local-Moto-GP-13-2048x1365.jpg 2048w\" sizes=\"auto, (max-width: 1024px) 100vw, 1024px\" \/><\/figure>\n","protected":false},"excerpt":{"rendered":"<div class=\"mh-excerpt\">Esta ma\u00f1ana se ha reunido en el sal\u00f3n de plenos del Ayuntamiento de Cheste la Junta Local de Seguridad del Gran Premio de Motociclismo 2025, con el objetivo de abordar con antelaci\u00f3n cuestiones relativas a <a class=\"mh-excerpt-more\" href=\"https:\/\/www.tucomarca.com\/wordpress\/segunda\/cheste-celebra-la-primera-junta-local-de-seguridad-del-gran-premio-de-motociclismo-2025\/\" title=\"Cheste celebra la primera Junta Local de Seguridad del Gran Premio de Motociclismo 2025\">[+] <\/a><\/div>\n","protected":false},"author":13,"featured_media":273998,"comment_status":"open","ping_status":"open","sticky":false,"template":"","format":"standard","meta":{"footnotes":""},"categories":[17,6,10,91,3],"tags":[339,5952,10407],"class_list":{"0":"post-273996","1":"post","2":"type-post","3":"status-publish","4":"format-standard","5":"has-post-thumbnail","7":"category-cheste","8":"category-deportes","9":"category-la-hoya","10":"category-motociclismo","11":"category-seccion","12":"tag-cheste-2","13":"tag-la-hoya-de-bunol-chiva","14":"tag-motociclismo"},"_links":{"self":[{"href":"https:\/\/www.tucomarca.com\/wordpress\/segunda\/wp-json\/wp\/v2\/posts\/273996","targetHints":{"allow":["GET"]}}],"collection":[{"href":"https:\/\/www.tucomarca.com\/wordpress\/segunda\/wp-json\/wp\/v2\/posts"}],"about":[{"href":"https:\/\/www.tucomarca.com\/wordpress\/segunda\/wp-json\/wp\/v2\/types\/post"}],"author":[{"embeddable":true,"href":"https:\/\/www.tucomarca.com\/wordpress\/segunda\/wp-json\/wp\/v2\/users\/13"}],"replies":[{"embeddable":true,"href":"https:\/\/www.tucomarca.com\/wordpress\/segunda\/wp-json\/wp\/v2\/comments?post=273996"}],"version-history":[{"count":0,"href":"https:\/\/www.tucomarca.com\/wordpress\/segunda\/wp-json\/wp\/v2\/posts\/273996\/revisions"}],"wp:featuredmedia":[{"embeddable":true,"href":"https:\/\/www.tucomarca.com\/wordpress\/segunda\/wp-json\/wp\/v2\/media\/273998"}],"wp:attachment":[{"href":"https:\/\/www.tucomarca.com\/wordpress\/segunda\/wp-json\/wp\/v2\/media?parent=273996"}],"wp:term":[{"taxonomy":"category","embeddable":true,"href":"https:\/\/www.tucomarca.com\/wordpress\/segunda\/wp-json\/wp\/v2\/categories?post=273996"},{"taxonomy":"post_tag","embeddable":true,"href":"https:\/\/www.tucomarca.com\/wordpress\/segunda\/wp-json\/wp\/v2\/tags?post=273996"}],"curies":[{"name":"wp","href":"https:\/\/api.w.org\/{rel}","templated":true}]}}