{"id":274023,"date":"2025-08-01T13:00:00","date_gmt":"2025-08-01T11:00:00","guid":{"rendered":"https:\/\/www.tucomarca.com\/wordpress\/segunda\/?p=274023"},"modified":"2025-08-01T18:30:14","modified_gmt":"2025-08-01T16:30:14","slug":"la-generalitat-abre-al-trafico-el-puente-del-hortelano-en-bunol-danado-por-las-riadas-y-terminara-las-obras-del-puente-de-la-republica-antes-de-la-tomatina","status":"publish","type":"post","link":"https:\/\/www.tucomarca.com\/wordpress\/segunda\/la-generalitat-abre-al-trafico-el-puente-del-hortelano-en-bunol-danado-por-las-riadas-y-terminara-las-obras-del-puente-de-la-republica-antes-de-la-tomatina\/","title":{"rendered":"La Generalitat abre al tr\u00e1fico el puente del Hortelano en Bu\u00f1ol da\u00f1ado por las riadas y terminar\u00e1 las obras del puente de la Rep\u00fablica antes de La Tomatina"},"content":{"rendered":"\n<h3 class=\"wp-block-heading\">La Conselleria de Medio Ambiente, Infraestructuras y Territorio invierte 800.000 euros en el municipio para restaurar las infraestructuras locales.<\/h3>\n\n\n\n<h3 class=\"wp-block-heading\">Estos trabajos forman parte del plan \u2018Recuperem Val\u00e8ncia\u2019 que han permitido ampliar el puente su anchura a 5,70 metros para permitir el paso de peatones.<\/h3>\n\n\n\n<h3 class=\"wp-block-heading\">Se trabaja con el Ayuntamiento para dar soluci\u00f3n a las v\u00edas de conexi\u00f3n cercanas para recuperar la movilidad de toda la zona.<\/h3>\n\n\n\n<p>La Generalitat ha finalizado las obras de reconstrucci\u00f3n del puente del Hortelano sobre el r\u00edo Bu\u00f1ol en la CV-427, que result\u00f3 da\u00f1ado por las inundaciones ocurridas el pasado mes de octubre en el municipio y ultima las actuaciones asumidas en todo el municipio.<\/p>\n\n\n\n<p>As\u00ed lo ha confirmado el conseller de Medio Ambiente, Infraestructuras y Territorio, Vicente Mart\u00ednez Mus, en su visita al municipio junto a la alcaldesa de Bu\u00f1ol, Virginia Sanz, que ha confirmado que tambi\u00e9n terminar\u00e1n las obras del puente de la Rep\u00fablica antes de La Tomatina.<\/p>\n\n\n\n<p>Con un presupuesto de m\u00e1s de 800.000 euros, la Conselleria de Medio Ambiente, Infraestructuras y Territorio ha asumido el coste de la rehabilitaci\u00f3n de este y otro puente local despu\u00e9s de que el Ayuntamiento de Bu\u00f1ol haya cedido las competencias a la Generalitat, con el objetivo de que est\u00e9n finalizados lo antes posible.<\/p>\n\n\n\n<p>El titular de Infraestructuras ha destacado que ahora se trabaja con el Ayuntamiento \u201cpara dar soluci\u00f3n a las v\u00edas de conexi\u00f3n cercanas para recuperar la movilidad de toda la zona\u201d. En este sentido, la alcaldesa ha agradecido el trabajo de la Generalitat y ha anunciado que se ha llegado a un acuerdo para abrir de forma provisional el camino del Hortelano.<\/p>\n\n\n\n<figure class=\"wp-block-gallery has-nested-images columns-2 is-cropped wp-block-gallery-1 is-layout-flex wp-block-gallery-is-layout-flex\">\n<figure class=\"wp-block-image size-large\"><img loading=\"lazy\" decoding=\"async\" width=\"1024\" height=\"682\" data-id=\"274086\" src=\"https:\/\/www.tucomarca.com\/wordpress\/segunda\/wp-content\/uploads\/2025\/08\/BunolInaugurPuenteHortelano2-1024x682.jpg\" alt=\"\" class=\"wp-image-274086\" srcset=\"https:\/\/www.tucomarca.com\/wordpress\/segunda\/wp-content\/uploads\/2025\/08\/BunolInaugurPuenteHortelano2-1024x682.jpg 1024w, https:\/\/www.tucomarca.com\/wordpress\/segunda\/wp-content\/uploads\/2025\/08\/BunolInaugurPuenteHortelano2-300x200.jpg 300w, https:\/\/www.tucomarca.com\/wordpress\/segunda\/wp-content\/uploads\/2025\/08\/BunolInaugurPuenteHortelano2-768x512.jpg 768w, https:\/\/www.tucomarca.com\/wordpress\/segunda\/wp-content\/uploads\/2025\/08\/BunolInaugurPuenteHortelano2.jpg 1181w\" sizes=\"auto, (max-width: 1024px) 100vw, 1024px\" \/><\/figure>\n\n\n\n<figure class=\"wp-block-image size-large\"><img loading=\"lazy\" decoding=\"async\" width=\"1024\" height=\"682\" data-id=\"274088\" src=\"https:\/\/www.tucomarca.com\/wordpress\/segunda\/wp-content\/uploads\/2025\/08\/BunolInaugurPuenteHortelano3-1024x682.jpg\" alt=\"\" class=\"wp-image-274088\" srcset=\"https:\/\/www.tucomarca.com\/wordpress\/segunda\/wp-content\/uploads\/2025\/08\/BunolInaugurPuenteHortelano3-1024x682.jpg 1024w, https:\/\/www.tucomarca.com\/wordpress\/segunda\/wp-content\/uploads\/2025\/08\/BunolInaugurPuenteHortelano3-300x200.jpg 300w, https:\/\/www.tucomarca.com\/wordpress\/segunda\/wp-content\/uploads\/2025\/08\/BunolInaugurPuenteHortelano3-768x512.jpg 768w, https:\/\/www.tucomarca.com\/wordpress\/segunda\/wp-content\/uploads\/2025\/08\/BunolInaugurPuenteHortelano3.jpg 1181w\" sizes=\"auto, (max-width: 1024px) 100vw, 1024px\" \/><\/figure>\n\n\n\n<figure class=\"wp-block-image size-large\"><img loading=\"lazy\" decoding=\"async\" width=\"1024\" height=\"682\" data-id=\"274092\" src=\"https:\/\/www.tucomarca.com\/wordpress\/segunda\/wp-content\/uploads\/2025\/08\/BunolInaugurPuenteHortelano5-1024x682.jpg\" alt=\"\" class=\"wp-image-274092\" srcset=\"https:\/\/www.tucomarca.com\/wordpress\/segunda\/wp-content\/uploads\/2025\/08\/BunolInaugurPuenteHortelano5-1024x682.jpg 1024w, https:\/\/www.tucomarca.com\/wordpress\/segunda\/wp-content\/uploads\/2025\/08\/BunolInaugurPuenteHortelano5-300x200.jpg 300w, https:\/\/www.tucomarca.com\/wordpress\/segunda\/wp-content\/uploads\/2025\/08\/BunolInaugurPuenteHortelano5-768x512.jpg 768w, https:\/\/www.tucomarca.com\/wordpress\/segunda\/wp-content\/uploads\/2025\/08\/BunolInaugurPuenteHortelano5.jpg 1181w\" sizes=\"auto, (max-width: 1024px) 100vw, 1024px\" \/><\/figure>\n<\/figure>\n\n\n\n<p><\/p>\n\n\n\n<p>Cabe recordar, que el aumento del caudal del r\u00edo Bu\u00f1ol provocado por las lluvias ocasion\u00f3 da\u00f1os significativos en dos puentes ubicados en el casco urbano de la localidad: este puente sobre el r\u00edo de la antigua carretera CV-427 y el puente de la Rep\u00fablica, situado en la Avenida del Pa\u00eds Valenciano, que sufri\u00f3 desperfectos en el hormig\u00f3n que protege su cimentaci\u00f3n y hubo que rellenar las socavaciones generadas. El puente de 30 metros consta de tres vanos con un ancho de 5 metros y el anterior tablero estaba compuesto por vigas que apoyaban en pilas rectangulares. Durante la avenida que se produjo en la riada, el agua pas\u00f3 por encima del tablero del puente y caus\u00f3 da\u00f1os en el mismo.<\/p>\n\n\n\n<p><\/p>\n\n\n\n<figure class=\"wp-block-image size-large\"><img loading=\"lazy\" decoding=\"async\" width=\"1024\" height=\"858\" src=\"https:\/\/www.tucomarca.com\/wordpress\/segunda\/wp-content\/uploads\/2025\/08\/250801_MED_Puente_Bunol-1-1024x858.jpg\" alt=\"\" class=\"wp-image-274057\" srcset=\"https:\/\/www.tucomarca.com\/wordpress\/segunda\/wp-content\/uploads\/2025\/08\/250801_MED_Puente_Bunol-1-1024x858.jpg 1024w, https:\/\/www.tucomarca.com\/wordpress\/segunda\/wp-content\/uploads\/2025\/08\/250801_MED_Puente_Bunol-1-300x252.jpg 300w, https:\/\/www.tucomarca.com\/wordpress\/segunda\/wp-content\/uploads\/2025\/08\/250801_MED_Puente_Bunol-1-768x644.jpg 768w, https:\/\/www.tucomarca.com\/wordpress\/segunda\/wp-content\/uploads\/2025\/08\/250801_MED_Puente_Bunol-1-1536x1288.jpg 1536w, https:\/\/www.tucomarca.com\/wordpress\/segunda\/wp-content\/uploads\/2025\/08\/250801_MED_Puente_Bunol-1.jpg 1998w\" sizes=\"auto, (max-width: 1024px) 100vw, 1024px\" \/><\/figure>\n\n\n\n<p><strong>Demolici\u00f3n del tablero del puente<\/strong><\/p>\n\n\n\n<p>Mart\u00ednez Mus ha recordado que tras el an\u00e1lisis estructural, \u201cfue necesario la demolici\u00f3n del tablero\u201d. \u201cPor tanto, la soluci\u00f3n de reparaci\u00f3n de esta estructura aprovecha las cimentaciones y pilas, aunque se ha tenido que construir un nuevo tablero, as\u00ed como los elementos de contenci\u00f3n para el paso seguro de los veh\u00edculos\u201d, ha remarcado.<\/p>\n\n\n\n<p>De este modo, entre las actuaciones que se han realizado est\u00e1 la instalaci\u00f3n de nueve vigas prefabricadas y veinticinco prelosas que conforman el nuevo tablero del puente. Adem\u00e1s de la sustituci\u00f3n completa del tablero original, seriamente da\u00f1ado cuando el caudal del r\u00edo sobrepas\u00f3 la estructura, causando el colapso parcial del puente. El actual tablero ha aumentado su anchura a 5,70 metros con el objetivo de establecer un paso peatonal.<\/p>\n\n\n\n<p>Adem\u00e1s, sobre el tablero se han extendido dos capas, de 3 cent\u00edmetros cada una, de aglomerado asf\u00e1ltico, as\u00ed como tambi\u00e9n se ha dotado de imbornales que drenan directamente al r\u00edo Bu\u00f1ol. Los pretiles se han resuelto con barandillas y pasamanos met\u00e1licos, pintados de color blanco y tratamiento antioxidante. La intervenci\u00f3n se ha completado con la se\u00f1alizaci\u00f3n vertical y horizontal correspondiente.<\/p>\n\n\n\n<figure class=\"wp-block-gallery has-nested-images columns-2 is-cropped wp-block-gallery-2 is-layout-flex wp-block-gallery-is-layout-flex\">\n<figure class=\"wp-block-image size-large\"><img loading=\"lazy\" decoding=\"async\" width=\"1024\" height=\"682\" data-id=\"274090\" src=\"https:\/\/www.tucomarca.com\/wordpress\/segunda\/wp-content\/uploads\/2025\/08\/BunolInaugurPuenteHortelano4-1024x682.jpg\" alt=\"\" class=\"wp-image-274090\" srcset=\"https:\/\/www.tucomarca.com\/wordpress\/segunda\/wp-content\/uploads\/2025\/08\/BunolInaugurPuenteHortelano4-1024x682.jpg 1024w, https:\/\/www.tucomarca.com\/wordpress\/segunda\/wp-content\/uploads\/2025\/08\/BunolInaugurPuenteHortelano4-300x200.jpg 300w, https:\/\/www.tucomarca.com\/wordpress\/segunda\/wp-content\/uploads\/2025\/08\/BunolInaugurPuenteHortelano4-768x512.jpg 768w, https:\/\/www.tucomarca.com\/wordpress\/segunda\/wp-content\/uploads\/2025\/08\/BunolInaugurPuenteHortelano4.jpg 1181w\" sizes=\"auto, (max-width: 1024px) 100vw, 1024px\" \/><\/figure>\n<\/figure>\n\n\n\n<p><\/p>\n\n\n\n<p><strong>\u2018Recuperem Val\u00e8ncia\u2019<\/strong><\/p>\n\n\n\n<p>Mart\u00ednez Mus ha recordado que los trabajos de reconstrucci\u00f3n comenzaron el 23 de enero y forman parte del plan \u2018Recuperem Val\u00e8ncia\u2019, que contempla la restauraci\u00f3n de infraestructuras en m\u00e1s de una veintena de municipios afectados en la Comunitat Valenciana, entre las que se encuentran los dos puentes de Bu\u00f1ol.<\/p>\n\n\n\n<p>El plan de recuperaci\u00f3n de carreteras, puentes y pasarelas locales acordado por la Conselleria de Medio Ambiente, Infraestructuras y Territorio con el Ministerio de Transportes y Movilidad Sostenible contempla la realizaci\u00f3n por parte de la Generalitat de aproximadamente medio centenar de intervenciones en infraestructuras locales y que ha supuesto la inversi\u00f3n de en torno a 50 millones de euros.<\/p>\n","protected":false},"excerpt":{"rendered":"<div class=\"mh-excerpt\">La Conselleria de Medio Ambiente, Infraestructuras y Territorio invierte 800.000 euros en el municipio para restaurar las infraestructuras locales. Estos trabajos forman parte del plan \u2018Recuperem Val\u00e8ncia\u2019 que han permitido ampliar el puente su anchura <a class=\"mh-excerpt-more\" href=\"https:\/\/www.tucomarca.com\/wordpress\/segunda\/la-generalitat-abre-al-trafico-el-puente-del-hortelano-en-bunol-danado-por-las-riadas-y-terminara-las-obras-del-puente-de-la-republica-antes-de-la-tomatina\/\" title=\"La Generalitat abre al tr\u00e1fico el puente del Hortelano en Bu\u00f1ol da\u00f1ado por las riadas y terminar\u00e1 las obras del puente de la Rep\u00fablica antes de La Tomatina\">[+] <\/a><\/div>\n","protected":false},"author":12,"featured_media":274025,"comment_status":"open","ping_status":"open","sticky":false,"template":"","format":"gallery","meta":{"footnotes":""},"categories":[18,21465,128,8,72,10,117,142,3,116,45],"tags":[10385,22156,10412,5952,21787,22858],"class_list":{"0":"post-274023","1":"post","2":"type-post","3":"status-publish","4":"format-gallery","5":"has-post-thumbnail","7":"category-bunol","8":"category-dana","9":"category-infraestructuras","10":"category-la-comarca","11":"category-sin-categorizar","12":"category-la-hoya","13":"category-medio-ambiente-la-comarca","14":"category-politica-la-comarca","15":"category-seccion","16":"category-sucesos-la-comarca","17":"category-ventana","18":"tag-bunol","19":"tag-conselleria-medio-ambiente","20":"tag-infraestructuras","21":"tag-la-hoya-de-bunol-chiva","22":"tag-pla-recuperem-valencia","23":"tag-puente-del-hortelano","24":"post_format-post-format-gallery"},"_links":{"self":[{"href":"https:\/\/www.tucomarca.com\/wordpress\/segunda\/wp-json\/wp\/v2\/posts\/274023","targetHints":{"allow":["GET"]}}],"collection":[{"href":"https:\/\/www.tucomarca.com\/wordpress\/segunda\/wp-json\/wp\/v2\/posts"}],"about":[{"href":"https:\/\/www.tucomarca.com\/wordpress\/segunda\/wp-json\/wp\/v2\/types\/post"}],"author":[{"embeddable":true,"href":"https:\/\/www.tucomarca.com\/wordpress\/segunda\/wp-json\/wp\/v2\/users\/12"}],"replies":[{"embeddable":true,"href":"https:\/\/www.tucomarca.com\/wordpress\/segunda\/wp-json\/wp\/v2\/comments?post=274023"}],"version-history":[{"count":0,"href":"https:\/\/www.tucomarca.com\/wordpress\/segunda\/wp-json\/wp\/v2\/posts\/274023\/revisions"}],"wp:featuredmedia":[{"embeddable":true,"href":"https:\/\/www.tucomarca.com\/wordpress\/segunda\/wp-json\/wp\/v2\/media\/274025"}],"wp:attachment":[{"href":"https:\/\/www.tucomarca.com\/wordpress\/segunda\/wp-json\/wp\/v2\/media?parent=274023"}],"wp:term":[{"taxonomy":"category","embeddable":true,"href":"https:\/\/www.tucomarca.com\/wordpress\/segunda\/wp-json\/wp\/v2\/categories?post=274023"},{"taxonomy":"post_tag","embeddable":true,"href":"https:\/\/www.tucomarca.com\/wordpress\/segunda\/wp-json\/wp\/v2\/tags?post=274023"}],"curies":[{"name":"wp","href":"https:\/\/api.w.org\/{rel}","templated":true}]}}