{"id":274572,"date":"2025-08-06T09:25:00","date_gmt":"2025-08-06T07:25:00","guid":{"rendered":"https:\/\/www.tucomarca.com\/wordpress\/segunda\/?p=274572"},"modified":"2025-08-06T18:24:28","modified_gmt":"2025-08-06T16:24:28","slug":"el-departamento-de-salud-de-manises-cuenta-con-18-centros-certificados-en-calidad-sanitaria","status":"publish","type":"post","link":"https:\/\/www.tucomarca.com\/wordpress\/segunda\/el-departamento-de-salud-de-manises-cuenta-con-18-centros-certificados-en-calidad-sanitaria\/","title":{"rendered":"El departamento de salud de Manises cuenta con 18 centros certificados en calidad sanitaria"},"content":{"rendered":"\n<h3 class=\"wp-block-heading\">Es el departamento de salud con m\u00e1s centros certificados en calidad registradas hasta el 3 de junio de 2025 en el Gestor de Registros de Calidad de la Generalitat Valenciana.<\/h3>\n\n\n\n<h3 class=\"wp-block-heading\">Adem\u00e1s, es el \u00fanico departamento con todos los niveles asistenciales certificados: hospital, centro de especialidades, centros y consultorios de salud.<\/h3>\n\n\n\n<p>Con 18 centros certificados, Manises es el departamento de salud que suma m\u00e1s certificaciones de calidad en la Comunitat Valenciana, registradas hasta el 3 de junio de 2025 en el Gestor de Registros de Calidad de la Generalitat Valenciana. El alcance de los centros certificados es integral, lo que supone que todos los procesos asistenciales y no asistenciales est\u00e1n certificados.<\/p>\n\n\n\n<p>Adem\u00e1s, este departamento es el \u00fanico que cuenta con todos los niveles asistenciales -hospital, centros de especialidades, centros de salud y consultorios- acreditados y dispone tambi\u00e9n de 12 centros con certificaci\u00f3n en gesti\u00f3n medioambiental.&nbsp;<\/p>\n\n\n\n<p>La gerente del departamento, Beatriz G\u00f3mez, muestra la satisfacci\u00f3n \u201cde liderar el Gestor de Registros de Calidad (GERCA) de la Generalitat Valenciana y ver reconocido el trabajo conjunto de Calidad con todos los servicios y profesionales del departamento\u201d.<\/p>\n\n\n\n<p>Por otra parte, el departamento ha revalidado la certificaci\u00f3n medioambiental que acredita el compromiso con la mejora continua en el cuidado del planeta. Esta certificaci\u00f3n alcanza al Hospital de Manises, el centro de especialidades de Aldaia y a todos los centros de salud.<\/p>\n\n\n\n<p><strong>Compromiso con la sostenibilidad ambiental<\/strong><\/p>\n\n\n\n<p>Adem\u00e1s, el Hospital de Manises<s> <\/s>cuenta con otros reconocimientos clave que muestra su compromiso con las personas usuarias del Hospital como es la UNE 170001-2:2007 de la gesti\u00f3n de la accesibilidad global de las instalaciones y con la sostenibilidad ambiental a trav\u00e9s de la ISO 50001:2018 de gesti\u00f3n energ\u00e9tica y la ISO 14064-1:2018, para el c\u00e1lculo de la huella de carbono<\/p>\n\n\n\n<p>A su vez, la gerente concluye que \u201cestas certificaciones refuerzan el compromiso con una gesti\u00f3n responsable y saludable que cuida del entorno para cuidar mejor a las personas y conseguir la mejor salud posible, que es nuestro prop\u00f3sito\u201d.&nbsp;<\/p>\n\n\n\n<p>Cabe recordar que el departamento de salud de Manises da cobertura y asistencia sanitaria, tanto ambulatoria como domiciliaria a m\u00e1s de 216.000 personas de 14 localidades a trav\u00e9s del Hospital de Manises, 9 centros de salud, 11 consultorios auxiliares, 2 centros de especialidades, 1 centro de salud integrado, el Hospital de Agudos de Manises y el Hospital de Cr\u00f3nicos de Mislata.&nbsp;<\/p>\n","protected":false},"excerpt":{"rendered":"<div class=\"mh-excerpt\">Es el departamento de salud con m\u00e1s centros certificados en calidad registradas hasta el 3 de junio de 2025 en el Gestor de Registros de Calidad de la Generalitat Valenciana. Adem\u00e1s, es el \u00fanico departamento <a class=\"mh-excerpt-more\" href=\"https:\/\/www.tucomarca.com\/wordpress\/segunda\/el-departamento-de-salud-de-manises-cuenta-con-18-centros-certificados-en-calidad-sanitaria\/\" title=\"El departamento de salud de Manises cuenta con 18 centros certificados en calidad sanitaria\">[+] <\/a><\/div>\n","protected":false},"author":13,"featured_media":274584,"comment_status":"open","ping_status":"open","sticky":false,"template":"","format":"standard","meta":{"footnotes":""},"categories":[46,119,128,8,72,10,42,178,142,182,3,43],"tags":[136,2142,5952,52],"class_list":{"0":"post-274572","1":"post","2":"type-post","3":"status-publish","4":"format-standard","5":"has-post-thumbnail","7":"category-camp-de-turia","8":"category-sanidad-la-comarca","9":"category-infraestructuras","10":"category-la-comarca","11":"category-sin-categorizar","12":"category-la-hoya","13":"category-la-ribera","14":"category-loriguilla","15":"category-politica-la-comarca","16":"category-riba-roja","17":"category-seccion","18":"category-turis","19":"tag-hospital-de-manises","20":"tag-la-comunitat","21":"tag-la-hoya-de-bunol-chiva","22":"tag-sanidad"},"_links":{"self":[{"href":"https:\/\/www.tucomarca.com\/wordpress\/segunda\/wp-json\/wp\/v2\/posts\/274572","targetHints":{"allow":["GET"]}}],"collection":[{"href":"https:\/\/www.tucomarca.com\/wordpress\/segunda\/wp-json\/wp\/v2\/posts"}],"about":[{"href":"https:\/\/www.tucomarca.com\/wordpress\/segunda\/wp-json\/wp\/v2\/types\/post"}],"author":[{"embeddable":true,"href":"https:\/\/www.tucomarca.com\/wordpress\/segunda\/wp-json\/wp\/v2\/users\/13"}],"replies":[{"embeddable":true,"href":"https:\/\/www.tucomarca.com\/wordpress\/segunda\/wp-json\/wp\/v2\/comments?post=274572"}],"version-history":[{"count":0,"href":"https:\/\/www.tucomarca.com\/wordpress\/segunda\/wp-json\/wp\/v2\/posts\/274572\/revisions"}],"wp:featuredmedia":[{"embeddable":true,"href":"https:\/\/www.tucomarca.com\/wordpress\/segunda\/wp-json\/wp\/v2\/media\/274584"}],"wp:attachment":[{"href":"https:\/\/www.tucomarca.com\/wordpress\/segunda\/wp-json\/wp\/v2\/media?parent=274572"}],"wp:term":[{"taxonomy":"category","embeddable":true,"href":"https:\/\/www.tucomarca.com\/wordpress\/segunda\/wp-json\/wp\/v2\/categories?post=274572"},{"taxonomy":"post_tag","embeddable":true,"href":"https:\/\/www.tucomarca.com\/wordpress\/segunda\/wp-json\/wp\/v2\/tags?post=274572"}],"curies":[{"name":"wp","href":"https:\/\/api.w.org\/{rel}","templated":true}]}}