{"id":274673,"date":"2025-08-07T12:00:00","date_gmt":"2025-08-07T10:00:00","guid":{"rendered":"https:\/\/www.tucomarca.com\/wordpress\/segunda\/?p=274673"},"modified":"2025-08-07T12:35:55","modified_gmt":"2025-08-07T10:35:55","slug":"la-artistica-de-bunol-presenta-a-estela-claudia-y-rocio-como-sus-reinas-del-manton-y-representante-2025-este-sabado","status":"publish","type":"post","link":"https:\/\/www.tucomarca.com\/wordpress\/segunda\/la-artistica-de-bunol-presenta-a-estela-claudia-y-rocio-como-sus-reinas-del-manton-y-representante-2025-este-sabado\/","title":{"rendered":"\u00abLa Art\u00edstica\u00bb de Bu\u00f1ol presenta a Estela, Claudia y Roc\u00edo como sus Reinas del Mant\u00f3n y Representante 2025 este s\u00e1bado"},"content":{"rendered":"\n<h3 class=\"wp-block-heading\">Bu\u00f1ol se prepara para la presentaci\u00f3n de las Reinas del Mant\u00f3n 2025 de la SM \u00abLa Art\u00edstica\u00bb.<\/h3>\n\n\n\n<p>Bu\u00f1ol se prepara para vivir una de sus noches m\u00e1s emotivas y esperadas del calendario festivo con el <strong>acto de presentaci\u00f3n y proclamaci\u00f3n de las Reinas del Mant\u00f3n 2025<\/strong>, que tendr\u00e1 lugar el pr\u00f3ximo <strong>s\u00e1bado 9 de agosto<\/strong> en el <strong>Teatro Montecarlo<\/strong>.<\/p>\n\n\n\n<p>La jornada arrancar\u00e1 a las <strong>22:00 horas<\/strong> con un desfile de la <strong>Banda Sinf\u00f3nica de la Sociedad Musical \u00abLa Art\u00edstica\u00bb<\/strong>, que acompa\u00f1ar\u00e1 a las Reinas del Mant\u00f3n 2024 y sus Cortes de Honor desde el domicilio social Rosales hasta el teatro, donde se celebrar\u00e1 el acto central.<\/p>\n\n\n\n<p>A las <strong>22:30 horas<\/strong>, el escenario acoger\u00e1 la proclamaci\u00f3n de la se\u00f1orita <strong>Estela Iniesta Sobrino<\/strong> y la ni\u00f1a <strong>Claudia Olius Vidal<\/strong> como nuevas Reinas del Mant\u00f3n 2025. Recibir\u00e1n sus coronas y bandas de manos de las Reinas salientes, <strong>Silvia S\u00e1ez Espert<\/strong> y <strong>Olivia Lambies Abril<\/strong>.<\/p>\n\n\n\n<p>Durante el acto tambi\u00e9n se presentar\u00e1 a la se\u00f1orita <strong>Roc\u00edo Cervera Bartolom\u00e9<\/strong> como nueva Representante de la Sociedad Musical \u00abLa Art\u00edstica\u00bb para este a\u00f1o. La representante saliente, <strong>Paula Gisbert Carrascosa<\/strong>, ser\u00e1 la encargada de imponerle la banda acreditativa.<\/p>\n\n\n\n<p>Adem\u00e1s, se dar\u00e1 a conocer a las <strong>Madrinas de la Bandera para este ejercicio<\/strong>, que ser\u00e1n <strong>Mar\u00eda Jes\u00fas Alca\u00f1iz Ros<\/strong> y <strong>Dorotea Alca\u00f1iz Ros<\/strong>.<\/p>\n\n\n\n<p>Seguir\u00e1 el concierto de la Banda Juvenil y la Banda Sinf\u00f3nica de \u00abLa Art\u00edstica\u00bb bajo la batuta de <strong>David Tar\u00edn D\u00edaz.<\/strong><\/p>\n\n\n\n<p>Bu\u00f1ol vivir\u00e1 as\u00ed una noche cargada de simbolismo, emoci\u00f3n y orgullo festivo, en la que se dar\u00e1 el pistoletazo de salida a la tradicional y entra\u00f1able <strong>Fiesta del Mant\u00f3n 2025<\/strong>.<\/p>\n","protected":false},"excerpt":{"rendered":"<div class=\"mh-excerpt\">Bu\u00f1ol se prepara para la presentaci\u00f3n de las Reinas del Mant\u00f3n 2025 de la SM \u00abLa Art\u00edstica\u00bb. Bu\u00f1ol se prepara para vivir una de sus noches m\u00e1s emotivas y esperadas del calendario festivo con el <a class=\"mh-excerpt-more\" href=\"https:\/\/www.tucomarca.com\/wordpress\/segunda\/la-artistica-de-bunol-presenta-a-estela-claudia-y-rocio-como-sus-reinas-del-manton-y-representante-2025-este-sabado\/\" title=\"\u00abLa Art\u00edstica\u00bb de Bu\u00f1ol presenta a Estela, Claudia y Roc\u00edo como sus Reinas del Mant\u00f3n y Representante 2025 este s\u00e1bado\">[+] <\/a><\/div>\n","protected":false},"author":12,"featured_media":274685,"comment_status":"open","ping_status":"open","sticky":false,"template":"","format":"standard","meta":{"footnotes":""},"categories":[4,18,8,10,7,3],"tags":[10385,5952,22881,10559],"class_list":{"0":"post-274673","1":"post","2":"type-post","3":"status-publish","4":"format-standard","5":"has-post-thumbnail","7":"category-agenda","8":"category-bunol","9":"category-la-comarca","10":"category-la-hoya","11":"category-ocio-y-cultura","12":"category-seccion","13":"tag-bunol","14":"tag-la-hoya-de-bunol-chiva","15":"tag-reinas-del-manton-2025-2","16":"tag-sm-la-artistica-de-bunol"},"_links":{"self":[{"href":"https:\/\/www.tucomarca.com\/wordpress\/segunda\/wp-json\/wp\/v2\/posts\/274673","targetHints":{"allow":["GET"]}}],"collection":[{"href":"https:\/\/www.tucomarca.com\/wordpress\/segunda\/wp-json\/wp\/v2\/posts"}],"about":[{"href":"https:\/\/www.tucomarca.com\/wordpress\/segunda\/wp-json\/wp\/v2\/types\/post"}],"author":[{"embeddable":true,"href":"https:\/\/www.tucomarca.com\/wordpress\/segunda\/wp-json\/wp\/v2\/users\/12"}],"replies":[{"embeddable":true,"href":"https:\/\/www.tucomarca.com\/wordpress\/segunda\/wp-json\/wp\/v2\/comments?post=274673"}],"version-history":[{"count":0,"href":"https:\/\/www.tucomarca.com\/wordpress\/segunda\/wp-json\/wp\/v2\/posts\/274673\/revisions"}],"wp:featuredmedia":[{"embeddable":true,"href":"https:\/\/www.tucomarca.com\/wordpress\/segunda\/wp-json\/wp\/v2\/media\/274685"}],"wp:attachment":[{"href":"https:\/\/www.tucomarca.com\/wordpress\/segunda\/wp-json\/wp\/v2\/media?parent=274673"}],"wp:term":[{"taxonomy":"category","embeddable":true,"href":"https:\/\/www.tucomarca.com\/wordpress\/segunda\/wp-json\/wp\/v2\/categories?post=274673"},{"taxonomy":"post_tag","embeddable":true,"href":"https:\/\/www.tucomarca.com\/wordpress\/segunda\/wp-json\/wp\/v2\/tags?post=274673"}],"curies":[{"name":"wp","href":"https:\/\/api.w.org\/{rel}","templated":true}]}}