{"id":2747,"date":"2012-05-31T18:12:12","date_gmt":"2012-05-31T16:12:12","guid":{"rendered":"http:\/\/www.tucomarca.com\/wordpress\/segunda\/?p=2747"},"modified":"2012-05-31T18:24:35","modified_gmt":"2012-05-31T16:24:35","slug":"el-edil-bunolense-rafa-perez-eu-califica-de-%c2%abridiculo%c2%bb-y-%c2%abtorpe%c2%bb-el-analisis-de-la-situacion-economica-local-por-el-pp","status":"publish","type":"post","link":"https:\/\/www.tucomarca.com\/wordpress\/segunda\/el-edil-bunolense-rafa-perez-eu-califica-de-%c2%abridiculo%c2%bb-y-%c2%abtorpe%c2%bb-el-analisis-de-la-situacion-economica-local-por-el-pp\/","title":{"rendered":"El edil bu\u00f1olense Rafa P\u00e9rez (EU) califica de \u00abrid\u00edculo\u00bb y \u00abtorpe\u00bb el an\u00e1lisis de la situaci\u00f3n econ\u00f3mica local realizada por el PP"},"content":{"rendered":"<p>Seg\u00fan inform\u00f3 este semanario en su edici\u00f3n impresa, el Coordinador Local de Esquerra Unida en Bu\u00f1ol y portavoz de esta formaci\u00f3n en el plenario, Rafael P\u00e9rez, ha contestado al an\u00e1lisis econ\u00f3mico realizado por el responsable de Econom\u00eda del PP local, Pablo Palmer, d\u00edas atr\u00e1s en este mismo semanario y que no ha dudado en calificar como \u00abun autentico atropello, una torpeza y rid\u00edculo\u00bb, seg\u00fan el edil de EU.<br \/>\n\u00abSus afirmaciones son totalmente falsas con el \u00fanico prop\u00f3sito de meter miedo a la poblaci\u00f3n. Se le puede decir aquello de que hay gente que ve la paja en ojo pero no la viga en el suyo. Y menos mal que\u00a0 todos sabemos el sello de la pol\u00edtica del PP para la crisis,\u00a0 que la paguen los que menos la deben los trabajadores y los m\u00e1s necesitados. Ademas de llenarse los bolsillos, en los innumerables casos de corrupci\u00f3n. (Gurtel, Emarsa, Noos, Calatrava, Plan Rabasa, caso Brugal, subvenciones a algunas ONGs\u00a0 pol\u00edtica que han escandalizado a los valencianos, al resto de espa\u00f1oles y han tirado la imagen externa del Pa\u00eds Valenciano. Somos el hazmerreir de toda Europa. Hasta la Federaci\u00f3n de Sociedades Musicales de la Comunidad Valenciana, en palabras de su presidente, Josep Francesc Almeria, lamenta que la Generalitat \u2018No tenga ninguna previsi\u00f3n ni un calendario de pagos\u2019 y que \u2018cuando acuden a un banco diciendo que tienes un convenio con la Generalitat como garant\u00eda\u2019 se r\u00eden en tu cara\u00bb, ha afirmado Rafa P\u00e9rez.<br \/>\nPara el Coordinador de EU, lo m\u00e1s importante es, sin embargo,\u00a0 que\u00a0 si no lo remedia una positiva negociaci\u00f3n de la Federaci\u00f3n Espa\u00f1ola de Municipios y Provincias con el gobierno central, \u00abseguramente los ayuntamientos que no pudieron presentar su plan de ajuste ser\u00e1n intervenidos por el gobierno reteniendo hasta el 50% del fondo de financiaci\u00f3n estatal a los Ayuntamientos. Esto s\u00ed que ser\u00eda una verdadera cat\u00e1strofe econ\u00f3mica, y fue el PP y el grupo de tr\u00e1nsfugas quienes votaron no al plan de ajuste municipal, negando a Bu\u00f1ol la posibilidad de gestionar sus cuentas para cumplir con todos los compromisos con los trabajadores, los servicios p\u00fablicos y las asociaciones locales. El no del PP en el pleno fue el s\u00ed a que el\u00a0 ayuntamiento pudiera ser intervenido, no dejaron que el gobierno pudiera aprobar un plan de ajuste viable, se lo cargaron y\u00a0 ellos deber\u00e1n responder\u00a0 ante los vecinos de Bu\u00f1ol. A sabiendas del da\u00f1o que pod\u00edan causar. El ansia de poder del PP ha provocado que no le importa hipotecar y desmembrar a la poblaci\u00f3n de Bu\u00f1ol con tal de da\u00f1ar la imagen de este gobierno. Si al final se llega a materializar la intervenci\u00f3n estatal de las cuentas municipales ellos ser\u00e1n los \u00fanicos responsables. Pero nunca ser\u00e1 por la gesti\u00f3n realizada por parte de este tripartito m\u00e1s unido y fuerte que nunca. Y con unas perspectivas m\u00e1s que positivas para los ciudadanos y ciudadanas de Bu\u00f1ol\u00bb, concluye el portavoz de UE.<\/p>\n","protected":false},"excerpt":{"rendered":"<div class=\"mh-excerpt\">Seg\u00fan inform\u00f3 este semanario en su edici\u00f3n impresa, el Coordinador Local de Esquerra Unida en Bu\u00f1ol y portavoz de esta formaci\u00f3n en el plenario, Rafael P\u00e9rez, ha contestado al an\u00e1lisis econ\u00f3mico realizado por el responsable <a class=\"mh-excerpt-more\" href=\"https:\/\/www.tucomarca.com\/wordpress\/segunda\/el-edil-bunolense-rafa-perez-eu-califica-de-%c2%abridiculo%c2%bb-y-%c2%abtorpe%c2%bb-el-analisis-de-la-situacion-economica-local-por-el-pp\/\" title=\"El edil bu\u00f1olense Rafa P\u00e9rez (EU) califica de \u00abrid\u00edculo\u00bb y \u00abtorpe\u00bb el an\u00e1lisis de la situaci\u00f3n econ\u00f3mica local realizada por el PP\">[+] <\/a><\/div>\n","protected":false},"author":2,"featured_media":0,"comment_status":"open","ping_status":"open","sticky":false,"template":"","format":"standard","meta":{"footnotes":""},"categories":[18,8,10,142,3],"tags":[263],"class_list":{"0":"post-2747","1":"post","2":"type-post","3":"status-publish","4":"format-standard","6":"category-bunol","7":"category-la-comarca","8":"category-la-hoya","9":"category-politica-la-comarca","10":"category-seccion","11":"tag-rafa"},"_links":{"self":[{"href":"https:\/\/www.tucomarca.com\/wordpress\/segunda\/wp-json\/wp\/v2\/posts\/2747","targetHints":{"allow":["GET"]}}],"collection":[{"href":"https:\/\/www.tucomarca.com\/wordpress\/segunda\/wp-json\/wp\/v2\/posts"}],"about":[{"href":"https:\/\/www.tucomarca.com\/wordpress\/segunda\/wp-json\/wp\/v2\/types\/post"}],"author":[{"embeddable":true,"href":"https:\/\/www.tucomarca.com\/wordpress\/segunda\/wp-json\/wp\/v2\/users\/2"}],"replies":[{"embeddable":true,"href":"https:\/\/www.tucomarca.com\/wordpress\/segunda\/wp-json\/wp\/v2\/comments?post=2747"}],"version-history":[{"count":0,"href":"https:\/\/www.tucomarca.com\/wordpress\/segunda\/wp-json\/wp\/v2\/posts\/2747\/revisions"}],"wp:attachment":[{"href":"https:\/\/www.tucomarca.com\/wordpress\/segunda\/wp-json\/wp\/v2\/media?parent=2747"}],"wp:term":[{"taxonomy":"category","embeddable":true,"href":"https:\/\/www.tucomarca.com\/wordpress\/segunda\/wp-json\/wp\/v2\/categories?post=2747"},{"taxonomy":"post_tag","embeddable":true,"href":"https:\/\/www.tucomarca.com\/wordpress\/segunda\/wp-json\/wp\/v2\/tags?post=2747"}],"curies":[{"name":"wp","href":"https:\/\/api.w.org\/{rel}","templated":true}]}}